{"id":6386,"date":"2018-07-13T13:03:01","date_gmt":"2018-07-13T12:03:01","guid":{"rendered":"http:\/\/bisbalpenedes.com\/web\/?p=6386"},"modified":"2018-09-18T11:54:29","modified_gmt":"2018-09-18T10:54:29","slug":"sobre-el-termini-per-demanar-les-subvencions-per-al-menjador-els-llibres-i-el-transport-escolar-escolar-per-al-curs-2018-2018","status":"publish","type":"post","link":"https:\/\/bisbalpenedes.com\/web\/2018\/07\/13\/sobre-el-termini-per-demanar-les-subvencions-per-al-menjador-els-llibres-i-el-transport-escolar-escolar-per-al-curs-2018-2018\/","title":{"rendered":"S&#8217;obre el termini per demanar les subvencions per al menjador, els llibres i el transport escolar escolar per al curs 2018-2018"},"content":{"rendered":"<p><span style=\"color: #000000;\">La Regidoria d&#8217;Educaci\u00f3 informa que s&#8217;ha obert el termini per demanar subvencions per al transport escolar del Consell Comarcal, els llibres de text i el menjador escolar de l&#8217;Escola Ull de Vent i la Llar d&#8217;Infants Municipal. El termini m\u00e0xim per presentar sol\u00b7licituds a l&#8217;Ajuntament ser\u00e0 el 30 de setembre de 2018, data en la qual \u00e9s indispensable que els sol\u00b7lcitants estiguin al corrent de pagament (no siguin deutors)\u00a0amb l&#8217;Ag\u00e8ncia Estatal de l&#8217;Administraci\u00f3 Tribut\u00e0ria, de la Tresoreria General de la Seguretat Social i de la Hisenda Municipal.<\/span><\/p>\n<p><span style=\"color: #000000;\"><strong>CIRCULAR DE LA REGIDORIA D&#8217;EDUCACI\u00d3:\u00a0<a style=\"color: #000000;\" href=\"http:\/\/bisbalpenedes.com\/web\/wp-content\/uploads\/2018\/07\/CIRCULAR-SUBVENCIONS-ESCOLARS-2018-2019.docx\">CIRCULAR SUBVENCIONS ESCOLARS &#8211; 2018-2019<\/a><\/strong><\/span><\/p>\n<p><span style=\"color: #000000;\">Us adjuntem les bases de la convocat\u00f2ria i el model de sol\u00b7licitud:<\/span><\/p>\n<p><span style=\"color: #000000;\"><strong>TRANSPORT ESCOLAR DEL CONSELL COMARCAL DEL BAIX PENED\u00c8S (Escola Ull de Vent)<\/strong><\/span><\/p>\n<p style=\"padding-left: 30px;\"><span style=\"color: #000000;\">Bases:\u00a0<a style=\"color: #000000;\" href=\"http:\/\/bisbalpenedes.com\/web\/wp-content\/uploads\/2018\/07\/Bases-Convocatoria-Subvencions-Transport-Escolar-2018-2019.pdf\">Bases Convocatoria Subvencions Transport Escolar &#8211; 2018-2019<\/a><\/span><\/p>\n<p style=\"padding-left: 30px;\"><span style=\"color: #000000;\">Model de Sol\u00b7licitud:\u00a0<a style=\"color: #000000;\" href=\"http:\/\/bisbalpenedes.com\/web\/wp-content\/uploads\/2018\/07\/FORMULARI-SUBVENCIONS-TRANSPORT-2018-2019.pdf\">FORMULARI SUBVENCIONS TRANSPORT 2018-2019<\/a><\/span><\/p>\n<p><span style=\"color: #000000;\"><strong>LLIBRES DE TEXT (Escola Ull de Vent i Institut Coster de la Torre)<\/strong><\/span><\/p>\n<p style=\"padding-left: 30px;\"><span style=\"color: #000000;\">Bases:\u00a0<a style=\"color: #000000;\" href=\"http:\/\/bisbalpenedes.com\/web\/wp-content\/uploads\/2018\/07\/Bases-Convocatoria-Subvencions-Llibres-Escolars-2018-2019.pdf\">Bases Convocatoria Subvencions Llibres Escolars &#8211; 2018-2019<\/a><\/span><\/p>\n<p style=\"padding-left: 30px;\"><span style=\"color: #000000;\">Model de Sol\u00b7licitud:\u00a0<a style=\"color: #000000;\" href=\"http:\/\/bisbalpenedes.com\/web\/wp-content\/uploads\/2018\/07\/FORMULARI-SUBVENCIONS-LLIBRES-2018-2019.pdf\">FORMULARI SUBVENCIONS LLIBRES 2018-2019<\/a><\/span><\/p>\n<p><span style=\"color: #000000;\"><strong>MENJADOR ESCOLAR (Escola Ull de Vent i Llar d&#8217;Infants l&#8217;Oreneta)<\/strong><\/span><\/p>\n<p style=\"padding-left: 30px;\"><span style=\"color: #000000;\">Bases:\u00a0<a style=\"color: #000000;\" href=\"http:\/\/bisbalpenedes.com\/web\/wp-content\/uploads\/2018\/07\/Bases-Convocatoria-Subvencions-Menjador-Escolar-2018-2019.pdf\">Bases Convocatoria Subvencions Menjador Escolar &#8211; 2018-2019<\/a><\/span><\/p>\n<p style=\"padding-left: 30px;\"><span style=\"color: #000000;\">Model de Sol\u00b7licitud:\u00a0<a style=\"color: #000000;\" href=\"http:\/\/bisbalpenedes.com\/web\/wp-content\/uploads\/2018\/07\/FORMULARI-SUBVENCIONS-MENJADOR-2018-2019.pdf\">FORMULARI SUBVENCIONS MENJADOR 2018-2019<\/a><\/span><\/p>\n<p><span style=\"color: #000000;\">Les Regidories d&#8217;Educaci\u00f3 i Serveis Socials recomanen que els alumnes contemplats a Serveis Socials, m\u00e9s enll\u00e0 de la possibilitat de demanar les subvencions per a fam\u00edlies desafavorides en una pr\u00f2xima convocat\u00f2ria, sol\u00b7licitin tamb\u00e9 les subvencions lineals per a llibres,\u00a0transport escolar i menjador per estudiar de forma detallada cada cas concret i mirar d&#8217;oferir la millor resposta a cada situaci\u00f3.<\/span><\/p>\n<p><span style=\"color: #000000;\">Per a qualsevol dubte relacionada amb aquestes subvencions us podeu adre\u00e7ar a la Regidoria d&#8217;Educaci\u00f3.<\/span><\/p>\n<hr \/>\n<p><span style=\"color: #000000;\"><strong>CASTELLANO<\/strong> | La Regidoria d&#8217;Educaci\u00f3 informa que se ha abierto el plazo para solicitar subvenciones para el transporte escolar del Consell Comarcal, los libros de texto y el comedor escolar de la Escola Ull de Vent y la Llar d&#8217;Infants Municipal. La fecha m\u00e1xima para presentar solicitudes al Ayuntamiento ser\u00e1 el 30 de septiembre del 2018 fecha en la cual los solicitantes deber\u00e1n estar al corriente de pago (no ser deudores) con la Agencia Estatal de la Administraci\u00f3n Tributaria, la Tesorer\u00eda General de la Seguridad Social y la Hacienda Municipal.<\/span><\/p>\n<p><span style=\"color: #000000;\"><strong>CIRCULAR DE LA REGIDORIA D&#8217;EDUCACI\u00d3:\u00a0<a style=\"color: #000000;\" href=\"http:\/\/bisbalpenedes.com\/web\/wp-content\/uploads\/2018\/07\/CIRCULAR-SUBVENCIONS-ESCOLARS-2018-2019.docx\">CIRCULAR SUBVENCIONS ESCOLARS &#8211; 2018-2019<\/a><\/strong><\/span><\/p>\n<p><span style=\"color: #000000;\">Os adjuntamos las bases de la convocatoria y el modelo de solicitud:<\/span><\/p>\n<p><span style=\"color: #000000;\"><strong>TRANSPORTE ESCOLAR DEL CONSELL COMARCAL DEL BAIX PENED\u00c8S (Escola Ull de Vent)<\/strong><\/span><\/p>\n<p style=\"padding-left: 30px;\"><span style=\"color: #000000;\">Bases:\u00a0<a style=\"color: #000000;\" href=\"http:\/\/bisbalpenedes.com\/web\/wp-content\/uploads\/2018\/07\/Bases-Convocatoria-Subvencions-Transport-Escolar-2018-2019.pdf\">Bases Convocatoria Subvencions Transport Escolar &#8211; 2018-2019<\/a><\/span><\/p>\n<p style=\"padding-left: 30px;\"><span style=\"color: #000000;\">Modelo de Solicitud:<a style=\"color: #000000;\" href=\"http:\/\/bisbalpenedes.com\/web\/wp-content\/uploads\/2018\/07\/FORMULARI-SUBVENCIONS-TRANSPORT-2018-2019.pdf\">FORMULARI SUBVENCIONS TRANSPORT 2018-2019<\/a><\/span><\/p>\n<p><span style=\"color: #000000;\"><strong>LIBROS DE TEXTO (Escola Ull de Vent e Instituto Coster de la Torre)<\/strong><\/span><\/p>\n<p style=\"padding-left: 30px;\"><span style=\"color: #000000;\">Bases:\u00a0<a style=\"color: #000000;\" href=\"http:\/\/bisbalpenedes.com\/web\/wp-content\/uploads\/2018\/07\/Bases-Convocatoria-Subvencions-Llibres-Escolars-2018-2019.pdf\">Bases Convocatoria Subvencions Llibres Escolars &#8211; 2018-2019<\/a><\/span><\/p>\n<p style=\"padding-left: 30px;\"><span style=\"color: #000000;\">Modelo de Solicitud:\u00a0<a style=\"color: #000000;\" href=\"http:\/\/bisbalpenedes.com\/web\/wp-content\/uploads\/2018\/07\/FORMULARI-SUBVENCIONS-LLIBRES-2018-2019.pdf\">FORMULARI SUBVENCIONS LLIBRES 2018-2019<\/a><\/span><\/p>\n<p><span style=\"color: #000000;\"><strong>COMEDOR\u00a0ESCOLAR (Escola Ull de Vent i Llar d&#8217;Infants l&#8217;Oreneta)<\/strong><\/span><\/p>\n<p style=\"padding-left: 30px;\"><span style=\"color: #000000;\">Bases:\u00a0<a style=\"color: #000000;\" href=\"http:\/\/bisbalpenedes.com\/web\/wp-content\/uploads\/2018\/07\/Bases-Convocatoria-Subvencions-Menjador-Escolar-2018-2019.pdf\">Bases Convocatoria Subvencions Menjador Escolar &#8211; 2018-2019<\/a><\/span><\/p>\n<p style=\"padding-left: 30px;\"><span style=\"color: #000000;\">Modelo de Solicitud:\u00a0<a style=\"color: #000000;\" href=\"http:\/\/bisbalpenedes.com\/web\/wp-content\/uploads\/2018\/07\/FORMULARI-SUBVENCIONS-MENJADOR-2018-2019.pdf\">FORMULARI SUBVENCIONS MENJADOR 2018-2019<\/a><\/span><\/p>\n<p><span style=\"color: #000000;\">Las Regidories de Educaci\u00f3 y Serveis Socials recomiendan que los alumnos contemplados en Serveis Socials, m\u00e1s all\u00e1 de la posibilidad de pedir las subvenciones para familias desfavorecidas en una pr\u00f3xima convocatoria, soliciten tambi\u00e9n las subvenciones lineales para libros, transporte escolar y comedor para estudiar de forma detallada cada caso concreto y poder ofrecer la mejor respuesta a cada situaci\u00f3n.<\/span><\/p>\n<p><span style=\"color: #000000;\">Para cualquier duda relacionada con estas subvenciones os pod\u00e9is dirigir a la Regidoria d&#8217;Educaci\u00f3.<\/span><\/p>\n","protected":false},"excerpt":{"rendered":"<p>La Regidoria d&#8217;Educaci\u00f3 informa que s&#8217;ha obert el termini per demanar subvencions per al transport escolar del Consell Comarcal, els llibres de text i el menjador escolar de l&#8217;Escola Ull &hellip; <a href=\"https:\/\/bisbalpenedes.com\/web\/2018\/07\/13\/sobre-el-termini-per-demanar-les-subvencions-per-al-menjador-els-llibres-i-el-transport-escolar-escolar-per-al-curs-2018-2018\/\" class=\"more-link\">Read More<\/a><\/p>\n","protected":false},"author":4,"featured_media":4174,"comment_status":"closed","ping_status":"closed","sticky":false,"template":"","format":"standard","meta":[],"categories":[16,8],"tags":[2086,274,2088,65,566,2087,272,1999,113,102,356,2085],"_links":{"self":[{"href":"https:\/\/bisbalpenedes.com\/web\/wp-json\/wp\/v2\/posts\/6386"}],"collection":[{"href":"https:\/\/bisbalpenedes.com\/web\/wp-json\/wp\/v2\/posts"}],"about":[{"href":"https:\/\/bisbalpenedes.com\/web\/wp-json\/wp\/v2\/types\/post"}],"author":[{"embeddable":true,"href":"https:\/\/bisbalpenedes.com\/web\/wp-json\/wp\/v2\/users\/4"}],"replies":[{"embeddable":true,"href":"https:\/\/bisbalpenedes.com\/web\/wp-json\/wp\/v2\/comments?post=6386"}],"version-history":[{"count":12,"href":"https:\/\/bisbalpenedes.com\/web\/wp-json\/wp\/v2\/posts\/6386\/revisions"}],"predecessor-version":[{"id":7037,"href":"https:\/\/bisbalpenedes.com\/web\/wp-json\/wp\/v2\/posts\/6386\/revisions\/7037"}],"wp:featuredmedia":[{"embeddable":true,"href":"https:\/\/bisbalpenedes.com\/web\/wp-json\/wp\/v2\/media\/4174"}],"wp:attachment":[{"href":"https:\/\/bisbalpenedes.com\/web\/wp-json\/wp\/v2\/media?parent=6386"}],"wp:term":[{"taxonomy":"category","embeddable":true,"href":"https:\/\/bisbalpenedes.com\/web\/wp-json\/wp\/v2\/categories?post=6386"},{"taxonomy":"post_tag","embeddable":true,"href":"https:\/\/bisbalpenedes.com\/web\/wp-json\/wp\/v2\/tags?post=6386"}],"curies":[{"name":"wp","href":"https:\/\/api.w.org\/{rel}","templated":true}]}}