{"id":6378,"date":"2018-07-12T11:25:57","date_gmt":"2018-07-12T10:25:57","guid":{"rendered":"http:\/\/bisbalpenedes.com\/web\/?p=6378"},"modified":"2018-07-12T11:30:34","modified_gmt":"2018-07-12T10:30:34","slug":"quatre-alumnes-bisbalencs-han-rebut-el-premi-al-merit-escolar-aquest-dimecres-11-de-juliol","status":"publish","type":"post","link":"https:\/\/bisbalpenedes.com\/web\/2018\/07\/12\/quatre-alumnes-bisbalencs-han-rebut-el-premi-al-merit-escolar-aquest-dimecres-11-de-juliol\/","title":{"rendered":"Quatre alumnes bisbalencs han rebut el Premi al M\u00e8rit Escolar aquest dimecres 11 de juliol"},"content":{"rendered":"<p><a href=\"http:\/\/bisbalpenedes.com\/web\/wp-content\/uploads\/2018\/07\/IMG_9003.jpg\"><img loading=\"lazy\" class=\"aligncenter size-large wp-image-6379\" src=\"http:\/\/bisbalpenedes.com\/web\/wp-content\/uploads\/2018\/07\/IMG_9003-1024x683.jpg\" alt=\"MERIT ESCOLAR 2018\" width=\"630\" height=\"420\" srcset=\"https:\/\/bisbalpenedes.com\/web\/wp-content\/uploads\/2018\/07\/IMG_9003-1024x683.jpg 1024w, https:\/\/bisbalpenedes.com\/web\/wp-content\/uploads\/2018\/07\/IMG_9003-600x400.jpg 600w, https:\/\/bisbalpenedes.com\/web\/wp-content\/uploads\/2018\/07\/IMG_9003-300x200.jpg 300w, https:\/\/bisbalpenedes.com\/web\/wp-content\/uploads\/2018\/07\/IMG_9003-768x512.jpg 768w\" sizes=\"(max-width: 630px) 100vw, 630px\" \/><\/a><\/p>\n<p>La Regidoria d\u2019Educaci\u00f3 ha entregat, aquest dimecres, els premis al m\u00e8rit escolar. Aquests reconeixements s\u2019entreguen a aquells alumnes que hagin tingut les millors puntuacions num\u00e8riques a les seves notes del curs.<\/p>\n<p><span style=\"color: #000000;\">Enguany han rebut el premi els seg\u00fcents estudiants:<\/span><\/p>\n<p style=\"padding-left: 30px;\"><span style=\"color: #000000;\">-6\u00e8 de prim\u00e0ria: Laia Herv\u00e0s i Jordi Garcia\u00a0<\/span><\/p>\n<p style=\"padding-left: 30px;\"><span style=\"color: #000000;\">-4t d\u2019ESO: Alba Alf\u00e9rez\u00a0<\/span><\/p>\n<p style=\"padding-left: 30px;\"><span style=\"color: #000000;\">-2n de BAT: Erik Sol\u00e9\u00a0<\/span><\/p>\n<p><span style=\"color: #000000;\">Els estudiants de 6\u00e8 de prim\u00e0ria han rebut un diploma i un tel\u00e8fon m\u00f2bil i els de 4t d\u2019ESO i 2n de BAT un ordinador port\u00e0til.<\/span><\/p>\n<p><span style=\"color: #000000;\">La Regidora d\u2019Educaci\u00f3, Maguy Antol\u00edn, ha explicat que fa tres anys que es convoquen aquests premis des de la regidoria amb la intenci\u00f3 de posar en valor l\u2019esfor\u00e7 que els alumnes fan durant tot el curs escolar.<\/span><\/p>\n<p>&nbsp;<\/p>\n<p><span style=\"color: #000000;\"><strong>CASTELLANO<\/strong> | La Regidoria d\u2019Educaci\u00f3 ha entregado, este mi\u00e9rcoles, los premios al m\u00e9rito escolar. Estos reconocimientos se entregan a aquellos alumnos que hayan tenido las mejores puntuaciones num\u00e9ricas en sus notas del curso.<\/span><\/p>\n<p><span style=\"color: #000000;\">Este a\u00f1o han recibido el premio los siguientes estudiantes:<\/span><\/p>\n<p style=\"padding-left: 30px;\"><span style=\"color: #000000;\">-6\u00ba de primaria: Laia Herv\u00e0s y Jordi Garcia<\/span><\/p>\n<p style=\"padding-left: 30px;\"><span style=\"color: #000000;\">-4\u00ba de ESO: Alba Alf\u00e9rez<\/span><\/p>\n<p style=\"padding-left: 30px;\"><span style=\"color: #000000;\">-2\u00ba de BAT: Erik Sol\u00e9<\/span><\/p>\n<p><span style=\"color: #000000;\">Los estudiantes de 6\u00ba de primaria han recibido un diploma y un tel\u00e9fono m\u00f3vil y los de 4\u00ba de ESO y 2\u00ba de BAT un ordenador port\u00e1til.<\/span><\/p>\n<p><span style=\"color: #000000;\">La Regidora de Educaci\u00f3, Maguy Antol\u00edn, ha explicado que hace tres a\u00f1os que se convocan estos premios desde la regidoria con la intenci\u00f3n de poner en valor el esfuerzo que los alumnos hacen durante todo el curso escolar.<\/span><\/p>\n","protected":false},"excerpt":{"rendered":"<p>La Regidoria d\u2019Educaci\u00f3 ha entregat, aquest dimecres, els premis al m\u00e8rit escolar. Aquests reconeixements s\u2019entreguen a aquells alumnes que hagin tingut les millors puntuacions num\u00e8riques a les seves notes del &hellip; <a href=\"https:\/\/bisbalpenedes.com\/web\/2018\/07\/12\/quatre-alumnes-bisbalencs-han-rebut-el-premi-al-merit-escolar-aquest-dimecres-11-de-juliol\/\" class=\"more-link\">Read More<\/a><\/p>\n","protected":false},"author":4,"featured_media":6379,"comment_status":"closed","ping_status":"closed","sticky":false,"template":"","format":"standard","meta":[],"categories":[16],"tags":[2081,2080,2079,2082,65,566,2078,178],"_links":{"self":[{"href":"https:\/\/bisbalpenedes.com\/web\/wp-json\/wp\/v2\/posts\/6378"}],"collection":[{"href":"https:\/\/bisbalpenedes.com\/web\/wp-json\/wp\/v2\/posts"}],"about":[{"href":"https:\/\/bisbalpenedes.com\/web\/wp-json\/wp\/v2\/types\/post"}],"author":[{"embeddable":true,"href":"https:\/\/bisbalpenedes.com\/web\/wp-json\/wp\/v2\/users\/4"}],"replies":[{"embeddable":true,"href":"https:\/\/bisbalpenedes.com\/web\/wp-json\/wp\/v2\/comments?post=6378"}],"version-history":[{"count":2,"href":"https:\/\/bisbalpenedes.com\/web\/wp-json\/wp\/v2\/posts\/6378\/revisions"}],"predecessor-version":[{"id":6381,"href":"https:\/\/bisbalpenedes.com\/web\/wp-json\/wp\/v2\/posts\/6378\/revisions\/6381"}],"wp:featuredmedia":[{"embeddable":true,"href":"https:\/\/bisbalpenedes.com\/web\/wp-json\/wp\/v2\/media\/6379"}],"wp:attachment":[{"href":"https:\/\/bisbalpenedes.com\/web\/wp-json\/wp\/v2\/media?parent=6378"}],"wp:term":[{"taxonomy":"category","embeddable":true,"href":"https:\/\/bisbalpenedes.com\/web\/wp-json\/wp\/v2\/categories?post=6378"},{"taxonomy":"post_tag","embeddable":true,"href":"https:\/\/bisbalpenedes.com\/web\/wp-json\/wp\/v2\/tags?post=6378"}],"curies":[{"name":"wp","href":"https:\/\/api.w.org\/{rel}","templated":true}]}}