{"id":6361,"date":"2018-07-11T15:08:16","date_gmt":"2018-07-11T14:08:16","guid":{"rendered":"http:\/\/bisbalpenedes.com\/web\/?p=6361"},"modified":"2018-07-11T15:08:38","modified_gmt":"2018-07-11T14:08:38","slug":"els-treballs-per-a-la-creacio-del-parc-desbarjo-del-priorat-de-la-bisbal-estan-molt-avancats","status":"publish","type":"post","link":"https:\/\/bisbalpenedes.com\/web\/2018\/07\/11\/els-treballs-per-a-la-creacio-del-parc-desbarjo-del-priorat-de-la-bisbal-estan-molt-avancats\/","title":{"rendered":"Els treballs per a la creaci\u00f3 del Parc d&#8217;esbarjo del Priorat de la Bisbal estan molt avan\u00e7ats"},"content":{"rendered":"<div class=\"\" data-block=\"true\" data-editor=\"3tetv\" data-offset-key=\"15vgt-0-0\">\n<div class=\"_1mf _1mj\" data-offset-key=\"15vgt-0-0\">\n<div id='gallery-1' class='gallery galleryid-6361 gallery-columns-5 gallery-size-thumbnail'><figure class='gallery-item'>\n\t\t\t<div class='gallery-icon landscape'>\n\t\t\t\t<a href='https:\/\/bisbalpenedes.com\/web\/2018\/07\/11\/els-treballs-per-a-la-creacio-del-parc-desbarjo-del-priorat-de-la-bisbal-estan-molt-avancats\/foto-11-7-18-11-45-06\/'><img width=\"150\" height=\"150\" src=\"https:\/\/bisbalpenedes.com\/web\/wp-content\/uploads\/2018\/07\/Foto-11-7-18-11-45-06-150x150.jpg\" class=\"attachment-thumbnail size-thumbnail\" alt=\"\" loading=\"lazy\" srcset=\"https:\/\/bisbalpenedes.com\/web\/wp-content\/uploads\/2018\/07\/Foto-11-7-18-11-45-06-150x150.jpg 150w, https:\/\/bisbalpenedes.com\/web\/wp-content\/uploads\/2018\/07\/Foto-11-7-18-11-45-06-300x300.jpg 300w, https:\/\/bisbalpenedes.com\/web\/wp-content\/uploads\/2018\/07\/Foto-11-7-18-11-45-06-100x100.jpg 100w\" sizes=\"(max-width: 150px) 100vw, 150px\" \/><\/a>\n\t\t\t<\/div><\/figure><figure class='gallery-item'>\n\t\t\t<div class='gallery-icon landscape'>\n\t\t\t\t<a href='https:\/\/bisbalpenedes.com\/web\/2018\/07\/11\/els-treballs-per-a-la-creacio-del-parc-desbarjo-del-priorat-de-la-bisbal-estan-molt-avancats\/foto-11-7-18-11-45-05\/'><img width=\"150\" height=\"150\" src=\"https:\/\/bisbalpenedes.com\/web\/wp-content\/uploads\/2018\/07\/Foto-11-7-18-11-45-05-150x150.jpg\" class=\"attachment-thumbnail size-thumbnail\" alt=\"\" loading=\"lazy\" srcset=\"https:\/\/bisbalpenedes.com\/web\/wp-content\/uploads\/2018\/07\/Foto-11-7-18-11-45-05-150x150.jpg 150w, https:\/\/bisbalpenedes.com\/web\/wp-content\/uploads\/2018\/07\/Foto-11-7-18-11-45-05-300x300.jpg 300w, https:\/\/bisbalpenedes.com\/web\/wp-content\/uploads\/2018\/07\/Foto-11-7-18-11-45-05-100x100.jpg 100w\" sizes=\"(max-width: 150px) 100vw, 150px\" \/><\/a>\n\t\t\t<\/div><\/figure><figure class='gallery-item'>\n\t\t\t<div class='gallery-icon landscape'>\n\t\t\t\t<a href='https:\/\/bisbalpenedes.com\/web\/2018\/07\/11\/els-treballs-per-a-la-creacio-del-parc-desbarjo-del-priorat-de-la-bisbal-estan-molt-avancats\/foto-11-7-18-11-45-31\/'><img width=\"150\" height=\"150\" src=\"https:\/\/bisbalpenedes.com\/web\/wp-content\/uploads\/2018\/07\/Foto-11-7-18-11-45-31-150x150.jpg\" class=\"attachment-thumbnail size-thumbnail\" alt=\"\" loading=\"lazy\" srcset=\"https:\/\/bisbalpenedes.com\/web\/wp-content\/uploads\/2018\/07\/Foto-11-7-18-11-45-31-150x150.jpg 150w, https:\/\/bisbalpenedes.com\/web\/wp-content\/uploads\/2018\/07\/Foto-11-7-18-11-45-31-300x300.jpg 300w, https:\/\/bisbalpenedes.com\/web\/wp-content\/uploads\/2018\/07\/Foto-11-7-18-11-45-31-100x100.jpg 100w\" sizes=\"(max-width: 150px) 100vw, 150px\" \/><\/a>\n\t\t\t<\/div><\/figure><figure class='gallery-item'>\n\t\t\t<div class='gallery-icon landscape'>\n\t\t\t\t<a href='https:\/\/bisbalpenedes.com\/web\/2018\/07\/11\/els-treballs-per-a-la-creacio-del-parc-desbarjo-del-priorat-de-la-bisbal-estan-molt-avancats\/foto-11-7-18-11-45-22\/'><img width=\"150\" height=\"150\" src=\"https:\/\/bisbalpenedes.com\/web\/wp-content\/uploads\/2018\/07\/Foto-11-7-18-11-45-22-150x150.jpg\" class=\"attachment-thumbnail size-thumbnail\" alt=\"PARC ESBARJO PRIORAT 7\" loading=\"lazy\" srcset=\"https:\/\/bisbalpenedes.com\/web\/wp-content\/uploads\/2018\/07\/Foto-11-7-18-11-45-22-150x150.jpg 150w, https:\/\/bisbalpenedes.com\/web\/wp-content\/uploads\/2018\/07\/Foto-11-7-18-11-45-22-300x300.jpg 300w, https:\/\/bisbalpenedes.com\/web\/wp-content\/uploads\/2018\/07\/Foto-11-7-18-11-45-22-100x100.jpg 100w\" sizes=\"(max-width: 150px) 100vw, 150px\" \/><\/a>\n\t\t\t<\/div><\/figure><figure class='gallery-item'>\n\t\t\t<div class='gallery-icon landscape'>\n\t\t\t\t<a href='https:\/\/bisbalpenedes.com\/web\/2018\/07\/11\/els-treballs-per-a-la-creacio-del-parc-desbarjo-del-priorat-de-la-bisbal-estan-molt-avancats\/foto-11-7-18-11-45-14-1\/'><img width=\"150\" height=\"150\" src=\"https:\/\/bisbalpenedes.com\/web\/wp-content\/uploads\/2018\/07\/Foto-11-7-18-11-45-14-1-150x150.jpg\" class=\"attachment-thumbnail size-thumbnail\" alt=\"\" loading=\"lazy\" srcset=\"https:\/\/bisbalpenedes.com\/web\/wp-content\/uploads\/2018\/07\/Foto-11-7-18-11-45-14-1-150x150.jpg 150w, https:\/\/bisbalpenedes.com\/web\/wp-content\/uploads\/2018\/07\/Foto-11-7-18-11-45-14-1-300x300.jpg 300w, https:\/\/bisbalpenedes.com\/web\/wp-content\/uploads\/2018\/07\/Foto-11-7-18-11-45-14-1-100x100.jpg 100w\" sizes=\"(max-width: 150px) 100vw, 150px\" \/><\/a>\n\t\t\t<\/div><\/figure><figure class='gallery-item'>\n\t\t\t<div class='gallery-icon landscape'>\n\t\t\t\t<a href='https:\/\/bisbalpenedes.com\/web\/2018\/07\/11\/els-treballs-per-a-la-creacio-del-parc-desbarjo-del-priorat-de-la-bisbal-estan-molt-avancats\/foto-11-7-18-11-45-19\/'><img width=\"150\" height=\"150\" src=\"https:\/\/bisbalpenedes.com\/web\/wp-content\/uploads\/2018\/07\/Foto-11-7-18-11-45-19-150x150.jpg\" class=\"attachment-thumbnail size-thumbnail\" alt=\"\" loading=\"lazy\" srcset=\"https:\/\/bisbalpenedes.com\/web\/wp-content\/uploads\/2018\/07\/Foto-11-7-18-11-45-19-150x150.jpg 150w, https:\/\/bisbalpenedes.com\/web\/wp-content\/uploads\/2018\/07\/Foto-11-7-18-11-45-19-300x300.jpg 300w, https:\/\/bisbalpenedes.com\/web\/wp-content\/uploads\/2018\/07\/Foto-11-7-18-11-45-19-100x100.jpg 100w\" sizes=\"(max-width: 150px) 100vw, 150px\" \/><\/a>\n\t\t\t<\/div><\/figure><figure class='gallery-item'>\n\t\t\t<div class='gallery-icon landscape'>\n\t\t\t\t<a href='https:\/\/bisbalpenedes.com\/web\/2018\/07\/11\/els-treballs-per-a-la-creacio-del-parc-desbarjo-del-priorat-de-la-bisbal-estan-molt-avancats\/foto-11-7-18-11-45-23\/'><img width=\"150\" height=\"150\" src=\"https:\/\/bisbalpenedes.com\/web\/wp-content\/uploads\/2018\/07\/Foto-11-7-18-11-45-23-150x150.jpg\" class=\"attachment-thumbnail size-thumbnail\" alt=\"\" loading=\"lazy\" srcset=\"https:\/\/bisbalpenedes.com\/web\/wp-content\/uploads\/2018\/07\/Foto-11-7-18-11-45-23-150x150.jpg 150w, https:\/\/bisbalpenedes.com\/web\/wp-content\/uploads\/2018\/07\/Foto-11-7-18-11-45-23-300x300.jpg 300w, https:\/\/bisbalpenedes.com\/web\/wp-content\/uploads\/2018\/07\/Foto-11-7-18-11-45-23-100x100.jpg 100w\" sizes=\"(max-width: 150px) 100vw, 150px\" \/><\/a>\n\t\t\t<\/div><\/figure><figure class='gallery-item'>\n\t\t\t<div class='gallery-icon landscape'>\n\t\t\t\t<a href='https:\/\/bisbalpenedes.com\/web\/2018\/07\/11\/els-treballs-per-a-la-creacio-del-parc-desbarjo-del-priorat-de-la-bisbal-estan-molt-avancats\/foto-11-7-18-11-45-08\/'><img width=\"150\" height=\"150\" src=\"https:\/\/bisbalpenedes.com\/web\/wp-content\/uploads\/2018\/07\/Foto-11-7-18-11-45-08-150x150.jpg\" class=\"attachment-thumbnail size-thumbnail\" alt=\"\" loading=\"lazy\" srcset=\"https:\/\/bisbalpenedes.com\/web\/wp-content\/uploads\/2018\/07\/Foto-11-7-18-11-45-08-150x150.jpg 150w, https:\/\/bisbalpenedes.com\/web\/wp-content\/uploads\/2018\/07\/Foto-11-7-18-11-45-08-300x300.jpg 300w, https:\/\/bisbalpenedes.com\/web\/wp-content\/uploads\/2018\/07\/Foto-11-7-18-11-45-08-100x100.jpg 100w\" sizes=\"(max-width: 150px) 100vw, 150px\" \/><\/a>\n\t\t\t<\/div><\/figure><figure class='gallery-item'>\n\t\t\t<div class='gallery-icon landscape'>\n\t\t\t\t<a href='https:\/\/bisbalpenedes.com\/web\/2018\/07\/11\/els-treballs-per-a-la-creacio-del-parc-desbarjo-del-priorat-de-la-bisbal-estan-molt-avancats\/foto-11-7-18-11-45-24\/'><img width=\"150\" height=\"150\" src=\"https:\/\/bisbalpenedes.com\/web\/wp-content\/uploads\/2018\/07\/Foto-11-7-18-11-45-24-150x150.jpg\" class=\"attachment-thumbnail size-thumbnail\" alt=\"\" loading=\"lazy\" srcset=\"https:\/\/bisbalpenedes.com\/web\/wp-content\/uploads\/2018\/07\/Foto-11-7-18-11-45-24-150x150.jpg 150w, https:\/\/bisbalpenedes.com\/web\/wp-content\/uploads\/2018\/07\/Foto-11-7-18-11-45-24-300x300.jpg 300w, https:\/\/bisbalpenedes.com\/web\/wp-content\/uploads\/2018\/07\/Foto-11-7-18-11-45-24-100x100.jpg 100w\" sizes=\"(max-width: 150px) 100vw, 150px\" \/><\/a>\n\t\t\t<\/div><\/figure><figure class='gallery-item'>\n\t\t\t<div class='gallery-icon landscape'>\n\t\t\t\t<a href='https:\/\/bisbalpenedes.com\/web\/2018\/07\/11\/els-treballs-per-a-la-creacio-del-parc-desbarjo-del-priorat-de-la-bisbal-estan-molt-avancats\/foto-11-7-18-11-45-14\/'><img width=\"150\" height=\"150\" src=\"https:\/\/bisbalpenedes.com\/web\/wp-content\/uploads\/2018\/07\/Foto-11-7-18-11-45-14-150x150.jpg\" class=\"attachment-thumbnail size-thumbnail\" alt=\"\" loading=\"lazy\" srcset=\"https:\/\/bisbalpenedes.com\/web\/wp-content\/uploads\/2018\/07\/Foto-11-7-18-11-45-14-150x150.jpg 150w, https:\/\/bisbalpenedes.com\/web\/wp-content\/uploads\/2018\/07\/Foto-11-7-18-11-45-14-300x300.jpg 300w, https:\/\/bisbalpenedes.com\/web\/wp-content\/uploads\/2018\/07\/Foto-11-7-18-11-45-14-100x100.jpg 100w\" sizes=\"(max-width: 150px) 100vw, 150px\" \/><\/a>\n\t\t\t<\/div><\/figure>\n\t\t<\/div>\n\n<\/div>\n<div class=\"_1mf _1mj\" data-offset-key=\"15vgt-0-0\"><span style=\"color: #000000;\">Les regidories de Medi Ambient i Territori continuen amb els treballs de la part del darrere del Local Social \u2018Els Quatre Vents\u2019 del Priorat de la Bisbal amb la finalitat de convertir la zona en un parc d\u2019esbarjo, per fer activitat f\u00edsica o passejar. Aquests dies s&#8217;est\u00e0 treballant en la confecci\u00f3 dels camins i, quan es finalitzin aquests treballs, s&#8217;hi instal\u00b7laran\u00a0barbacoes i aparells per fer esport, dues propostes que van fer els ve\u00efns de la zona que van partici<span class=\"text_exposed_show\">par en els Pressupostos Participatius.<\/span><\/span><\/div>\n<div class=\"_1mf _1mj\" data-offset-key=\"15vgt-0-0\">\n<hr \/>\n<\/div>\n<\/div>\n<div class=\"\" data-block=\"true\" data-editor=\"3tetv\" data-offset-key=\"1hpde-0-0\"><span style=\"color: #000000;\">\u00a0<\/span><\/div>\n<div class=\"\" data-block=\"true\" data-editor=\"3tetv\" data-offset-key=\"92lvr-0-0\">\n<div class=\"_1mf _1mj\" data-offset-key=\"92lvr-0-0\"><span style=\"color: #000000;\"><b>CASTELLANO\u00a0<\/b>| Las concejal\u00edas de Medi Ambient y Territori contin\u00faan con los trabajos de la parte de detr\u00e1s del Local Social \u2018Els Quatre Vents\u2019 del Priorat de la Bisbal con la finalidad de convertir la zona en un parque de recreo, para hacer actividad f\u00edsica o pasear.\u00a0Estos d\u00edas se est\u00e1 trabajando en la confecci\u00f3n de los caminos y, cuando finalicen estos trabajos, se instalar\u00e1n\u00a0barbacoas y aparatos para hacer deporte, dos propuestas que hicieron los vecinos de la zona que participaron en los\u00a0Presupuestos Participativos.<\/span><\/div>\n<\/div>\n","protected":false},"excerpt":{"rendered":"<p>Les regidories de Medi Ambient i Territori continuen amb els treballs de la part del darrere del Local Social \u2018Els Quatre Vents\u2019 del Priorat de la Bisbal amb la finalitat &hellip; <a href=\"https:\/\/bisbalpenedes.com\/web\/2018\/07\/11\/els-treballs-per-a-la-creacio-del-parc-desbarjo-del-priorat-de-la-bisbal-estan-molt-avancats\/\" class=\"more-link\">Read More<\/a><\/p>\n","protected":false},"author":4,"featured_media":6366,"comment_status":"closed","ping_status":"closed","sticky":false,"template":"","format":"standard","meta":[],"categories":[32,1377],"tags":[306,230,121,853,1487,734,83,144,520],"_links":{"self":[{"href":"https:\/\/bisbalpenedes.com\/web\/wp-json\/wp\/v2\/posts\/6361"}],"collection":[{"href":"https:\/\/bisbalpenedes.com\/web\/wp-json\/wp\/v2\/posts"}],"about":[{"href":"https:\/\/bisbalpenedes.com\/web\/wp-json\/wp\/v2\/types\/post"}],"author":[{"embeddable":true,"href":"https:\/\/bisbalpenedes.com\/web\/wp-json\/wp\/v2\/users\/4"}],"replies":[{"embeddable":true,"href":"https:\/\/bisbalpenedes.com\/web\/wp-json\/wp\/v2\/comments?post=6361"}],"version-history":[{"count":2,"href":"https:\/\/bisbalpenedes.com\/web\/wp-json\/wp\/v2\/posts\/6361\/revisions"}],"predecessor-version":[{"id":6373,"href":"https:\/\/bisbalpenedes.com\/web\/wp-json\/wp\/v2\/posts\/6361\/revisions\/6373"}],"wp:featuredmedia":[{"embeddable":true,"href":"https:\/\/bisbalpenedes.com\/web\/wp-json\/wp\/v2\/media\/6366"}],"wp:attachment":[{"href":"https:\/\/bisbalpenedes.com\/web\/wp-json\/wp\/v2\/media?parent=6361"}],"wp:term":[{"taxonomy":"category","embeddable":true,"href":"https:\/\/bisbalpenedes.com\/web\/wp-json\/wp\/v2\/categories?post=6361"},{"taxonomy":"post_tag","embeddable":true,"href":"https:\/\/bisbalpenedes.com\/web\/wp-json\/wp\/v2\/tags?post=6361"}],"curies":[{"name":"wp","href":"https:\/\/api.w.org\/{rel}","templated":true}]}}