{"id":6342,"date":"2018-07-10T13:57:36","date_gmt":"2018-07-10T12:57:36","guid":{"rendered":"http:\/\/bisbalpenedes.com\/web\/?p=6342"},"modified":"2018-07-10T18:57:10","modified_gmt":"2018-07-10T17:57:10","slug":"joventut-bisbalenca-cf-ha-rebut-el-premi-comarcal-desports-dels-premis-2018-vips-calafell","status":"publish","type":"post","link":"https:\/\/bisbalpenedes.com\/web\/2018\/07\/10\/joventut-bisbalenca-cf-ha-rebut-el-premi-comarcal-desports-dels-premis-2018-vips-calafell\/","title":{"rendered":"La Joventut Bisbalenca CF ha rebut el premi comarcal d\u2019Esports dels Premis 2018 Vip\u2019s Calafell"},"content":{"rendered":"<p style=\"text-align: justify;\"><a href=\"http:\/\/bisbalpenedes.com\/web\/wp-content\/uploads\/2018\/07\/2018-07-08-21.20.30.jpg\"><img loading=\"lazy\" class=\"aligncenter size-medium wp-image-6343\" src=\"http:\/\/bisbalpenedes.com\/web\/wp-content\/uploads\/2018\/07\/2018-07-08-21.20.30-300x225.jpg\" alt=\"premi vip's joventut bisbalenca\" width=\"300\" height=\"225\" srcset=\"https:\/\/bisbalpenedes.com\/web\/wp-content\/uploads\/2018\/07\/2018-07-08-21.20.30-300x225.jpg 300w, https:\/\/bisbalpenedes.com\/web\/wp-content\/uploads\/2018\/07\/2018-07-08-21.20.30-600x450.jpg 600w, https:\/\/bisbalpenedes.com\/web\/wp-content\/uploads\/2018\/07\/2018-07-08-21.20.30-768x576.jpg 768w, https:\/\/bisbalpenedes.com\/web\/wp-content\/uploads\/2018\/07\/2018-07-08-21.20.30-1024x768.jpg 1024w\" sizes=\"(max-width: 300px) 100vw, 300px\" \/><\/a><\/p>\n<p style=\"text-align: justify;\"><span style=\"color: #000000;\">La Joventut Bisbalenca CF ha rebut el Premi Comarcal d\u2019Esports dels Premis 2018 Vip\u2019s Calafell, que s\u2019han entregat aquest diumenge 8 de juliol a la discoteca calafellenca. Es tracta d\u2019uns premis que reconeixen la tasca de persones, empreses o entitats de Calafell i de la comarca en diverses categories, com ara la cultura, la creativitat, la promoci\u00f3 del territori local o l\u2019esport.<\/span><\/p>\n<p style=\"text-align: justify;\"><span style=\"color: #000000;\">Sandra Su\u00e1rez, directora de l\u2019acte del 6\u00e8 aniversari Premi Vip\u2019s, ha explicat que enguany \u201c\u00e9s el sis\u00e8 any que s\u2019organitzen aquests premis coincidint amb l\u2019aniversari de la reobertura de la discoteca de la m\u00e0 de tres emprenedors de la comarca, dos d\u2019ells calafellencs\u201d i ha afegit que \u201cs\u00f3n premis en diferents categories i, en el cas de la Bisbal, s\u2019ha premiat la Joventut Bisbalenca CF aprofitant que celebra el seu 90\u00e8 aniversari\u201d. Segons Su\u00e1rez, l\u2019entitat bisbalenca ha rebut\u00a0el premi \u201cperqu\u00e8 no \u00e9s f\u00e0cil mantenir una entitat esportiva havent passat diferents esculls i problem\u00e0tiques en tots aquests anys i perqu\u00e8 l\u2019entitat est\u00e0 enfocada cap a l\u2019esport base, fent molts esfor\u00e7os per crear col\u00b7lectiu i persones amb valors, intentant fomentar el millor de l\u2019esport\u201d.<\/span><\/p>\n<p style=\"text-align: justify;\"><span style=\"color: #000000;\">Israel Gabriel, president de la Joventut Bisbalenca, ha explicat que \u201ccom a membre de la junta de l\u2019entitat \u00e9s un orgull rebre aquest premi\u201d i ha afegit que \u201cel volem dedicar a totes i cadascuna de les persones que han format part d\u2019aquesta gran fam\u00edlia. Aquest reconeixement pertany a totes les persones que han format part del club en algun moment, no \u00e9s nom\u00e9s de les juntes o dels jugadors, sin\u00f3 que \u00e9s de totes les fam\u00edlies, aficionats i amics que han donat suport a l\u2019entitat durant tots aquests anys\u201d. Gabriel ha volgut posar en valor la feina pedag\u00f2gica que es fa des del club, ja que l\u2019esport, ens d\u00f3na la possibilitat de transmetre valors com ara el treball en equip, el respecte, l\u2019amistat o el fet de compartir\u201d.<\/span><\/p>\n<p style=\"text-align: justify;\"><span style=\"color: #000000;\">Agn\u00e8s Ferr\u00e9, alcaldessa de la Bisbal del Pened\u00e8s, va voler acompanyar el club durant l\u2019entrega del reconeixement, ja que \u201cl\u2019Ajuntament ha d\u2019estar al costat i donar el seu suport a les entitats que porten el nom de la Bisbal all\u00e0 on van i que, a m\u00e9s, treballen per l\u2019esport, els valors i la cohesi\u00f3 social del municipi\u201d. Ferr\u00e9 vol aprofitar aquest espai per agrair la gran tasca que fa l\u2019entitat i per felicitar a totes les persones que formen o han format part del club.<\/span><\/p>\n<p style=\"text-align: justify;\"><a href=\"http:\/\/bisbalpenedes.com\/web\/wp-content\/uploads\/2018\/07\/2018-07-08-21.25.30.jpg\"><img loading=\"lazy\" class=\"aligncenter size-medium wp-image-6345\" src=\"http:\/\/bisbalpenedes.com\/web\/wp-content\/uploads\/2018\/07\/2018-07-08-21.25.30-300x225.jpg\" alt=\"BRINDIS JOVENTUT BISBALENCA PREMI\" width=\"300\" height=\"225\" srcset=\"https:\/\/bisbalpenedes.com\/web\/wp-content\/uploads\/2018\/07\/2018-07-08-21.25.30-300x225.jpg 300w, https:\/\/bisbalpenedes.com\/web\/wp-content\/uploads\/2018\/07\/2018-07-08-21.25.30-600x450.jpg 600w, https:\/\/bisbalpenedes.com\/web\/wp-content\/uploads\/2018\/07\/2018-07-08-21.25.30-768x576.jpg 768w, https:\/\/bisbalpenedes.com\/web\/wp-content\/uploads\/2018\/07\/2018-07-08-21.25.30-1024x768.jpg 1024w\" sizes=\"(max-width: 300px) 100vw, 300px\" \/><\/a><\/p>\n<p style=\"text-align: justify;\"><span style=\"color: #000000;\">El premi que ha rebut l\u2019entitat bisbalenca ha estat confeccionat per la ceramista baixpenedesenca Roser Oter:<\/span><\/p>\n<p style=\"text-align: justify;\"><a href=\"http:\/\/bisbalpenedes.com\/web\/wp-content\/uploads\/2018\/07\/premi-roser-oter-joventut-bisbalenca.jpg\"><img loading=\"lazy\" class=\"aligncenter size-medium wp-image-6344\" src=\"http:\/\/bisbalpenedes.com\/web\/wp-content\/uploads\/2018\/07\/premi-roser-oter-joventut-bisbalenca-268x300.jpg\" alt=\"premi roser oter joventut bisbalenca\" width=\"268\" height=\"300\" srcset=\"https:\/\/bisbalpenedes.com\/web\/wp-content\/uploads\/2018\/07\/premi-roser-oter-joventut-bisbalenca-268x300.jpg 268w, https:\/\/bisbalpenedes.com\/web\/wp-content\/uploads\/2018\/07\/premi-roser-oter-joventut-bisbalenca.jpg 492w\" sizes=\"(max-width: 268px) 100vw, 268px\" \/><\/a><\/p>\n<hr \/>\n<p style=\"text-align: justify;\"><a href=\"http:\/\/bisbalpenedes.com\/web\/wp-content\/uploads\/2018\/07\/2018-07-08-21.20.30.jpg\"><img loading=\"lazy\" class=\"aligncenter size-medium wp-image-6343\" src=\"http:\/\/bisbalpenedes.com\/web\/wp-content\/uploads\/2018\/07\/2018-07-08-21.20.30-300x225.jpg\" alt=\"premi vip's joventut bisbalenca\" width=\"300\" height=\"225\" srcset=\"https:\/\/bisbalpenedes.com\/web\/wp-content\/uploads\/2018\/07\/2018-07-08-21.20.30-300x225.jpg 300w, https:\/\/bisbalpenedes.com\/web\/wp-content\/uploads\/2018\/07\/2018-07-08-21.20.30-600x450.jpg 600w, https:\/\/bisbalpenedes.com\/web\/wp-content\/uploads\/2018\/07\/2018-07-08-21.20.30-768x576.jpg 768w, https:\/\/bisbalpenedes.com\/web\/wp-content\/uploads\/2018\/07\/2018-07-08-21.20.30-1024x768.jpg 1024w\" sizes=\"(max-width: 300px) 100vw, 300px\" \/><\/a><\/p>\n<p style=\"text-align: justify;\"><span style=\"color: #000000;\">CASTELLANO | La Joventut Bisbalenca CF ha recibido el Premi Comarcal d&#8217;Esports de los Premios 2018 Vip&#8217;s Calafell, que se han entregado este domingo 8 de julio en la discoteca calafellenca. Se trata de unos premios que reconocen el trabajo de personas, empresas o entidades de Calafell y de la comarca en varias categor\u00edas, como por ejemplo la cultura, la creatividad, la promoci\u00f3n del territorio local o el deporte.<\/span><\/p>\n<p style=\"text-align: justify;\"><span style=\"color: #000000;\">Sandra Su\u00e1rez, directora del acto del 6\u00e8 aniversari Premi Vip&#8217;s, ha explicado que este a\u00f1o &#8220;es el sexto a\u00f1o que se organizan estos premios coincidiendo con el aniversario de la reapertura de la discoteca de la mano de tres emprendedores de la comarca, dos de ellos calafellencs&#8221; y ha a\u00f1adido que &#8220;son premios en diferentes categor\u00edas y, en el caso de la Bisbal, se ha premiado la Joventut Bisbalenca CF aprovechando que celebra su 90\u00ba aniversario&#8221;. Seg\u00fan Su\u00e1rez, la entidad bisbalenca ha recibido el premio &#8220;porqu\u00e9 no es f\u00e1cil mantener una entidad deportiva habiendo pasado diferentes obst\u00e1culos y problem\u00e1ticas en todos estos a\u00f1os y porqu\u00e9 la entidad est\u00e1 enfocada hacia el deporte base, haciendo muchos esfuerzos por crear colectivo y personas con valores, intentando fomentar lo mejor del deporte&#8221;.\u00a0<\/span><\/p>\n<p style=\"text-align: justify;\"><span style=\"color: #000000;\">Israel Gabriel, presidente de la Joventut Bisbalenca, ha explicado que &#8220;como miembro de la junta de la entidad es un orgullo recibir este premio&#8221; y ha a\u00f1adido que &#8220;lo queremos dedicar a todas y cada una de las personas que han formado parte de esta gran familia. Este reconocimiento pertenece a totas las personas que han formado parte del club en alg\u00fan momento, no es solo de las juntas o de los jugadores, sino que es de todas las familias, aficionados y amigos que han dado su apoyo a la entidad durante todos estos a\u00f1os&#8221;. Gabriel ha querido poner en valor el trabajo pedag\u00f3gico que se hace desde el club, ya que el deporte nos da la posibilidad de transmitir valores como el trabajo en equipo, el respeto, la amistad o el hecho de compartir.<\/span><\/p>\n<p style=\"text-align: justify;\"><span style=\"color: #000000;\">Agn\u00e8s Ferr\u00e9, alcaldesa de la Bisbal del Pened\u00e8s, quiso acompa\u00f1ar al club durante la entrega del reconocimiento, ya que &#8220;el Ayuntamiento debe estar al lado y dar su apoyo a las entidades que llevan el nombre de la Bisbal all\u00ed donde van y que, adem\u00e1s, trabajan por el deporte, los valores y la cohesi\u00f3n social del municipio&#8221;. Ferr\u00e9 quiere aprovechar este espacio para agradecer el gran trabajo que hace la entidad y para felicitar a todas las personas que forman o han formado parte del club.\u00a0<\/span><\/p>\n<p style=\"text-align: justify;\"><a href=\"http:\/\/bisbalpenedes.com\/web\/wp-content\/uploads\/2018\/07\/2018-07-08-21.25.30.jpg\"><img loading=\"lazy\" class=\"aligncenter size-medium wp-image-6345\" src=\"http:\/\/bisbalpenedes.com\/web\/wp-content\/uploads\/2018\/07\/2018-07-08-21.25.30-300x225.jpg\" alt=\"BRINDIS JOVENTUT BISBALENCA PREMI\" width=\"300\" height=\"225\" srcset=\"https:\/\/bisbalpenedes.com\/web\/wp-content\/uploads\/2018\/07\/2018-07-08-21.25.30-300x225.jpg 300w, https:\/\/bisbalpenedes.com\/web\/wp-content\/uploads\/2018\/07\/2018-07-08-21.25.30-600x450.jpg 600w, https:\/\/bisbalpenedes.com\/web\/wp-content\/uploads\/2018\/07\/2018-07-08-21.25.30-768x576.jpg 768w, https:\/\/bisbalpenedes.com\/web\/wp-content\/uploads\/2018\/07\/2018-07-08-21.25.30-1024x768.jpg 1024w\" sizes=\"(max-width: 300px) 100vw, 300px\" \/><\/a><\/p>\n<p style=\"text-align: justify;\"><span style=\"color: #000000;\">El premio que ha recibido la entidad bisbalenca ha sido confeccionado por la ceramista baixpenedesenca Roser Oter.<\/span><\/p>\n<p style=\"text-align: justify;\"><a href=\"http:\/\/bisbalpenedes.com\/web\/wp-content\/uploads\/2018\/07\/premi-roser-oter-joventut-bisbalenca.jpg\"><img loading=\"lazy\" class=\"aligncenter size-medium wp-image-6344\" src=\"http:\/\/bisbalpenedes.com\/web\/wp-content\/uploads\/2018\/07\/premi-roser-oter-joventut-bisbalenca-268x300.jpg\" alt=\"premi roser oter joventut bisbalenca\" width=\"268\" height=\"300\" srcset=\"https:\/\/bisbalpenedes.com\/web\/wp-content\/uploads\/2018\/07\/premi-roser-oter-joventut-bisbalenca-268x300.jpg 268w, https:\/\/bisbalpenedes.com\/web\/wp-content\/uploads\/2018\/07\/premi-roser-oter-joventut-bisbalenca.jpg 492w\" sizes=\"(max-width: 268px) 100vw, 268px\" \/><\/a><\/p>\n<p>&nbsp;<\/p>\n<p>&nbsp;<\/p>\n","protected":false},"excerpt":{"rendered":"<p>La Joventut Bisbalenca CF ha rebut el Premi Comarcal d\u2019Esports dels Premis 2018 Vip\u2019s Calafell, que s\u2019han entregat aquest diumenge 8 de juliol a la discoteca calafellenca. Es tracta d\u2019uns &hellip; <a href=\"https:\/\/bisbalpenedes.com\/web\/2018\/07\/10\/joventut-bisbalenca-cf-ha-rebut-el-premi-comarcal-desports-dels-premis-2018-vips-calafell\/\" class=\"more-link\">Read More<\/a><\/p>\n","protected":false},"author":4,"featured_media":6344,"comment_status":"closed","ping_status":"closed","sticky":false,"template":"","format":"standard","meta":[],"categories":[2057,19],"tags":[2073,1151,1949,2069,1299,2067,2071,345,343,2072,2070,430,2068],"_links":{"self":[{"href":"https:\/\/bisbalpenedes.com\/web\/wp-json\/wp\/v2\/posts\/6342"}],"collection":[{"href":"https:\/\/bisbalpenedes.com\/web\/wp-json\/wp\/v2\/posts"}],"about":[{"href":"https:\/\/bisbalpenedes.com\/web\/wp-json\/wp\/v2\/types\/post"}],"author":[{"embeddable":true,"href":"https:\/\/bisbalpenedes.com\/web\/wp-json\/wp\/v2\/users\/4"}],"replies":[{"embeddable":true,"href":"https:\/\/bisbalpenedes.com\/web\/wp-json\/wp\/v2\/comments?post=6342"}],"version-history":[{"count":4,"href":"https:\/\/bisbalpenedes.com\/web\/wp-json\/wp\/v2\/posts\/6342\/revisions"}],"predecessor-version":[{"id":6351,"href":"https:\/\/bisbalpenedes.com\/web\/wp-json\/wp\/v2\/posts\/6342\/revisions\/6351"}],"wp:featuredmedia":[{"embeddable":true,"href":"https:\/\/bisbalpenedes.com\/web\/wp-json\/wp\/v2\/media\/6344"}],"wp:attachment":[{"href":"https:\/\/bisbalpenedes.com\/web\/wp-json\/wp\/v2\/media?parent=6342"}],"wp:term":[{"taxonomy":"category","embeddable":true,"href":"https:\/\/bisbalpenedes.com\/web\/wp-json\/wp\/v2\/categories?post=6342"},{"taxonomy":"post_tag","embeddable":true,"href":"https:\/\/bisbalpenedes.com\/web\/wp-json\/wp\/v2\/tags?post=6342"}],"curies":[{"name":"wp","href":"https:\/\/api.w.org\/{rel}","templated":true}]}}