{"id":6337,"date":"2018-07-10T13:03:15","date_gmt":"2018-07-10T12:03:15","guid":{"rendered":"http:\/\/bisbalpenedes.com\/web\/?p=6337"},"modified":"2018-07-10T13:06:35","modified_gmt":"2018-07-10T12:06:35","slug":"aquest-dijous-12-de-juliol-el-cmc-de-la-bisbal-acollira-cinc-xerrades-inspiradores-en-lambit-personal-o-professional","status":"publish","type":"post","link":"https:\/\/bisbalpenedes.com\/web\/2018\/07\/10\/aquest-dijous-12-de-juliol-el-cmc-de-la-bisbal-acollira-cinc-xerrades-inspiradores-en-lambit-personal-o-professional\/","title":{"rendered":"Aquest dijous 12 de juliol el CMC de la Bisbal acollir\u00e0 cinc xerrades inspiradores en l\u2019\u00e0mbit personal o professional"},"content":{"rendered":"<p>&nbsp;<\/p>\n<p><a href=\"http:\/\/bisbalpenedes.com\/web\/wp-content\/uploads\/2018\/07\/flyer_sommotivacio_18_def.jpg\"><img loading=\"lazy\" class=\"aligncenter size-medium wp-image-6338\" src=\"http:\/\/bisbalpenedes.com\/web\/wp-content\/uploads\/2018\/07\/flyer_sommotivacio_18_def-212x300.jpg\" alt=\"flyer_sommotivacio_18_def\" width=\"212\" height=\"300\" srcset=\"https:\/\/bisbalpenedes.com\/web\/wp-content\/uploads\/2018\/07\/flyer_sommotivacio_18_def-212x300.jpg 212w, https:\/\/bisbalpenedes.com\/web\/wp-content\/uploads\/2018\/07\/flyer_sommotivacio_18_def-600x849.jpg 600w, https:\/\/bisbalpenedes.com\/web\/wp-content\/uploads\/2018\/07\/flyer_sommotivacio_18_def-768x1086.jpg 768w, https:\/\/bisbalpenedes.com\/web\/wp-content\/uploads\/2018\/07\/flyer_sommotivacio_18_def-724x1024.jpg 724w, https:\/\/bisbalpenedes.com\/web\/wp-content\/uploads\/2018\/07\/flyer_sommotivacio_18_def.jpg 1240w\" sizes=\"(max-width: 212px) 100vw, 212px\" \/><\/a><\/p>\n<p style=\"text-align: justify;\"><span style=\"color: #000000;\">La Regidoria d\u2019Ocupaci\u00f3 i el SOM Bisbal, amb la col\u00b7laboraci\u00f3 de Crecemos Formaci\u00f3n, oferiran cinc xerrades, aquest dijous a partir de les 18.30h, amb l\u2019objectiu de dotar les persones d\u2019eines de creixement interior que poden ser \u00fatils tant en l\u2019\u00e0mbit \u00a0personal com en el professional. Les xerrades, que es duran a terme al Centre Municipal de Cultura (CMC), seran impartides pels formadors Javier Rodr\u00edguez i Jose Manuel Torres i versaran sobre les seg\u00fcents tem\u00e0tiques:<\/span><\/p>\n<p style=\"padding-left: 30px; text-align: justify;\"><span style=\"color: #000000;\">18.30h Mindfulness: cap a l\u2019equilibri i l\u2019harmonia personal a trav\u00e9s de l\u2019atenci\u00f3 conscient (amb Javier Rodr\u00edguez)<\/span><\/p>\n<p style=\"padding-left: 30px; text-align: justify;\"><span style=\"color: #000000;\">19.00h Gesti\u00f3 de les emocions (amb Jos\u00e9 Manuel Torres)<\/span><\/p>\n<p style=\"padding-left: 30px; text-align: justify;\"><span style=\"color: #000000;\">19.30h Automotivaci\u00f3 i gesti\u00f3 de l\u2019estr\u00e8s (amb Javier Rodr\u00edguez)<\/span><\/p>\n<p style=\"padding-left: 30px; text-align: justify;\"><span style=\"color: #000000;\">20.00h Eneagrama (amb Javier Rodr\u00edguez)<\/span><\/p>\n<p style=\"padding-left: 30px; text-align: justify;\"><span style=\"color: #000000;\">20.30h Gesti\u00f3 de conflictes en les organitzacions (amb Jose Manuel Torres)<\/span><\/p>\n<p style=\"text-align: justify;\"><span style=\"color: #000000;\">Les xerrades s\u00f3n gratu\u00eftes i obertes a tothom.<\/span><\/p>\n<p style=\"text-align: justify;\"><span style=\"color: #000000;\">Javier Rodr\u00edguez \u00e9s formador i dinamitzador d\u2019habilitats personals i clima laboral en organitzacions i Jose Manuel Torres \u00e9s formador i dinamitzador de creixement personal per a persones i organitzacions.<\/span><\/p>\n<p style=\"text-align: justify;\"><strong>Mira el v\u00eddeo:\u00a0<a href=\"https:\/\/www.facebook.com\/AjuntamentBisbalPenedes\/videos\/2024654007752455\/\" target=\"_blank\">https:\/\/www.facebook.com\/AjuntamentBisbalPenedes\/videos\/2024654007752455\/<\/a><\/strong><\/p>\n<hr \/>\n<p style=\"text-align: justify;\"><span style=\"color: #000000;\">CASTELLANO | La Regidoria d&#8217;Ocupaci\u00f3 y el SOM Bisbal, con la colaboraci\u00f3n de Crecemos Formaci\u00f3n, ofrecer\u00e1n cinco charlas, este jueves a partir de las 18.30h, con el objetivo de dotar a las personas de herramientas de crecimiento interior que puedan serles \u00fatiles tanto en el \u00e1mbito personal como en el profesional. Las charlas, que se har\u00e1n en el Centre Municipal de Cultura (CMC), ser\u00e1n impartidas por los formadores Javier Rodr\u00edguez y Jose manuel Torres y tratar\u00e1n sobre los siguientes temas:<\/span><\/p>\n<p style=\"padding-left: 30px; text-align: justify;\"><span style=\"color: #000000;\">18.30h Mindfulness: hacia el equilibrio y la armon\u00eda personal a trav\u00e9s de la atenci\u00f3n consciente (con Javier Rodr\u00edguez)<\/span><\/p>\n<p style=\"padding-left: 30px; text-align: justify;\"><span style=\"color: #000000;\">19.00h Gesti\u00f3n de las emociones (con Jos\u00e9 Manuel Torres)<\/span><\/p>\n<p style=\"padding-left: 30px; text-align: justify;\"><span style=\"color: #000000;\">19.30h Automotivaci\u00f3on y gesti\u00f3n del estr\u00e9s (con Javier Rodr\u00edguez)<\/span><\/p>\n<p style=\"padding-left: 30px; text-align: justify;\"><span style=\"color: #000000;\">20.00h Eneagrama (con Javier Rodr\u00edguez)<\/span><\/p>\n<p style=\"padding-left: 30px; text-align: justify;\"><span style=\"color: #000000;\">20.30h Gesti\u00f3n de conflictos en las organizaciones (con Jose Manuel Torres)<\/span><\/p>\n<p style=\"text-align: justify;\"><span style=\"color: #000000;\">Las charlas son gratuitas y abiertas a toda la ciudadan\u00eda.<\/span><\/p>\n<p style=\"text-align: justify;\"><span style=\"color: #000000;\">Javier Rodr\u00edguez es formador y dinamizador de habilidades personales y clima laboral en organizaciones y Jose\u00a0 Manuel Torres es formador y dinamizador de crecimiento personal para personas y organizaciones.<\/span><\/p>\n<p style=\"text-align: justify;\"><strong>Mira el v\u00eddeo:\u00a0<a href=\"https:\/\/www.facebook.com\/AjuntamentBisbalPenedes\/videos\/2024654007752455\/\" target=\"_blank\">https:\/\/www.facebook.com\/AjuntamentBisbalPenedes\/videos\/2024654007752455\/<\/a><\/strong><\/p>\n","protected":false},"excerpt":{"rendered":"<p>&nbsp; La Regidoria d\u2019Ocupaci\u00f3 i el SOM Bisbal, amb la col\u00b7laboraci\u00f3 de Crecemos Formaci\u00f3n, oferiran cinc xerrades, aquest dijous a partir de les 18.30h, amb l\u2019objectiu de dotar les persones &hellip; <a href=\"https:\/\/bisbalpenedes.com\/web\/2018\/07\/10\/aquest-dijous-12-de-juliol-el-cmc-de-la-bisbal-acollira-cinc-xerrades-inspiradores-en-lambit-personal-o-professional\/\" class=\"more-link\">Read More<\/a><\/p>\n","protected":false},"author":4,"featured_media":6338,"comment_status":"closed","ping_status":"closed","sticky":false,"template":"","format":"standard","meta":[],"categories":[9],"tags":[2064,2063,735,2062,2065,2066,271,1218],"_links":{"self":[{"href":"https:\/\/bisbalpenedes.com\/web\/wp-json\/wp\/v2\/posts\/6337"}],"collection":[{"href":"https:\/\/bisbalpenedes.com\/web\/wp-json\/wp\/v2\/posts"}],"about":[{"href":"https:\/\/bisbalpenedes.com\/web\/wp-json\/wp\/v2\/types\/post"}],"author":[{"embeddable":true,"href":"https:\/\/bisbalpenedes.com\/web\/wp-json\/wp\/v2\/users\/4"}],"replies":[{"embeddable":true,"href":"https:\/\/bisbalpenedes.com\/web\/wp-json\/wp\/v2\/comments?post=6337"}],"version-history":[{"count":3,"href":"https:\/\/bisbalpenedes.com\/web\/wp-json\/wp\/v2\/posts\/6337\/revisions"}],"predecessor-version":[{"id":6341,"href":"https:\/\/bisbalpenedes.com\/web\/wp-json\/wp\/v2\/posts\/6337\/revisions\/6341"}],"wp:featuredmedia":[{"embeddable":true,"href":"https:\/\/bisbalpenedes.com\/web\/wp-json\/wp\/v2\/media\/6338"}],"wp:attachment":[{"href":"https:\/\/bisbalpenedes.com\/web\/wp-json\/wp\/v2\/media?parent=6337"}],"wp:term":[{"taxonomy":"category","embeddable":true,"href":"https:\/\/bisbalpenedes.com\/web\/wp-json\/wp\/v2\/categories?post=6337"},{"taxonomy":"post_tag","embeddable":true,"href":"https:\/\/bisbalpenedes.com\/web\/wp-json\/wp\/v2\/tags?post=6337"}],"curies":[{"name":"wp","href":"https:\/\/api.w.org\/{rel}","templated":true}]}}