{"id":6321,"date":"2018-07-09T18:13:19","date_gmt":"2018-07-09T17:13:19","guid":{"rendered":"http:\/\/bisbalpenedes.com\/web\/?p=6321"},"modified":"2018-07-09T18:13:19","modified_gmt":"2018-07-09T17:13:19","slug":"la-regidoria-deducacio-ha-finalitzat-els-treballs-de-millora-de-leficiencia-energetica-de-la-llar-dinfants-loreneta","status":"publish","type":"post","link":"https:\/\/bisbalpenedes.com\/web\/2018\/07\/09\/la-regidoria-deducacio-ha-finalitzat-els-treballs-de-millora-de-leficiencia-energetica-de-la-llar-dinfants-loreneta\/","title":{"rendered":"La Regidoria d\u2019Educaci\u00f3 ha finalitzat els treballs de millora de l\u2019efici\u00e8ncia energ\u00e8tica de la Llar d\u2019Infants l\u2019Oreneta"},"content":{"rendered":"<p style=\"text-align: justify;\"><a href=\"http:\/\/bisbalpenedes.com\/web\/wp-content\/uploads\/2018\/05\/2018-05-03-PHOTO-00012308.jpg\"><img loading=\"lazy\" class=\"aligncenter size-medium wp-image-5668\" src=\"http:\/\/bisbalpenedes.com\/web\/wp-content\/uploads\/2018\/05\/2018-05-03-PHOTO-00012308-300x225.jpg\" alt=\"LLAR D'INFANTS\" width=\"300\" height=\"225\" srcset=\"https:\/\/bisbalpenedes.com\/web\/wp-content\/uploads\/2018\/05\/2018-05-03-PHOTO-00012308-300x225.jpg 300w, https:\/\/bisbalpenedes.com\/web\/wp-content\/uploads\/2018\/05\/2018-05-03-PHOTO-00012308-600x450.jpg 600w, https:\/\/bisbalpenedes.com\/web\/wp-content\/uploads\/2018\/05\/2018-05-03-PHOTO-00012308-768x576.jpg 768w, https:\/\/bisbalpenedes.com\/web\/wp-content\/uploads\/2018\/05\/2018-05-03-PHOTO-00012308-1024x768.jpg 1024w, https:\/\/bisbalpenedes.com\/web\/wp-content\/uploads\/2018\/05\/2018-05-03-PHOTO-00012308.jpg 1600w\" sizes=\"(max-width: 300px) 100vw, 300px\" \/><\/a><\/p>\n<p style=\"text-align: justify;\">La Llar d\u2019Infants l\u2019Oreneta compta, des de fa unes setmanes, amb un sistema de climatitzaci\u00f3 m\u00e9s eficient i adequat a les instal\u00b7lacions del centre. La Regidoria d\u2019Educaci\u00f3 ha implementat el sistema de climatitzaci\u00f3 i ha instal\u00b7lat un Sistema de Gesti\u00f3 T\u00e8cnica Centralitzada (SGTC) que permet gestionar i controlar la temperatura des del mateix centre i, mitjan\u00e7ant el control exhaustiu dels par\u00e0metres t\u00e8rmics, millorar l\u2019efici\u00e8ncia energ\u00e8tica. Les millores tamb\u00e9 han incl\u00f2s la instal\u00b7laci\u00f3 de sondes de temperatura i humitat als passadissos, sondes de temperatura i ambient als climatitzadors de la coberta i la implementaci\u00f3 del sistema de control perqu\u00e8 el terra radiant tamb\u00e9 pugui ser refrescant.<\/p>\n<p style=\"text-align: justify;\"><span style=\"color: #000000;\">Es d\u00f3na el cas que l\u2019anterior equip de govern havia contractat un sistema de control de temperatura de la llar d\u2019infants (aigua i terra radiant) a trav\u00e9s d\u2019una empresa que actualment no existeix. D\u2019altra banda, amb l\u2019anterior sistema, cada vegada que hi havia un canvi d\u2019estaci\u00f3 o que s\u2019havia de modificar la temperatura de la Llar d\u2019Infants, calia contactar amb l\u2019empresa perqu\u00e8 ho fes, el que suposava un cost econ\u00f2mic elevat i poca autonomia.<\/span><\/p>\n<p style=\"text-align: justify;\"><span style=\"color: #000000;\">Segons l\u2019informe dels serveis t\u00e8cnics municipals, des de l\u2019inici del funcionament de l\u2019edifici de la Llar d\u2019Infants s\u2019havien observat disfuncions en el sistema de climatitzaci\u00f3, entre ells: alt consum energ\u00e8tic, poca autonomia del sistema solar fotovoltaic, incapacitat de climatitzaci\u00f3 per proporcionar confort t\u00e8rmic a l\u2019estiu i alta dificultat per controlar els par\u00e0metres de funcionament i punts de consigna del sistema de climatitzaci\u00f3 i ventilaci\u00f3.<\/span><\/p>\n<p style=\"text-align: justify;\"><span style=\"color: #000000;\">\u00c9s per tot plegat que la Regidoria d\u2019Educaci\u00f3 ha fet les actuacions necess\u00e0ries per millorar el confort de les instal\u00b7lacions. La Regidora d\u2019aquesta \u00e0rea, Maguy Antol\u00edn, ha explicat que \u201cdespr\u00e9s de dos anys duent a terme els treballs d\u2019enginyeria, la Regidoria d\u2019Educaci\u00f3 ha invertit en aquestes millores energ\u00e8tiques i de reestructuraci\u00f3 de la climatitzaci\u00f3 de l\u2019edifici de la Llar d\u2019Infants amb la finalitat que l\u2019espai sigui el m\u00e9s acollidor possible pels menuts i amb els objectius de millorar els consums, mantenir el control exhaustiu de l\u2019energia i abaratir al m\u00e0xim la factura mensual de la llum\u201d.<\/span><\/p>\n<hr \/>\n<p style=\"text-align: justify;\"><span style=\"color: #000000;\"><strong>CASTELLANO<\/strong> | La Llar d\u2019Infants l\u2019Oreneta cuenta, desde hace unas semanas, con un sistema de climatizaci\u00f3n m\u00e1s eficiente y adecuado a las instalaciones del centro. La Regidoria d\u2019Educaci\u00f3 ha implementado el sistema de climatizaci\u00f3n y ha instalado un Sistema de Gesti\u00f3n T\u00e9cnica Centralizada (SGTC) que permite gestionar y controlar la temperatura desde el mismo centro y, mediante el control exhaustivo de los par\u00e1metros t\u00e9rmicos, mejorar la eficiencia energ\u00e9tica. Las mejoras tambi\u00e9n han incluido la instalaci\u00f3n de sondas de temperatura y humedad en los pasillos, sondas de temperatura y ambiente en los climatizadores de la cubierta y la implementaci\u00f3n del sistema de control para que el suelo radiante tambi\u00e9n pueda ser refrescante.<\/span><\/p>\n<p style=\"text-align: justify;\"><span style=\"color: #000000;\">Se da el caso que el anterior equipo de gobierno hab\u00eda contratado un sistema de control de temperatura de la llar d\u2019infants (agua y suelo radiante) a trav\u00e9s de una empres que actualmente no existe. Por otro lado, con el anterior sistema, cada vez que hab\u00eda un cambio de estaci\u00f3n o que se ten\u00eda que modificar la temperatura de la Llar d\u2019Infants, hab\u00eda que contactar con la empresa para que lo hiciese, lo que supon\u00eda un coste econ\u00f3mico elevado y poca autonom\u00eda.<\/span><\/p>\n<p style=\"text-align: justify;\"><span style=\"color: #000000;\">Seg\u00fan el informe de los servicios t\u00e9cnicos municipales, desde el inicio de la puesta en funcionamiento de la Llar d\u2019Infants se hab\u00edan observado disfunciones en el sistema de climatizaci\u00f3n, entre ellos: alto consumo energ\u00e9tico, poca auntonom\u00eda del sistema sola fotovoltaico, incapacidad de climatizaci\u00f3n para proporcionar confort t\u00e9rmico en verano y alta dificultad para controlar los par\u00e1metros de funcionamiento y puntos de consigna del sistema de climatizaci\u00f3n y ventilaci\u00f3n.<\/span><\/p>\n<p style=\"text-align: justify;\"><span style=\"color: #000000;\">Es por todo ello que la Regidoria d\u2019Educaci\u00f3 ha hecho las actuaciones necesarias para mejorar el confort de las instalaciones. La Regidora de esta \u00e1rea, Maguy Antol\u00edn, ha explicado que \u201cdespu\u00e9s de dos a\u00f1os llevando a cabo los trabajos de ingenier\u00eda, la Regidoria d\u2019Educaci\u00f3 ha invertido en estas mejoras energ\u00e9ticas y reestructuraci\u00f3n de la climatizaci\u00f3n del edificio de la Llar d\u2019Infants con la finalidad que el espacio sea el m\u00e1s acogedor posible para los peque\u00f1os y con los objetivos de mejorar los consumos, mantener el control exhaustivo de la energ\u00eda y abaratar al m\u00e1ximo la factura mensual de la luz\u201d.<\/span><\/p>\n","protected":false},"excerpt":{"rendered":"<p>La Llar d\u2019Infants l\u2019Oreneta compta, des de fa unes setmanes, amb un sistema de climatitzaci\u00f3 m\u00e9s eficient i adequat a les instal\u00b7lacions del centre. La Regidoria d\u2019Educaci\u00f3 ha implementat el &hellip; <a href=\"https:\/\/bisbalpenedes.com\/web\/2018\/07\/09\/la-regidoria-deducacio-ha-finalitzat-els-treballs-de-millora-de-leficiencia-energetica-de-la-llar-dinfants-loreneta\/\" class=\"more-link\">Read More<\/a><\/p>\n","protected":false},"author":4,"featured_media":5668,"comment_status":"closed","ping_status":"closed","sticky":false,"template":"","format":"standard","meta":[],"categories":[16],"tags":[2055,2054,1543,274,710,862,272,2056,574],"_links":{"self":[{"href":"https:\/\/bisbalpenedes.com\/web\/wp-json\/wp\/v2\/posts\/6321"}],"collection":[{"href":"https:\/\/bisbalpenedes.com\/web\/wp-json\/wp\/v2\/posts"}],"about":[{"href":"https:\/\/bisbalpenedes.com\/web\/wp-json\/wp\/v2\/types\/post"}],"author":[{"embeddable":true,"href":"https:\/\/bisbalpenedes.com\/web\/wp-json\/wp\/v2\/users\/4"}],"replies":[{"embeddable":true,"href":"https:\/\/bisbalpenedes.com\/web\/wp-json\/wp\/v2\/comments?post=6321"}],"version-history":[{"count":2,"href":"https:\/\/bisbalpenedes.com\/web\/wp-json\/wp\/v2\/posts\/6321\/revisions"}],"predecessor-version":[{"id":6323,"href":"https:\/\/bisbalpenedes.com\/web\/wp-json\/wp\/v2\/posts\/6321\/revisions\/6323"}],"wp:featuredmedia":[{"embeddable":true,"href":"https:\/\/bisbalpenedes.com\/web\/wp-json\/wp\/v2\/media\/5668"}],"wp:attachment":[{"href":"https:\/\/bisbalpenedes.com\/web\/wp-json\/wp\/v2\/media?parent=6321"}],"wp:term":[{"taxonomy":"category","embeddable":true,"href":"https:\/\/bisbalpenedes.com\/web\/wp-json\/wp\/v2\/categories?post=6321"},{"taxonomy":"post_tag","embeddable":true,"href":"https:\/\/bisbalpenedes.com\/web\/wp-json\/wp\/v2\/tags?post=6321"}],"curies":[{"name":"wp","href":"https:\/\/api.w.org\/{rel}","templated":true}]}}