{"id":6318,"date":"2018-07-09T17:22:28","date_gmt":"2018-07-09T16:22:28","guid":{"rendered":"http:\/\/bisbalpenedes.com\/web\/?p=6318"},"modified":"2018-07-09T17:22:28","modified_gmt":"2018-07-09T16:22:28","slug":"tall-de-llum-programat-a-la-masieta-el-proper-divendres-13-de-juliol-de-9-a-13h","status":"publish","type":"post","link":"https:\/\/bisbalpenedes.com\/web\/2018\/07\/09\/tall-de-llum-programat-a-la-masieta-el-proper-divendres-13-de-juliol-de-9-a-13h\/","title":{"rendered":"Tall de llum programat a La Masieta el proper divendres 13 de juliol de 9 a 13h"},"content":{"rendered":"<p><a href=\"http:\/\/bisbalpenedes.com\/web\/wp-content\/uploads\/2018\/07\/endesa-masieta-13-juliol.jpg\"><img loading=\"lazy\" class=\"aligncenter size-full wp-image-6319\" src=\"http:\/\/bisbalpenedes.com\/web\/wp-content\/uploads\/2018\/07\/endesa-masieta-13-juliol.jpg\" alt=\"endesa masieta 13 juliol\" width=\"606\" height=\"883\" srcset=\"https:\/\/bisbalpenedes.com\/web\/wp-content\/uploads\/2018\/07\/endesa-masieta-13-juliol.jpg 606w, https:\/\/bisbalpenedes.com\/web\/wp-content\/uploads\/2018\/07\/endesa-masieta-13-juliol-600x874.jpg 600w, https:\/\/bisbalpenedes.com\/web\/wp-content\/uploads\/2018\/07\/endesa-masieta-13-juliol-206x300.jpg 206w\" sizes=\"(max-width: 606px) 100vw, 606px\" \/><\/a><\/p>\n<p><span style=\"color: #000000;\">Des d\u2019Endesa Distribuci\u00f3n El\u00e9ctrica ens informen que divendres 13 de juliol, de 9 a 13h, tindr\u00e0 lloc un tall\u00a0de llum programat a la urbanitzaci\u00f3 La Masieta per a dur a terme treballs de reparaci\u00f3 a la xarxa el\u00e8ctrica.<\/span><\/p>\n<hr \/>\n<p><span style=\"color: #000000;\">Desde Endesa Distribuci\u00f3n El\u00e9ctrica nos informan de que el viernes 13 de juliol, de 9 a 13h, tendr\u00e1 lugar un corte de luz programado en la urbanizaci\u00f3n La Masieta para llevar a cabo trabajos de reparaci\u00f3n en la red el\u00e9ctrica.<\/span><\/p>\n","protected":false},"excerpt":{"rendered":"<p>Des d\u2019Endesa Distribuci\u00f3n El\u00e9ctrica ens informen que divendres 13 de juliol, de 9 a 13h, tindr\u00e0 lloc un tall\u00a0de llum programat a la urbanitzaci\u00f3 La Masieta per a dur a &hellip; <a href=\"https:\/\/bisbalpenedes.com\/web\/2018\/07\/09\/tall-de-llum-programat-a-la-masieta-el-proper-divendres-13-de-juliol-de-9-a-13h\/\" class=\"more-link\">Read More<\/a><\/p>\n","protected":false},"author":4,"featured_media":2315,"comment_status":"closed","ping_status":"closed","sticky":false,"template":"","format":"standard","meta":[],"categories":[1628],"tags":[334,441,160,2053],"_links":{"self":[{"href":"https:\/\/bisbalpenedes.com\/web\/wp-json\/wp\/v2\/posts\/6318"}],"collection":[{"href":"https:\/\/bisbalpenedes.com\/web\/wp-json\/wp\/v2\/posts"}],"about":[{"href":"https:\/\/bisbalpenedes.com\/web\/wp-json\/wp\/v2\/types\/post"}],"author":[{"embeddable":true,"href":"https:\/\/bisbalpenedes.com\/web\/wp-json\/wp\/v2\/users\/4"}],"replies":[{"embeddable":true,"href":"https:\/\/bisbalpenedes.com\/web\/wp-json\/wp\/v2\/comments?post=6318"}],"version-history":[{"count":1,"href":"https:\/\/bisbalpenedes.com\/web\/wp-json\/wp\/v2\/posts\/6318\/revisions"}],"predecessor-version":[{"id":6320,"href":"https:\/\/bisbalpenedes.com\/web\/wp-json\/wp\/v2\/posts\/6318\/revisions\/6320"}],"wp:featuredmedia":[{"embeddable":true,"href":"https:\/\/bisbalpenedes.com\/web\/wp-json\/wp\/v2\/media\/2315"}],"wp:attachment":[{"href":"https:\/\/bisbalpenedes.com\/web\/wp-json\/wp\/v2\/media?parent=6318"}],"wp:term":[{"taxonomy":"category","embeddable":true,"href":"https:\/\/bisbalpenedes.com\/web\/wp-json\/wp\/v2\/categories?post=6318"},{"taxonomy":"post_tag","embeddable":true,"href":"https:\/\/bisbalpenedes.com\/web\/wp-json\/wp\/v2\/tags?post=6318"}],"curies":[{"name":"wp","href":"https:\/\/api.w.org\/{rel}","templated":true}]}}