{"id":6315,"date":"2018-07-09T15:56:16","date_gmt":"2018-07-09T14:56:16","guid":{"rendered":"http:\/\/bisbalpenedes.com\/web\/?p=6315"},"modified":"2018-07-09T15:56:16","modified_gmt":"2018-07-09T14:56:16","slug":"el-servei-meteorologic-de-catalunya-ha-informat-que-sha-emes-un-avis-per-calor","status":"publish","type":"post","link":"https:\/\/bisbalpenedes.com\/web\/2018\/07\/09\/el-servei-meteorologic-de-catalunya-ha-informat-que-sha-emes-un-avis-per-calor\/","title":{"rendered":"El Servei Meteorol\u00f2gic de Catalunya ha informat que s&#8217;ha em\u00e8s un &#8216;Av\u00eds per calor&#8217;"},"content":{"rendered":"<div>El Servei Meteorol\u00f2gic de Catalunya ha informat que s&#8217;ha em\u00e8s un Av\u00eds per calor.<\/div>\n<div>Us recomanem que seguiu aquestes recomanacions del Departament de Salut de la Generalitat de Catalunya.<\/div>\n<p>&#8212;<\/p>\n<div class=\"text_exposed_show\">\n<p><b>CASTELLANO<\/b>\u00a0| El Servei Meteotologic de Catalunya ha informado que se ha emitido un Aviso por calor. Os recomendamos que sig\u00e1is estas recomendaciones del Departament de Salut de la Generalitat de Catalunya.<\/p>\n<p><a href=\"http:\/\/bisbalpenedes.com\/web\/wp-content\/uploads\/2018\/07\/pocs_un_estiu_ben_fresc-001.jpg\"><img loading=\"lazy\" class=\"aligncenter size-medium wp-image-6316\" src=\"http:\/\/bisbalpenedes.com\/web\/wp-content\/uploads\/2018\/07\/pocs_un_estiu_ben_fresc-001-217x300.jpg\" alt=\"estiu calor consells\" width=\"217\" height=\"300\" srcset=\"https:\/\/bisbalpenedes.com\/web\/wp-content\/uploads\/2018\/07\/pocs_un_estiu_ben_fresc-001-217x300.jpg 217w, https:\/\/bisbalpenedes.com\/web\/wp-content\/uploads\/2018\/07\/pocs_un_estiu_ben_fresc-001-600x831.jpg 600w, https:\/\/bisbalpenedes.com\/web\/wp-content\/uploads\/2018\/07\/pocs_un_estiu_ben_fresc-001-768x1063.jpg 768w, https:\/\/bisbalpenedes.com\/web\/wp-content\/uploads\/2018\/07\/pocs_un_estiu_ben_fresc-001-740x1024.jpg 740w, https:\/\/bisbalpenedes.com\/web\/wp-content\/uploads\/2018\/07\/pocs_un_estiu_ben_fresc-001-scaled.jpg 1849w\" sizes=\"(max-width: 217px) 100vw, 217px\" \/><\/a><\/p>\n<\/div>\n","protected":false},"excerpt":{"rendered":"<p>El Servei Meteorol\u00f2gic de Catalunya ha informat que s&#8217;ha em\u00e8s un Av\u00eds per calor. Us recomanem que seguiu aquestes recomanacions del Departament de Salut de la Generalitat de Catalunya. &#8212; &hellip; <a href=\"https:\/\/bisbalpenedes.com\/web\/2018\/07\/09\/el-servei-meteorologic-de-catalunya-ha-informat-que-sha-emes-un-avis-per-calor\/\" class=\"more-link\">Read More<\/a><\/p>\n","protected":false},"author":4,"featured_media":6316,"comment_status":"closed","ping_status":"closed","sticky":false,"template":"","format":"standard","meta":[],"categories":[1628],"tags":[2051,129,76,2052,1002,2050,2049],"_links":{"self":[{"href":"https:\/\/bisbalpenedes.com\/web\/wp-json\/wp\/v2\/posts\/6315"}],"collection":[{"href":"https:\/\/bisbalpenedes.com\/web\/wp-json\/wp\/v2\/posts"}],"about":[{"href":"https:\/\/bisbalpenedes.com\/web\/wp-json\/wp\/v2\/types\/post"}],"author":[{"embeddable":true,"href":"https:\/\/bisbalpenedes.com\/web\/wp-json\/wp\/v2\/users\/4"}],"replies":[{"embeddable":true,"href":"https:\/\/bisbalpenedes.com\/web\/wp-json\/wp\/v2\/comments?post=6315"}],"version-history":[{"count":1,"href":"https:\/\/bisbalpenedes.com\/web\/wp-json\/wp\/v2\/posts\/6315\/revisions"}],"predecessor-version":[{"id":6317,"href":"https:\/\/bisbalpenedes.com\/web\/wp-json\/wp\/v2\/posts\/6315\/revisions\/6317"}],"wp:featuredmedia":[{"embeddable":true,"href":"https:\/\/bisbalpenedes.com\/web\/wp-json\/wp\/v2\/media\/6316"}],"wp:attachment":[{"href":"https:\/\/bisbalpenedes.com\/web\/wp-json\/wp\/v2\/media?parent=6315"}],"wp:term":[{"taxonomy":"category","embeddable":true,"href":"https:\/\/bisbalpenedes.com\/web\/wp-json\/wp\/v2\/categories?post=6315"},{"taxonomy":"post_tag","embeddable":true,"href":"https:\/\/bisbalpenedes.com\/web\/wp-json\/wp\/v2\/tags?post=6315"}],"curies":[{"name":"wp","href":"https:\/\/api.w.org\/{rel}","templated":true}]}}