{"id":6300,"date":"2018-07-05T12:54:03","date_gmt":"2018-07-05T11:54:03","guid":{"rendered":"http:\/\/bisbalpenedes.com\/web\/?p=6300"},"modified":"2018-07-05T12:54:03","modified_gmt":"2018-07-05T11:54:03","slug":"la-junta-de-govern-ha-aprovat-el-projecte-de-rehabilitacio-de-les-cases-dels-mestres","status":"publish","type":"post","link":"https:\/\/bisbalpenedes.com\/web\/2018\/07\/05\/la-junta-de-govern-ha-aprovat-el-projecte-de-rehabilitacio-de-les-cases-dels-mestres\/","title":{"rendered":"La Junta de Govern ha aprovat el projecte de rehabilitaci\u00f3 de les &#8216;cases dels mestres&#8217;"},"content":{"rendered":"<p style=\"text-align: justify;\"><a href=\"http:\/\/bisbalpenedes.com\/web\/wp-content\/uploads\/2018\/01\/cases-dels-mestres.jpg\"><img loading=\"lazy\" class=\"aligncenter size-medium wp-image-4408\" src=\"http:\/\/bisbalpenedes.com\/web\/wp-content\/uploads\/2018\/01\/cases-dels-mestres-300x225.jpg\" alt=\"cases dels mestres\" width=\"300\" height=\"225\" \/><\/a><\/p>\n<p style=\"text-align: justify;\"><span style=\"color: #000000;\">La Junta de Govern de l\u2019Ajuntament de la Bisbal del Pened\u00e8s, celebrada aquest dijous 5 de juliol, ha aprovat inicialment el projecte de rehabilitaci\u00f3 de les &#8216;cases dels mestres&#8217; per convertir-les en habitatges socials. Una vegada el projecte s\u2019hagi publicat al BOP i hagi estat en exposici\u00f3 p\u00fablica, es publicar\u00e0 definitivament i, aleshores, podr\u00e0 convocar el concurs per a l\u2019execuci\u00f3 de les obres per un import de 76.746,11\u20ac (IVA incl\u00f2s).<\/span><\/p>\n<p style=\"text-align: justify;\"><span style=\"color: #000000;\">La Regidoria de Benestar Social ha explicat que \u201cest\u00e0 plenament satisfeta de poder posar en marxa aquestes obres tan necess\u00e0ries per poder acollir fam\u00edlies desafavorides abans que finalitzi la legislatura\u201d.<\/span><\/p>\n<p style=\"text-align: justify;\"><span style=\"color: #000000;\"><strong>CASTELLANO<\/strong> | La Junta de Gobierno del Ayuntamiento de la Bisbal del Pened\u00e8s, celebrada este jueves 5 de julio, ha aprobado inicialmente el proyecto de rehabilitaci\u00f3n de las \u2018cases dels mestres\u2019 para convertirlas en viviendas sociales. Una vez el proyecto se haya publicado en el BOP y haya estado en exposici\u00f3n p\u00fablica, se publicar\u00e1 definitivamente y, entonces, podr\u00e1 convocarse el concurso para la ejecuci\u00f3n de las obras por un importe de 76.746\u201911\u20ac (IVA incluido).<\/span><\/p>\n<p style=\"text-align: justify;\"><span style=\"color: #000000;\">La Regidora de Benestar Social ha explicado que \u201cest\u00e1 plenamente satisfecha de poder poner en marcha estas obras tan necesarias para poder acoger familias desfavorecidas antes de que finalice la legislatura\u201d.<\/span><\/p>\n","protected":false},"excerpt":{"rendered":"<p>La Junta de Govern de l\u2019Ajuntament de la Bisbal del Pened\u00e8s, celebrada aquest dijous 5 de juliol, ha aprovat inicialment el projecte de rehabilitaci\u00f3 de les &#8216;cases dels mestres&#8217; per &hellip; <a href=\"https:\/\/bisbalpenedes.com\/web\/2018\/07\/05\/la-junta-de-govern-ha-aprovat-el-projecte-de-rehabilitacio-de-les-cases-dels-mestres\/\" class=\"more-link\">Read More<\/a><\/p>\n","protected":false},"author":4,"featured_media":4408,"comment_status":"closed","ping_status":"closed","sticky":false,"template":"","format":"standard","meta":[],"categories":[975],"tags":[384,686,484],"_links":{"self":[{"href":"https:\/\/bisbalpenedes.com\/web\/wp-json\/wp\/v2\/posts\/6300"}],"collection":[{"href":"https:\/\/bisbalpenedes.com\/web\/wp-json\/wp\/v2\/posts"}],"about":[{"href":"https:\/\/bisbalpenedes.com\/web\/wp-json\/wp\/v2\/types\/post"}],"author":[{"embeddable":true,"href":"https:\/\/bisbalpenedes.com\/web\/wp-json\/wp\/v2\/users\/4"}],"replies":[{"embeddable":true,"href":"https:\/\/bisbalpenedes.com\/web\/wp-json\/wp\/v2\/comments?post=6300"}],"version-history":[{"count":2,"href":"https:\/\/bisbalpenedes.com\/web\/wp-json\/wp\/v2\/posts\/6300\/revisions"}],"predecessor-version":[{"id":6302,"href":"https:\/\/bisbalpenedes.com\/web\/wp-json\/wp\/v2\/posts\/6300\/revisions\/6302"}],"wp:featuredmedia":[{"embeddable":true,"href":"https:\/\/bisbalpenedes.com\/web\/wp-json\/wp\/v2\/media\/4408"}],"wp:attachment":[{"href":"https:\/\/bisbalpenedes.com\/web\/wp-json\/wp\/v2\/media?parent=6300"}],"wp:term":[{"taxonomy":"category","embeddable":true,"href":"https:\/\/bisbalpenedes.com\/web\/wp-json\/wp\/v2\/categories?post=6300"},{"taxonomy":"post_tag","embeddable":true,"href":"https:\/\/bisbalpenedes.com\/web\/wp-json\/wp\/v2\/tags?post=6300"}],"curies":[{"name":"wp","href":"https:\/\/api.w.org\/{rel}","templated":true}]}}