{"id":6293,"date":"2018-07-05T12:34:59","date_gmt":"2018-07-05T11:34:59","guid":{"rendered":"http:\/\/bisbalpenedes.com\/web\/?p=6293"},"modified":"2018-07-05T12:34:59","modified_gmt":"2018-07-05T11:34:59","slug":"el-diumenge-8-de-juliol-mullat-per-lesclerosi-multiple-a-la-piscina-municipal","status":"publish","type":"post","link":"https:\/\/bisbalpenedes.com\/web\/2018\/07\/05\/el-diumenge-8-de-juliol-mullat-per-lesclerosi-multiple-a-la-piscina-municipal\/","title":{"rendered":"El diumenge 8 de juliol Mulla&#8217;t per l&#8217;esclerosi m\u00faltiple a la Piscina Municipal"},"content":{"rendered":"<p><a href=\"http:\/\/bisbalpenedes.com\/web\/wp-content\/uploads\/2018\/07\/mullat2018-1dd.jpg\"><img loading=\"lazy\" class=\"aligncenter size-medium wp-image-6294\" src=\"http:\/\/bisbalpenedes.com\/web\/wp-content\/uploads\/2018\/07\/mullat2018-1dd-239x300.jpg\" alt=\"mullat2018-1dd\" width=\"239\" height=\"300\" srcset=\"https:\/\/bisbalpenedes.com\/web\/wp-content\/uploads\/2018\/07\/mullat2018-1dd-239x300.jpg 239w, https:\/\/bisbalpenedes.com\/web\/wp-content\/uploads\/2018\/07\/mullat2018-1dd-600x752.jpg 600w, https:\/\/bisbalpenedes.com\/web\/wp-content\/uploads\/2018\/07\/mullat2018-1dd-768x962.jpg 768w, https:\/\/bisbalpenedes.com\/web\/wp-content\/uploads\/2018\/07\/mullat2018-1dd-817x1024.jpg 817w, https:\/\/bisbalpenedes.com\/web\/wp-content\/uploads\/2018\/07\/mullat2018-1dd.jpg 1047w\" sizes=\"(max-width: 239px) 100vw, 239px\" \/><\/a><\/p>\n<p><span style=\"color: #000000;\">Aquest diumenge 8 de juliol, Mulla&#8217;t per l&#8217;esclerosi m\u00faltiple a la Piscina Municipal de la Bisbal del Pened\u00e8s<\/span><\/p>\n<hr \/>\n<p><span style=\"color: #000000;\">CASTELLANO | Este domingo 8 de julio, <em>Mulla&#8217;t per l&#8217;esclerosi m\u00faltiple<\/em> en la Piscina Municipal de la Bisbal del Pened\u00e8s<\/span><\/p>\n","protected":false},"excerpt":{"rendered":"<p>Aquest diumenge 8 de juliol, Mulla&#8217;t per l&#8217;esclerosi m\u00faltiple a la Piscina Municipal de la Bisbal del Pened\u00e8s CASTELLANO | Este domingo 8 de julio, Mulla&#8217;t per l&#8217;esclerosi m\u00faltiple en &hellip; <a href=\"https:\/\/bisbalpenedes.com\/web\/2018\/07\/05\/el-diumenge-8-de-juliol-mullat-per-lesclerosi-multiple-a-la-piscina-municipal\/\" class=\"more-link\">Read More<\/a><\/p>\n","protected":false},"author":4,"featured_media":6294,"comment_status":"closed","ping_status":"closed","sticky":false,"template":"","format":"standard","meta":[],"categories":[19],"tags":[598,596,266],"_links":{"self":[{"href":"https:\/\/bisbalpenedes.com\/web\/wp-json\/wp\/v2\/posts\/6293"}],"collection":[{"href":"https:\/\/bisbalpenedes.com\/web\/wp-json\/wp\/v2\/posts"}],"about":[{"href":"https:\/\/bisbalpenedes.com\/web\/wp-json\/wp\/v2\/types\/post"}],"author":[{"embeddable":true,"href":"https:\/\/bisbalpenedes.com\/web\/wp-json\/wp\/v2\/users\/4"}],"replies":[{"embeddable":true,"href":"https:\/\/bisbalpenedes.com\/web\/wp-json\/wp\/v2\/comments?post=6293"}],"version-history":[{"count":1,"href":"https:\/\/bisbalpenedes.com\/web\/wp-json\/wp\/v2\/posts\/6293\/revisions"}],"predecessor-version":[{"id":6295,"href":"https:\/\/bisbalpenedes.com\/web\/wp-json\/wp\/v2\/posts\/6293\/revisions\/6295"}],"wp:featuredmedia":[{"embeddable":true,"href":"https:\/\/bisbalpenedes.com\/web\/wp-json\/wp\/v2\/media\/6294"}],"wp:attachment":[{"href":"https:\/\/bisbalpenedes.com\/web\/wp-json\/wp\/v2\/media?parent=6293"}],"wp:term":[{"taxonomy":"category","embeddable":true,"href":"https:\/\/bisbalpenedes.com\/web\/wp-json\/wp\/v2\/categories?post=6293"},{"taxonomy":"post_tag","embeddable":true,"href":"https:\/\/bisbalpenedes.com\/web\/wp-json\/wp\/v2\/tags?post=6293"}],"curies":[{"name":"wp","href":"https:\/\/api.w.org\/{rel}","templated":true}]}}