{"id":6288,"date":"2018-07-05T09:42:47","date_gmt":"2018-07-05T08:42:47","guid":{"rendered":"http:\/\/bisbalpenedes.com\/web\/?p=6288"},"modified":"2018-07-16T09:52:40","modified_gmt":"2018-07-16T08:52:40","slug":"la-coral-sant-jordi-oferira-el-darrer-concert-de-celebracio-del-seu-70e-aniversari-a-la-bisbal-del-penedes","status":"publish","type":"post","link":"https:\/\/bisbalpenedes.com\/web\/2018\/07\/05\/la-coral-sant-jordi-oferira-el-darrer-concert-de-celebracio-del-seu-70e-aniversari-a-la-bisbal-del-penedes\/","title":{"rendered":"La Coral Sant Jordi oferir\u00e0 el darrer concert de celebraci\u00f3 del seu 70\u00e8 aniversari a la Bisbal del Pened\u00e8s"},"content":{"rendered":"<p><a href=\"http:\/\/bisbalpenedes.com\/web\/wp-content\/uploads\/2018\/07\/CORAL-SANT-JORDI-70-ANYS-1.jpg\"><img loading=\"lazy\" class=\"aligncenter size-medium wp-image-6289\" src=\"http:\/\/bisbalpenedes.com\/web\/wp-content\/uploads\/2018\/07\/CORAL-SANT-JORDI-70-ANYS-1-214x300.jpg\" alt=\"CORAL-SANT-JORDI-70-ANYS-1\" width=\"214\" height=\"300\" srcset=\"https:\/\/bisbalpenedes.com\/web\/wp-content\/uploads\/2018\/07\/CORAL-SANT-JORDI-70-ANYS-1-214x300.jpg 214w, https:\/\/bisbalpenedes.com\/web\/wp-content\/uploads\/2018\/07\/CORAL-SANT-JORDI-70-ANYS-1-600x842.jpg 600w, https:\/\/bisbalpenedes.com\/web\/wp-content\/uploads\/2018\/07\/CORAL-SANT-JORDI-70-ANYS-1.jpg 606w\" sizes=\"(max-width: 214px) 100vw, 214px\" \/><\/a><\/p>\n<p style=\"text-align: justify;\"><span style=\"color: #000000;\">El diumenge 22 de juliol la Coral Sant Jordi far\u00e0 el darrer concert del cicle de tancament dels actes del seu 70\u00e8 aniversari a la Bisbal del Pened\u00e8s, despr\u00e9s d\u2019oferir el seu directe a les ciutats de Barcelona i Balaguer. El directe, comen\u00e7ar\u00e0 a les 18.30h i es dur\u00e0 a terme a la Societat Cultural i Recreativa Bisbalenca.<\/span><\/p>\n<p style=\"text-align: justify;\"><span style=\"color: #000000;\">El programa que interpretar\u00e0 la Coral Sant Jordi, sota la direcci\u00f3 d\u2019Oriol Castanyer, ser\u00e0 \u201cCan\u00e7ons d\u2019ahir, can\u00e7ons d\u2019avui\u201d, un programa que, coincidint amb l\u2019Any Europeu del Patrimoni Cultural, han decidit que sigui \u201cun pont entre els pioners de la m\u00fasica coral del nostre pa\u00eds (tal com l\u2019entenem avui en dia) i alguns representants de les \u00faltimes generacions de creadors, amb la poesia catalana com a eix vertebrador i nexe com\u00fa entre uns i altres\u201d.<\/span><\/p>\n<p style=\"text-align: justify;\"><span style=\"color: #000000;\">El concert a la Bisbal servir\u00e0 per recaptar fons per al pagament de les portes de l\u2019Esgl\u00e9sia de Santa Maria, patrimoni hist\u00f2ric del municipi. \u00c9s per aquest motiu que tamb\u00e9 hi haur\u00e0 \u2018fila zero\u2019, per a aquelles persones que no puguin venir per\u00f2 que vulguin col\u00b7laborar amb el pagament de les noves portes. Les entrades s\u00f3n numerades, tindran un cost de 8\u20ac i estaran a la venda el dimecres 18 de juliol, d\u201910:30h a 12:30h al local de l\u2019Associaci\u00f3 de Dones La Roca Foradada i diumenge 22 de juliol, de 12 a 13:30h i de 17:30h a l&#8217;inici del concert a La Societat Cultural i Recreativa Bisbalenca.<\/span><\/p>\n<p style=\"text-align: justify;\"><span style=\"color: #000000;\">La Coral Sant Jordi va n\u00e9ixer l\u2019any 1947 d\u2019un grup d\u2019amics que van ser animats per Oriol Martorell, que des de l\u2019inici va assumir la direcci\u00f3 i va encap\u00e7alar la formaci\u00f3. La coral ha fet m\u00e9s de 1.800 concerts interpretats en diversos pa\u00efsos europeus i ha col\u00b7laborat amb directors i compositors del prestigi de Sergiu Celibidache, Eduard Toldr\u00e0, Duke Ellington, Antoni Ros Marb\u00e0, Sergiu Comissiona, Edmon Colomer, Laszlo Heltay, Laurence Foster i Llu\u00eds Llach, entre d\u2019altres. Avui en dia la Coral Sant Jordi continua \u201cfidel a la seva orientaci\u00f3 inicial de transmetre el patrimoni de la m\u00fasica coral amb el m\u00e0xim rigor t\u00e8cnic i art\u00edstic a un p\u00fablic el m\u00e9s ampli possible\u201d.<\/span><\/p>\n<p style=\"text-align: justify;\"><span style=\"color: #000000;\">Descarrega&#8217;t el dossier del directe del 70\u00e8 aniversari:\u00a0<span style=\"color: #0000ff;\"><a style=\"color: #0000ff;\" href=\"http:\/\/bisbalpenedes.com\/web\/wp-content\/uploads\/2018\/07\/DOSSIER-CORAL-SANT-JORDI-70-ANYS.pdf\">DOSSIER CORAL SANT JORDI 70 ANYS<\/a><\/span><\/span><\/p>\n<hr \/>\n<p style=\"text-align: justify;\"><span style=\"color: #000000;\">CASTELLANO | El domingo 22 de julio la Coral Sant Jordi har\u00e1 el \u00faltimo concierto del ciclo de cierre de sus actos del 70\u00ba aniversario en la Bisbal del Pened\u00e8s, desp\u00faes de ofrecer su directo en las ciudades de Barcelona y Balaguer. El directo, empezar\u00e1 a las 18.30h y tendr\u00e1 lugar en la Societat Cultural i Recreativa Bisbalenca.<\/span><\/p>\n<p style=\"text-align: justify;\"><span style=\"color: #000000;\">El programa que interpretar\u00e1 la Coral Sant Jordi, bajo la direcci\u00f3n de Oriol Castanyer, ser\u00e1 \u201cCan\u00e7ons d\u2019hair, can\u00e7ons d\u2019avui\u201d, un programa que, coincidiendo con el A\u00f1o Europeo del Patrimonio Cultural, han decidido que sea \u201cun puente entre los pioneros de la m\u00fasica coral en nuestro pa\u00eds (tal como la entendemos hoy en d\u00eda) y algunos representantes de las \u00faltimas generaciones de creadores, con la poes\u00eda catalana como eje vertebrador y nexo com\u00fan entre unos y otros\u201d.<\/span><\/p>\n<p style=\"text-align: justify;\"><span style=\"color: #000000;\">El concierto de la Bisbal servir\u00e1 para recaudar fondos para el pago de las puertas de la Esgl\u00e9sia de Santa Maria, patrimonio hist\u00f3rico del municipio. Es por este motivo que tambi\u00e9n habr\u00e1 \u201cfila cero\u201d, para aquellas personas que no puedan venir pero que quieran colaborar con el pago de las nuevas puertas. Las entradas son numeradas, tendr\u00e1n un coste de 8\u20ac y estar\u00e1n a la venta el mi\u00e9rcoles 18 de julio, de 10:30h a 12:30h en el local de la Associaci\u00f3 de Dones La Roca Foradada y el domingo 22 de julio, de 12 a 13:30h y de 17h al inicio del concierto en la Societat Cultural i Recreativa Bisbalenca.<\/span><\/p>\n<p style=\"text-align: justify;\"><span style=\"color: #000000;\">La Coral Sant Jordi naci\u00f3 en el a\u00f1o 1947 de un grupo de amigos a los que anim\u00f3 Oriol Martorell, que desde el inicio asumi\u00f3 la direcci\u00f3n y se puso al frente de la formaci\u00f3n. La coral ha hecho m\u00e1s de 1.800 conciertos interpretados en varios pa\u00edses europeos y ha colaborado con directores y compositores del prestigio de Sergiu Celibidache, Eduard Toldr\u00e0, Duke Ellington, Antoni Ros Marb\u00e0, Sergiu Comissiona, Edmon Colomer, Laszlo Heltay, Laurence Foster y Llu\u00eds Llach, entre otros. Hoy en d\u00eda la Coral Sant Jordi continua \u201cfiel a su orientaci\u00f3n inicial de transmitir el patrimonio de la m\u00fasica coral con el m\u00e1ximo rigor t\u00e9cnico y art\u00edstico a un p\u00fablico lo m\u00e1s amplio posible\u201d.<\/span><\/p>\n<p style=\"text-align: justify;\">Desc\u00e1rgate el dossier del directo del 70\u00ba aniversario :\u00a0<span style=\"color: #0000ff;\"><a style=\"color: #0000ff;\" href=\"http:\/\/bisbalpenedes.com\/web\/wp-content\/uploads\/2018\/07\/DOSSIER-CORAL-SANT-JORDI-70-ANYS.pdf\">DOSSIER CORAL SANT JORDI 70 ANYS<\/a><\/span><\/p>\n","protected":false},"excerpt":{"rendered":"<p>El diumenge 22 de juliol la Coral Sant Jordi far\u00e0 el darrer concert del cicle de tancament dels actes del seu 70\u00e8 aniversari a la Bisbal del Pened\u00e8s, despr\u00e9s d\u2019oferir &hellip; <a href=\"https:\/\/bisbalpenedes.com\/web\/2018\/07\/05\/la-coral-sant-jordi-oferira-el-darrer-concert-de-celebracio-del-seu-70e-aniversari-a-la-bisbal-del-penedes\/\" class=\"more-link\">Read More<\/a><\/p>\n","protected":false},"author":4,"featured_media":6289,"comment_status":"closed","ping_status":"closed","sticky":false,"template":"","format":"standard","meta":[],"categories":[13],"tags":[2043,2044,2045,2041,225,2047,2046,2042,1079],"_links":{"self":[{"href":"https:\/\/bisbalpenedes.com\/web\/wp-json\/wp\/v2\/posts\/6288"}],"collection":[{"href":"https:\/\/bisbalpenedes.com\/web\/wp-json\/wp\/v2\/posts"}],"about":[{"href":"https:\/\/bisbalpenedes.com\/web\/wp-json\/wp\/v2\/types\/post"}],"author":[{"embeddable":true,"href":"https:\/\/bisbalpenedes.com\/web\/wp-json\/wp\/v2\/users\/4"}],"replies":[{"embeddable":true,"href":"https:\/\/bisbalpenedes.com\/web\/wp-json\/wp\/v2\/comments?post=6288"}],"version-history":[{"count":4,"href":"https:\/\/bisbalpenedes.com\/web\/wp-json\/wp\/v2\/posts\/6288\/revisions"}],"predecessor-version":[{"id":6445,"href":"https:\/\/bisbalpenedes.com\/web\/wp-json\/wp\/v2\/posts\/6288\/revisions\/6445"}],"wp:featuredmedia":[{"embeddable":true,"href":"https:\/\/bisbalpenedes.com\/web\/wp-json\/wp\/v2\/media\/6289"}],"wp:attachment":[{"href":"https:\/\/bisbalpenedes.com\/web\/wp-json\/wp\/v2\/media?parent=6288"}],"wp:term":[{"taxonomy":"category","embeddable":true,"href":"https:\/\/bisbalpenedes.com\/web\/wp-json\/wp\/v2\/categories?post=6288"},{"taxonomy":"post_tag","embeddable":true,"href":"https:\/\/bisbalpenedes.com\/web\/wp-json\/wp\/v2\/tags?post=6288"}],"curies":[{"name":"wp","href":"https:\/\/api.w.org\/{rel}","templated":true}]}}