{"id":6285,"date":"2018-07-04T17:55:10","date_gmt":"2018-07-04T16:55:10","guid":{"rendered":"http:\/\/bisbalpenedes.com\/web\/?p=6285"},"modified":"2018-07-04T17:55:10","modified_gmt":"2018-07-04T16:55:10","slug":"el-dia-11-de-juliol-sentreguen-els-diplomes-al-merit-escolar","status":"publish","type":"post","link":"https:\/\/bisbalpenedes.com\/web\/2018\/07\/04\/el-dia-11-de-juliol-sentreguen-els-diplomes-al-merit-escolar\/","title":{"rendered":"El dia 11 de juliol s\u2019entreguen els diplomes al m\u00e8rit escolar"},"content":{"rendered":"<p><a href=\"http:\/\/bisbalpenedes.com\/web\/wp-content\/uploads\/2018\/07\/1CD33CEE-2EB8-4E6E-B4D0-F671A02DE82F.jpeg\"><img loading=\"lazy\" class=\"aligncenter size-medium wp-image-6286\" src=\"http:\/\/bisbalpenedes.com\/web\/wp-content\/uploads\/2018\/07\/1CD33CEE-2EB8-4E6E-B4D0-F671A02DE82F-300x233.jpeg\" alt=\"1CD33CEE-2EB8-4E6E-B4D0-F671A02DE82F\" width=\"300\" height=\"233\" srcset=\"https:\/\/bisbalpenedes.com\/web\/wp-content\/uploads\/2018\/07\/1CD33CEE-2EB8-4E6E-B4D0-F671A02DE82F-300x233.jpeg 300w, https:\/\/bisbalpenedes.com\/web\/wp-content\/uploads\/2018\/07\/1CD33CEE-2EB8-4E6E-B4D0-F671A02DE82F-600x467.jpeg 600w, https:\/\/bisbalpenedes.com\/web\/wp-content\/uploads\/2018\/07\/1CD33CEE-2EB8-4E6E-B4D0-F671A02DE82F-768x597.jpeg 768w, https:\/\/bisbalpenedes.com\/web\/wp-content\/uploads\/2018\/07\/1CD33CEE-2EB8-4E6E-B4D0-F671A02DE82F-1024x796.jpeg 1024w, https:\/\/bisbalpenedes.com\/web\/wp-content\/uploads\/2018\/07\/1CD33CEE-2EB8-4E6E-B4D0-F671A02DE82F.jpeg 1789w\" sizes=\"(max-width: 300px) 100vw, 300px\" \/><\/a><br \/>\n<span style=\"color: #000000;\">La Regidoria d\u2019Educaci\u00f3 informa que el dimecres 11 de juliol a les 19h, a l\u2019auditori del CMC, s\u2019entregaran els premis al m\u00e8rit escolar.<\/span><\/p>\n<p><span style=\"color: #000000;\">Enguany rebran el diploma dos alumnes de 6\u00e8 de prim\u00e0ria, un alumne de 4t d\u2019ESO i un alumne de 2n de BAT.<\/span><\/p>\n<p><span style=\"color: #000000;\">L\u2019acte \u00e9s obert a la ciutadania.<\/span><\/p>\n<hr \/>\n<p><span style=\"color: #000000;\">CASTELLANO | La Regidoria d\u2019Educaci\u00f3 informa de que el mi\u00e9rcoles 11 de julio a las 19h, en el auditorio del CMC, se entregar\u00e1n los premios al m\u00e9rito escolar.<\/span><\/p>\n<p><span style=\"color: #000000;\">Este a\u00f1o recibir\u00e1n el diploma dos alumnos de 6\u00ba de primaria, un alumno de 4\u00ba de ESO y un alumno de 2\u00ba de BAT. El acto es abierto a la ciudadan\u00eda.<\/span><\/p>\n","protected":false},"excerpt":{"rendered":"<p>La Regidoria d\u2019Educaci\u00f3 informa que el dimecres 11 de juliol a les 19h, a l\u2019auditori del CMC, s\u2019entregaran els premis al m\u00e8rit escolar. Enguany rebran el diploma dos alumnes de &hellip; <a href=\"https:\/\/bisbalpenedes.com\/web\/2018\/07\/04\/el-dia-11-de-juliol-sentreguen-els-diplomes-al-merit-escolar\/\" class=\"more-link\">Read More<\/a><\/p>\n","protected":false},"author":4,"featured_media":6286,"comment_status":"closed","ping_status":"closed","sticky":false,"template":"","format":"standard","meta":[],"categories":[16],"tags":[],"_links":{"self":[{"href":"https:\/\/bisbalpenedes.com\/web\/wp-json\/wp\/v2\/posts\/6285"}],"collection":[{"href":"https:\/\/bisbalpenedes.com\/web\/wp-json\/wp\/v2\/posts"}],"about":[{"href":"https:\/\/bisbalpenedes.com\/web\/wp-json\/wp\/v2\/types\/post"}],"author":[{"embeddable":true,"href":"https:\/\/bisbalpenedes.com\/web\/wp-json\/wp\/v2\/users\/4"}],"replies":[{"embeddable":true,"href":"https:\/\/bisbalpenedes.com\/web\/wp-json\/wp\/v2\/comments?post=6285"}],"version-history":[{"count":1,"href":"https:\/\/bisbalpenedes.com\/web\/wp-json\/wp\/v2\/posts\/6285\/revisions"}],"predecessor-version":[{"id":6287,"href":"https:\/\/bisbalpenedes.com\/web\/wp-json\/wp\/v2\/posts\/6285\/revisions\/6287"}],"wp:featuredmedia":[{"embeddable":true,"href":"https:\/\/bisbalpenedes.com\/web\/wp-json\/wp\/v2\/media\/6286"}],"wp:attachment":[{"href":"https:\/\/bisbalpenedes.com\/web\/wp-json\/wp\/v2\/media?parent=6285"}],"wp:term":[{"taxonomy":"category","embeddable":true,"href":"https:\/\/bisbalpenedes.com\/web\/wp-json\/wp\/v2\/categories?post=6285"},{"taxonomy":"post_tag","embeddable":true,"href":"https:\/\/bisbalpenedes.com\/web\/wp-json\/wp\/v2\/tags?post=6285"}],"curies":[{"name":"wp","href":"https:\/\/api.w.org\/{rel}","templated":true}]}}