{"id":6282,"date":"2018-07-03T11:28:06","date_gmt":"2018-07-03T10:28:06","guid":{"rendered":"http:\/\/bisbalpenedes.com\/web\/?p=6282"},"modified":"2018-07-03T11:28:06","modified_gmt":"2018-07-03T10:28:06","slug":"oferta-de-feina-es-necessiten-5-peons-de-brigada-forestal","status":"publish","type":"post","link":"https:\/\/bisbalpenedes.com\/web\/2018\/07\/03\/oferta-de-feina-es-necessiten-5-peons-de-brigada-forestal\/","title":{"rendered":"Oferta de feina: es necessiten 5 peons de brigada forestal"},"content":{"rendered":"<p><a href=\"http:\/\/bisbalpenedes.com\/web\/wp-content\/uploads\/2018\/07\/oferta_laboral_DIPTA_forestal2018-001.jpg\"><img loading=\"lazy\" class=\"aligncenter size-medium wp-image-6283\" src=\"http:\/\/bisbalpenedes.com\/web\/wp-content\/uploads\/2018\/07\/oferta_laboral_DIPTA_forestal2018-001-212x300.jpg\" alt=\"oferta_laboral_DIPTA_forestal2018-001\" width=\"212\" height=\"300\" srcset=\"https:\/\/bisbalpenedes.com\/web\/wp-content\/uploads\/2018\/07\/oferta_laboral_DIPTA_forestal2018-001-212x300.jpg 212w, https:\/\/bisbalpenedes.com\/web\/wp-content\/uploads\/2018\/07\/oferta_laboral_DIPTA_forestal2018-001-600x848.jpg 600w, https:\/\/bisbalpenedes.com\/web\/wp-content\/uploads\/2018\/07\/oferta_laboral_DIPTA_forestal2018-001-768x1086.jpg 768w, https:\/\/bisbalpenedes.com\/web\/wp-content\/uploads\/2018\/07\/oferta_laboral_DIPTA_forestal2018-001-724x1024.jpg 724w, https:\/\/bisbalpenedes.com\/web\/wp-content\/uploads\/2018\/07\/oferta_laboral_DIPTA_forestal2018-001.jpg 1191w\" sizes=\"(max-width: 212px) 100vw, 212px\" \/><\/a><\/p>\n<p>El Consell Comarcal del Baix Pened\u00e8s i la Diputaci\u00f3 de Tarragona tiren endavant un nou Pla d&#8217;ocupaci\u00f3 al Baix Pened\u00e8s. Es necessiten 5 peons de brigada forestal.<\/p>\n<p>Termini d&#8217;inscripci\u00f3: del 2 al 13 de juliol de 2018<\/p>\n<p>Inscripcions:<\/p>\n<p style=\"padding-left: 30px;\">-Oficina de Treball del Vendrell<\/p>\n<p style=\"padding-left: 30px;\">-Oferta n\u00famero 09-2018-20208<\/p>\n<p style=\"padding-left: 30px;\">-Empresa: Diputaci\u00f3 de Tarragona<\/p>\n<p>Requisits:<\/p>\n<p style=\"padding-left: 30px;\">-Estar inscrit a l&#8217;OTG com a demandant d&#8217;ocupaci\u00f3<\/p>\n<p style=\"padding-left: 30px;\">-Ser persona no ocupada i acumular un m\u00ednim de 6 mesos d&#8217;atur en els \u00faltims 18 mesos a data de 2 de juliol de 2018<\/p>\n<p style=\"padding-left: 30px;\">-No haver participat en un pla d&#8217;ocupaci\u00f3 de la Diputaci\u00f3 de Tarragona de la convocat\u00f2ria 2017<\/p>\n<p>Per a m\u00e9s informaci\u00f3 us podeu adre\u00e7ar al Consell Comarcal del Baix Pened\u00e8s\u00a0ocupacio@baixpenedes.cat o a l&#8217;OTG (Cam\u00ed Reial, 17-19, El Vendrell)<\/p>\n<hr \/>\n<p>CASTELLANO | El Consell Comarcal del Baix Pened\u00e8s y la Diputaci\u00f3 de Tarragona llevan a cabo un nuevo Pla d&#8217;ocupaci\u00f3 en el Baix Pened\u00e8s. Se necesitan 5 peones de brigada forestal.<\/p>\n<p>Plazo de inscripci\u00f3n: del 2 al 13 de julio del 2018<\/p>\n<p>Inscripciones:<\/p>\n<p style=\"padding-left: 30px;\">-Oficina de Treball del Vendrell<\/p>\n<p style=\"padding-left: 30px;\">-Oferta n\u00famero 09-2018-20208<\/p>\n<p style=\"padding-left: 30px;\">-Empresa: Diputaci\u00f3 de Tarragona<\/p>\n<p>Requisitos:<\/p>\n<p style=\"padding-left: 30px;\">-Estar inscrito en la OTG como demandante de ocupaci\u00f3n<\/p>\n<p style=\"padding-left: 30px;\">-Ser persona no ocupada y acumular un m\u00ednimo de 6 meses en el paro en los \u00faltimos 18 meses a fecha de 2 de julio del 2018<\/p>\n<p style=\"padding-left: 30px;\">-No haber participado en un plan de ocupaci\u00f3n de la Diputaci\u00f3n de Tarragona de la convocatoria 2017<\/p>\n<p>Para m\u00e1s informaci\u00f3n os pod\u00e9is dirigir al Consell Comarcal del Baix Pened\u00e8s ocupacio@baixpenedes.cat o a la OTG (Cam\u00ed Reial, 17-19, El Vendrell)<\/p>\n<p>&nbsp;<\/p>\n<p>&nbsp;<\/p>\n<p>&nbsp;<\/p>\n","protected":false},"excerpt":{"rendered":"<p>El Consell Comarcal del Baix Pened\u00e8s i la Diputaci\u00f3 de Tarragona tiren endavant un nou Pla d&#8217;ocupaci\u00f3 al Baix Pened\u00e8s. Es necessiten 5 peons de brigada forestal. Termini d&#8217;inscripci\u00f3: del &hellip; <a href=\"https:\/\/bisbalpenedes.com\/web\/2018\/07\/03\/oferta-de-feina-es-necessiten-5-peons-de-brigada-forestal\/\" class=\"more-link\">Read More<\/a><\/p>\n","protected":false},"author":4,"featured_media":6283,"comment_status":"closed","ping_status":"closed","sticky":false,"template":"","format":"standard","meta":[],"categories":[9],"tags":[2039,459,396,2040,100,41,10,2038,2037,1792,2036],"_links":{"self":[{"href":"https:\/\/bisbalpenedes.com\/web\/wp-json\/wp\/v2\/posts\/6282"}],"collection":[{"href":"https:\/\/bisbalpenedes.com\/web\/wp-json\/wp\/v2\/posts"}],"about":[{"href":"https:\/\/bisbalpenedes.com\/web\/wp-json\/wp\/v2\/types\/post"}],"author":[{"embeddable":true,"href":"https:\/\/bisbalpenedes.com\/web\/wp-json\/wp\/v2\/users\/4"}],"replies":[{"embeddable":true,"href":"https:\/\/bisbalpenedes.com\/web\/wp-json\/wp\/v2\/comments?post=6282"}],"version-history":[{"count":1,"href":"https:\/\/bisbalpenedes.com\/web\/wp-json\/wp\/v2\/posts\/6282\/revisions"}],"predecessor-version":[{"id":6284,"href":"https:\/\/bisbalpenedes.com\/web\/wp-json\/wp\/v2\/posts\/6282\/revisions\/6284"}],"wp:featuredmedia":[{"embeddable":true,"href":"https:\/\/bisbalpenedes.com\/web\/wp-json\/wp\/v2\/media\/6283"}],"wp:attachment":[{"href":"https:\/\/bisbalpenedes.com\/web\/wp-json\/wp\/v2\/media?parent=6282"}],"wp:term":[{"taxonomy":"category","embeddable":true,"href":"https:\/\/bisbalpenedes.com\/web\/wp-json\/wp\/v2\/categories?post=6282"},{"taxonomy":"post_tag","embeddable":true,"href":"https:\/\/bisbalpenedes.com\/web\/wp-json\/wp\/v2\/tags?post=6282"}],"curies":[{"name":"wp","href":"https:\/\/api.w.org\/{rel}","templated":true}]}}