{"id":6270,"date":"2018-07-02T13:17:33","date_gmt":"2018-07-02T12:17:33","guid":{"rendered":"http:\/\/bisbalpenedes.com\/web\/?p=6270"},"modified":"2018-07-02T13:17:33","modified_gmt":"2018-07-02T12:17:33","slug":"el-diumenge-8-de-juliol-gaudeix-de-la-festa-del-barri-de-lortigos","status":"publish","type":"post","link":"https:\/\/bisbalpenedes.com\/web\/2018\/07\/02\/el-diumenge-8-de-juliol-gaudeix-de-la-festa-del-barri-de-lortigos\/","title":{"rendered":"El diumenge 8 de juliol gaudeix de la Festa del Barri de l&#8217;Ortig\u00f3s"},"content":{"rendered":"<p><span style=\"color: #000000;\">El diumenge 8 de juliol se celebra la festa del Barri de l&#8217;Ortig\u00f3s. Hi haur\u00e0 havaneres amb el grup Montju\u00efc i rom cremat. En finalitzar el directe, hi haur\u00e0 coca i cava per als assistents.<\/span><\/p>\n<hr \/>\n<p><span style=\"color: #000000;\"><strong>CASTELLANO<\/strong> |El domingo 8 de julio se celebra la fiesta del Barri de l&#8217;Ortig\u00f3s. Habr\u00e1 habaneras con el grupo Montju\u00efc y ron quemado. Al finalizar el directo, habr\u00e1 coca y cava para los asistentes.<\/span><\/p>\n<p><a href=\"http:\/\/bisbalpenedes.com\/web\/wp-content\/uploads\/2018\/07\/FESTA-ORTIGOS-18A.jpg\"><img loading=\"lazy\" class=\"aligncenter size-large wp-image-6271\" src=\"http:\/\/bisbalpenedes.com\/web\/wp-content\/uploads\/2018\/07\/FESTA-ORTIGOS-18A-730x1024.jpg\" alt=\"FESTA-ORTIGOS-18A\" width=\"630\" height=\"884\" srcset=\"https:\/\/bisbalpenedes.com\/web\/wp-content\/uploads\/2018\/07\/FESTA-ORTIGOS-18A-730x1024.jpg 730w, https:\/\/bisbalpenedes.com\/web\/wp-content\/uploads\/2018\/07\/FESTA-ORTIGOS-18A-600x842.jpg 600w, https:\/\/bisbalpenedes.com\/web\/wp-content\/uploads\/2018\/07\/FESTA-ORTIGOS-18A-214x300.jpg 214w, https:\/\/bisbalpenedes.com\/web\/wp-content\/uploads\/2018\/07\/FESTA-ORTIGOS-18A-768x1078.jpg 768w, https:\/\/bisbalpenedes.com\/web\/wp-content\/uploads\/2018\/07\/FESTA-ORTIGOS-18A.jpg 850w\" sizes=\"(max-width: 630px) 100vw, 630px\" \/><\/a><\/p>\n","protected":false},"excerpt":{"rendered":"<p>El diumenge 8 de juliol se celebra la festa del Barri de l&#8217;Ortig\u00f3s. Hi haur\u00e0 havaneres amb el grup Montju\u00efc i rom cremat. En finalitzar el directe, hi haur\u00e0 coca &hellip; <a href=\"https:\/\/bisbalpenedes.com\/web\/2018\/07\/02\/el-diumenge-8-de-juliol-gaudeix-de-la-festa-del-barri-de-lortigos\/\" class=\"more-link\">Read More<\/a><\/p>\n","protected":false},"author":4,"featured_media":6271,"comment_status":"closed","ping_status":"closed","sticky":false,"template":"","format":"standard","meta":[],"categories":[1042],"tags":[196,77,2035,557,2034,78,589,604,452],"_links":{"self":[{"href":"https:\/\/bisbalpenedes.com\/web\/wp-json\/wp\/v2\/posts\/6270"}],"collection":[{"href":"https:\/\/bisbalpenedes.com\/web\/wp-json\/wp\/v2\/posts"}],"about":[{"href":"https:\/\/bisbalpenedes.com\/web\/wp-json\/wp\/v2\/types\/post"}],"author":[{"embeddable":true,"href":"https:\/\/bisbalpenedes.com\/web\/wp-json\/wp\/v2\/users\/4"}],"replies":[{"embeddable":true,"href":"https:\/\/bisbalpenedes.com\/web\/wp-json\/wp\/v2\/comments?post=6270"}],"version-history":[{"count":2,"href":"https:\/\/bisbalpenedes.com\/web\/wp-json\/wp\/v2\/posts\/6270\/revisions"}],"predecessor-version":[{"id":6273,"href":"https:\/\/bisbalpenedes.com\/web\/wp-json\/wp\/v2\/posts\/6270\/revisions\/6273"}],"wp:featuredmedia":[{"embeddable":true,"href":"https:\/\/bisbalpenedes.com\/web\/wp-json\/wp\/v2\/media\/6271"}],"wp:attachment":[{"href":"https:\/\/bisbalpenedes.com\/web\/wp-json\/wp\/v2\/media?parent=6270"}],"wp:term":[{"taxonomy":"category","embeddable":true,"href":"https:\/\/bisbalpenedes.com\/web\/wp-json\/wp\/v2\/categories?post=6270"},{"taxonomy":"post_tag","embeddable":true,"href":"https:\/\/bisbalpenedes.com\/web\/wp-json\/wp\/v2\/tags?post=6270"}],"curies":[{"name":"wp","href":"https:\/\/api.w.org\/{rel}","templated":true}]}}