{"id":6267,"date":"2018-07-02T13:12:54","date_gmt":"2018-07-02T12:12:54","guid":{"rendered":"http:\/\/bisbalpenedes.com\/web\/?p=6267"},"modified":"2018-07-02T13:12:54","modified_gmt":"2018-07-02T12:12:54","slug":"la-regidoria-durbanisme-treballa-en-la-construccio-del-local-social-de-la-miralba","status":"publish","type":"post","link":"https:\/\/bisbalpenedes.com\/web\/2018\/07\/02\/la-regidoria-durbanisme-treballa-en-la-construccio-del-local-social-de-la-miralba\/","title":{"rendered":"La Regidoria d&#8217;Urbanisme treballa en la construcci\u00f3 del local social de La Miralba"},"content":{"rendered":"<p style=\"text-align: justify;\"><a href=\"http:\/\/bisbalpenedes.com\/web\/wp-content\/uploads\/2018\/07\/fonaments-local-miralba.jpg\"><img loading=\"lazy\" class=\"aligncenter size-large wp-image-6268\" src=\"http:\/\/bisbalpenedes.com\/web\/wp-content\/uploads\/2018\/07\/fonaments-local-miralba-1024x768.jpg\" alt=\"fonaments local miralba\" width=\"630\" height=\"473\" srcset=\"https:\/\/bisbalpenedes.com\/web\/wp-content\/uploads\/2018\/07\/fonaments-local-miralba-1024x768.jpg 1024w, https:\/\/bisbalpenedes.com\/web\/wp-content\/uploads\/2018\/07\/fonaments-local-miralba-600x450.jpg 600w, https:\/\/bisbalpenedes.com\/web\/wp-content\/uploads\/2018\/07\/fonaments-local-miralba-300x225.jpg 300w, https:\/\/bisbalpenedes.com\/web\/wp-content\/uploads\/2018\/07\/fonaments-local-miralba-768x576.jpg 768w, https:\/\/bisbalpenedes.com\/web\/wp-content\/uploads\/2018\/07\/fonaments-local-miralba.jpg 1600w\" sizes=\"(max-width: 630px) 100vw, 630px\" \/><\/a><\/p>\n<p style=\"text-align: justify;\"><span style=\"color: #000000;\">La Regidoria d&#8217;Urbanisme informa que s&#8217;est\u00e0 treballant en la construcci\u00f3 del Local Social de la Miralba al carrer Gladiol. Fins ara s&#8217;ha fet la neteja i el desbrossament del terreny, s&#8217;ha reomplert el terreny amb terres fins a arribar al nivell al qual s&#8217;ha de treballar, s&#8217;ha posat l&#8217;armadura i s&#8217;ha reomplert de formig\u00f3. Est\u00e0 previst que l\u2019equipament pugui entrar en funcionament a finals d\u2019aquest any o principis de l\u2019any vinent.<\/span><\/p>\n<p style=\"text-align: justify;\"><span style=\"color: #000000;\">&#8212;<\/span><\/p>\n<p style=\"text-align: justify;\"><span style=\"color: #000000;\"><strong>CASTELLANO |<\/strong> La Regidoria d&#8217;Urbanisme informa<span class=\"text_exposed_show\">\u00a0que se est\u00e1 trabajando en la construcci\u00f3n del Local Social de la Miralba en la calle Gladiol. Hasta ahora se ha hecho la limpieza y el desbrozamiento del terreno, se ha rellenado el terreno con tierras hasta llegar al nivel al que se tiene que trabajar, se ha puesto la armadura y se ha rellenado de hormig\u00f3n. Est\u00e1 previsto que el equipamiento pueda entrar en funcionamiento a finales de este a\u00f1o o principios del a\u00f1o que viene.<\/span><\/span><\/p>\n","protected":false},"excerpt":{"rendered":"<p>La Regidoria d&#8217;Urbanisme informa que s&#8217;est\u00e0 treballant en la construcci\u00f3 del Local Social de la Miralba al carrer Gladiol. Fins ara s&#8217;ha fet la neteja i el desbrossament del terreny, &hellip; <a href=\"https:\/\/bisbalpenedes.com\/web\/2018\/07\/02\/la-regidoria-durbanisme-treballa-en-la-construccio-del-local-social-de-la-miralba\/\" class=\"more-link\">Read More<\/a><\/p>\n","protected":false},"author":4,"featured_media":6268,"comment_status":"closed","ping_status":"closed","sticky":false,"template":"","format":"standard","meta":[],"categories":[15],"tags":[2032,2033,2031,246,247,199],"_links":{"self":[{"href":"https:\/\/bisbalpenedes.com\/web\/wp-json\/wp\/v2\/posts\/6267"}],"collection":[{"href":"https:\/\/bisbalpenedes.com\/web\/wp-json\/wp\/v2\/posts"}],"about":[{"href":"https:\/\/bisbalpenedes.com\/web\/wp-json\/wp\/v2\/types\/post"}],"author":[{"embeddable":true,"href":"https:\/\/bisbalpenedes.com\/web\/wp-json\/wp\/v2\/users\/4"}],"replies":[{"embeddable":true,"href":"https:\/\/bisbalpenedes.com\/web\/wp-json\/wp\/v2\/comments?post=6267"}],"version-history":[{"count":1,"href":"https:\/\/bisbalpenedes.com\/web\/wp-json\/wp\/v2\/posts\/6267\/revisions"}],"predecessor-version":[{"id":6269,"href":"https:\/\/bisbalpenedes.com\/web\/wp-json\/wp\/v2\/posts\/6267\/revisions\/6269"}],"wp:featuredmedia":[{"embeddable":true,"href":"https:\/\/bisbalpenedes.com\/web\/wp-json\/wp\/v2\/media\/6268"}],"wp:attachment":[{"href":"https:\/\/bisbalpenedes.com\/web\/wp-json\/wp\/v2\/media?parent=6267"}],"wp:term":[{"taxonomy":"category","embeddable":true,"href":"https:\/\/bisbalpenedes.com\/web\/wp-json\/wp\/v2\/categories?post=6267"},{"taxonomy":"post_tag","embeddable":true,"href":"https:\/\/bisbalpenedes.com\/web\/wp-json\/wp\/v2\/tags?post=6267"}],"curies":[{"name":"wp","href":"https:\/\/api.w.org\/{rel}","templated":true}]}}