{"id":6264,"date":"2018-07-02T12:18:41","date_gmt":"2018-07-02T11:18:41","guid":{"rendered":"http:\/\/bisbalpenedes.com\/web\/?p=6264"},"modified":"2018-07-02T12:18:41","modified_gmt":"2018-07-02T11:18:41","slug":"la-xarxa-docupacio-del-baix-penedes-ofereix-un-nou-curs-doperari-industrial-i-logistica","status":"publish","type":"post","link":"https:\/\/bisbalpenedes.com\/web\/2018\/07\/02\/la-xarxa-docupacio-del-baix-penedes-ofereix-un-nou-curs-doperari-industrial-i-logistica\/","title":{"rendered":"La Xarxa d&#8217;ocupaci\u00f3 del Baix Pened\u00e8s ofereix un nou curs d&#8217;Operari Industrial i Log\u00edstica"},"content":{"rendered":"<p><a href=\"http:\/\/bisbalpenedes.com\/web\/wp-content\/uploads\/2018\/07\/Cartell-Operari-industrial-i-logistica-001.jpg\"><img loading=\"lazy\" class=\"aligncenter size-large wp-image-6265\" src=\"http:\/\/bisbalpenedes.com\/web\/wp-content\/uploads\/2018\/07\/Cartell-Operari-industrial-i-logistica-001-724x1024.jpg\" alt=\"Cartell Operari industrial i logistica-001\" width=\"630\" height=\"891\" srcset=\"https:\/\/bisbalpenedes.com\/web\/wp-content\/uploads\/2018\/07\/Cartell-Operari-industrial-i-logistica-001-724x1024.jpg 724w, https:\/\/bisbalpenedes.com\/web\/wp-content\/uploads\/2018\/07\/Cartell-Operari-industrial-i-logistica-001-600x848.jpg 600w, https:\/\/bisbalpenedes.com\/web\/wp-content\/uploads\/2018\/07\/Cartell-Operari-industrial-i-logistica-001-212x300.jpg 212w, https:\/\/bisbalpenedes.com\/web\/wp-content\/uploads\/2018\/07\/Cartell-Operari-industrial-i-logistica-001-768x1086.jpg 768w, https:\/\/bisbalpenedes.com\/web\/wp-content\/uploads\/2018\/07\/Cartell-Operari-industrial-i-logistica-001.jpg 1191w\" sizes=\"(max-width: 630px) 100vw, 630px\" \/><\/a><\/p>\n<p style=\"text-align: justify;\"><span style=\"color: #000000;\">La Xarxa d\u2019Ocupaci\u00f3 del Baix Pened\u00e8s tira endavant un nou curs d\u2019Operari Industrial i Log\u00edstica<\/span><\/p>\n<p style=\"text-align: justify;\"><span style=\"color: #000000;\">El curs es far\u00e0 del 17 de setembre al 15 d\u2019octubre de 8 a 14h (6 hores di\u00e0ries)<\/span><\/p>\n<p style=\"text-align: justify;\"><span style=\"color: #000000;\">Per a m\u00e9s informaci\u00f3 contacta amb el <a href=\"http:\/\/bisbalpenedes.com\/web\/som-bisbal\/\" target=\"_blank\">SOM Bisbal<\/a> o entra al web <a style=\"color: #000000;\" href=\"http:\/\/www.xarxaocupaciobp.cat\">www.xarxaocupaciobp.cat<\/a><\/span><\/p>\n<hr \/>\n<p style=\"text-align: justify;\"><span style=\"color: #000000;\">La Xarxa d\u2019Ocupaci\u00f3 del Baix Pened\u00e8s llevar\u00e1 a cabo un nuevo curso de Operario Industrial y Log\u00edstica<\/span><\/p>\n<p style=\"text-align: justify;\"><span style=\"color: #000000;\">El curso se har\u00e1 del 17 de septiembre al 15 de octubre de 8 a 14h (6 horas al d\u00eda).<\/span><\/p>\n<p style=\"text-align: justify;\"><span style=\"color: #000000;\">Para m\u00e1s informaci\u00f3n contacta con el <a href=\"http:\/\/bisbalpenedes.com\/web\/som-bisbal\/\" target=\"_blank\">SOM Bisbal<\/a> o entra en la p\u00e1gina web <a style=\"color: #000000;\" href=\"http:\/\/www.xarxaocupaciobp.cat\">www.xarxaocupaciobp.cat<\/a><\/span><\/p>\n","protected":false},"excerpt":{"rendered":"<p>La Xarxa d\u2019Ocupaci\u00f3 del Baix Pened\u00e8s tira endavant un nou curs d\u2019Operari Industrial i Log\u00edstica El curs es far\u00e0 del 17 de setembre al 15 d\u2019octubre de 8 a 14h &hellip; <a href=\"https:\/\/bisbalpenedes.com\/web\/2018\/07\/02\/la-xarxa-docupacio-del-baix-penedes-ofereix-un-nou-curs-doperari-industrial-i-logistica\/\" class=\"more-link\">Read More<\/a><\/p>\n","protected":false},"author":4,"featured_media":6265,"comment_status":"closed","ping_status":"closed","sticky":false,"template":"","format":"standard","meta":[],"categories":[9],"tags":[62,447,644,10,2030,271,1500],"_links":{"self":[{"href":"https:\/\/bisbalpenedes.com\/web\/wp-json\/wp\/v2\/posts\/6264"}],"collection":[{"href":"https:\/\/bisbalpenedes.com\/web\/wp-json\/wp\/v2\/posts"}],"about":[{"href":"https:\/\/bisbalpenedes.com\/web\/wp-json\/wp\/v2\/types\/post"}],"author":[{"embeddable":true,"href":"https:\/\/bisbalpenedes.com\/web\/wp-json\/wp\/v2\/users\/4"}],"replies":[{"embeddable":true,"href":"https:\/\/bisbalpenedes.com\/web\/wp-json\/wp\/v2\/comments?post=6264"}],"version-history":[{"count":1,"href":"https:\/\/bisbalpenedes.com\/web\/wp-json\/wp\/v2\/posts\/6264\/revisions"}],"predecessor-version":[{"id":6266,"href":"https:\/\/bisbalpenedes.com\/web\/wp-json\/wp\/v2\/posts\/6264\/revisions\/6266"}],"wp:featuredmedia":[{"embeddable":true,"href":"https:\/\/bisbalpenedes.com\/web\/wp-json\/wp\/v2\/media\/6265"}],"wp:attachment":[{"href":"https:\/\/bisbalpenedes.com\/web\/wp-json\/wp\/v2\/media?parent=6264"}],"wp:term":[{"taxonomy":"category","embeddable":true,"href":"https:\/\/bisbalpenedes.com\/web\/wp-json\/wp\/v2\/categories?post=6264"},{"taxonomy":"post_tag","embeddable":true,"href":"https:\/\/bisbalpenedes.com\/web\/wp-json\/wp\/v2\/tags?post=6264"}],"curies":[{"name":"wp","href":"https:\/\/api.w.org\/{rel}","templated":true}]}}