{"id":6247,"date":"2018-06-30T18:34:29","date_gmt":"2018-06-30T17:34:29","guid":{"rendered":"http:\/\/bisbalpenedes.com\/web\/?p=6247"},"modified":"2018-06-30T18:57:22","modified_gmt":"2018-06-30T17:57:22","slug":"aquest-estiu-tambe-podreu-trobar-la-biblioteca-a-la-piscina","status":"publish","type":"post","link":"https:\/\/bisbalpenedes.com\/web\/2018\/06\/30\/aquest-estiu-tambe-podreu-trobar-la-biblioteca-a-la-piscina\/","title":{"rendered":"Aquest estiu tamb\u00e9 podreu trobar la Biblioteca a la Piscina!"},"content":{"rendered":"<p style=\"text-align: justify;\"><span style=\"color: #000000;\">A partir del dimecres 4 de juliol, tots els dimecres i divendres de juliol de 16.30h a 20.00h podreu gaudir de la Bibliopiscina.<\/span><\/p>\n<p style=\"text-align: justify;\"><span style=\"color: #000000;\"><strong>En qu\u00e8 consisteix?<\/strong><\/span><\/p>\n<p style=\"text-align: justify;\"><span style=\"color: #000000;\">Podreu llegir diaris, revistes, novel\u00b7les, c\u00f2mics i contes a la piscina, de forma gratu\u00efta, els dimecres i divendres de juliol, entre les 16.30h i les 20.00h.<\/span><\/p>\n<p style=\"text-align: justify;\"><span style=\"color: #000000;\"><strong>I sempre hi haur\u00e0 els mateixos llibres?<\/strong><\/span><\/p>\n<p style=\"text-align: justify;\"><span style=\"color: #000000;\">No, el fons disponible anir\u00e0 variant i comptar\u00e0 amb llibres per a totes les edats.<\/span><\/p>\n<p style=\"text-align: justify;\"><span style=\"color: #000000;\"><strong>I l&#8217;horari de la Biblioteca P\u00fablica, ser\u00e0 el mateix?<\/strong><\/span><\/p>\n<p style=\"text-align: justify;\"><span style=\"color: #000000;\">Els dimecres i divendres a la tarda la Biblioteca estar\u00e0 tancada perqu\u00e8 &#8216;es traslladar\u00e0&#8217; a la piscina. Aquest \u00e9s l&#8217;horari d&#8217;estiu de la Biblioteca:<\/span><\/p>\n<p style=\"text-align: justify;\"><span style=\"color: #000000;\"><a style=\"color: #000000;\" href=\"http:\/\/bisbalpenedes.com\/web\/wp-content\/uploads\/2018\/06\/cartell-horari-estiu-1-biblio.jpg\"><img loading=\"lazy\" class=\"aligncenter size-medium wp-image-6248\" src=\"http:\/\/bisbalpenedes.com\/web\/wp-content\/uploads\/2018\/06\/cartell-horari-estiu-1-biblio-300x212.jpg\" alt=\"cartell horari estiu-1-biblio\" width=\"300\" height=\"212\" srcset=\"https:\/\/bisbalpenedes.com\/web\/wp-content\/uploads\/2018\/06\/cartell-horari-estiu-1-biblio-300x212.jpg 300w, https:\/\/bisbalpenedes.com\/web\/wp-content\/uploads\/2018\/06\/cartell-horari-estiu-1-biblio-600x424.jpg 600w, https:\/\/bisbalpenedes.com\/web\/wp-content\/uploads\/2018\/06\/cartell-horari-estiu-1-biblio-768x543.jpg 768w, https:\/\/bisbalpenedes.com\/web\/wp-content\/uploads\/2018\/06\/cartell-horari-estiu-1-biblio-1024x724.jpg 1024w\" sizes=\"(max-width: 300px) 100vw, 300px\" \/><\/a><\/span><\/p>\n<p style=\"text-align: justify;\"><span style=\"color: #000000;\"><strong>Quins serveis de la Biblioteca podr\u00e9 gaudir a la piscina?<\/strong><\/span><\/p>\n<p style=\"text-align: justify;\"><span style=\"color: #000000;\">Podr\u00e0s agafar exemplars per llegir durant la jornada, emportar-te llibres o reservar t\u00edtols en pr\u00e8stec.<\/span><\/p>\n<p style=\"text-align: justify;\"><span style=\"color: #000000;\"><strong>A on em puc adre\u00e7ar si tinc dubtes?<\/strong><\/span><\/p>\n<p style=\"text-align: justify;\"><span style=\"color: #000000;\">Pots adre\u00e7ar-te al correu electr\u00f2nic <a style=\"color: #000000;\" href=\"mailto:biblioteca@bisbalpenedes.com\" target=\"_blank\">biblioteca@bisbalpenedes.com<\/a> i a la p\u00e0gina de <a style=\"color: #000000;\" href=\"https:\/\/www.facebook.com\/BibliotecaBisbal\/\" target=\"_blank\">Facebook de la Biblioteca.<\/a><\/span><\/p>\n<hr \/>\n<p style=\"text-align: justify;\"><span style=\"color: #000000;\">A partir del mi\u00e9rcoles 4 de julio, todos los mi\u00e9rcoles y viernes de julio, de 16.30h a 20.00h, podr\u00e9is disfrutar de la Bibliopiscina.<\/span><\/p>\n<p style=\"text-align: justify;\"><span style=\"color: #000000;\"><strong>\u00bfEn qu\u00e9 consiste?<\/strong><\/span><\/p>\n<p style=\"text-align: justify;\"><span style=\"color: #000000;\">Podr\u00e9is leer diarios, revistas, novelas, c\u00f3mics y cuentos en la piscina, de forma gratuita, los mi\u00e9rcoles y viernes de julio, entre las 16.30h y las 20.00h.<\/span><\/p>\n<p style=\"text-align: justify;\"><span style=\"color: #000000;\"><strong>\u00bfY siempre habr\u00e1 los mismos libros?<\/strong><\/span><\/p>\n<p style=\"text-align: justify;\"><span style=\"color: #000000;\">No, los libros disponibles ir\u00e1n variando y se contar\u00e1 con vol\u00famenes para todas las edades.<\/span><\/p>\n<p style=\"text-align: justify;\"><span style=\"color: #000000;\"><strong>\u00bfY el horario de la Biblioteca P\u00fablica, ser\u00e1 el mismo?<\/strong><\/span><\/p>\n<p style=\"text-align: justify;\"><span style=\"color: #000000;\">Los mi\u00e9rcoles y los viernes por la tarde la Biblioteca estar\u00e1 cerrada porqu\u00e9 &#8216;se trasladar\u00e1&#8217; a la piscina. Este es el horario de verano de la Biblioteca:<\/span><\/p>\n<p style=\"text-align: justify;\"><span style=\"color: #000000;\"><a style=\"color: #000000;\" href=\"http:\/\/bisbalpenedes.com\/web\/wp-content\/uploads\/2018\/06\/cartell-horari-estiu-1-biblio.jpg\"><img loading=\"lazy\" class=\"aligncenter size-medium wp-image-6248\" src=\"http:\/\/bisbalpenedes.com\/web\/wp-content\/uploads\/2018\/06\/cartell-horari-estiu-1-biblio-300x212.jpg\" alt=\"cartell horari estiu-1-biblio\" width=\"300\" height=\"212\" srcset=\"https:\/\/bisbalpenedes.com\/web\/wp-content\/uploads\/2018\/06\/cartell-horari-estiu-1-biblio-300x212.jpg 300w, https:\/\/bisbalpenedes.com\/web\/wp-content\/uploads\/2018\/06\/cartell-horari-estiu-1-biblio-600x424.jpg 600w, https:\/\/bisbalpenedes.com\/web\/wp-content\/uploads\/2018\/06\/cartell-horari-estiu-1-biblio-768x543.jpg 768w, https:\/\/bisbalpenedes.com\/web\/wp-content\/uploads\/2018\/06\/cartell-horari-estiu-1-biblio-1024x724.jpg 1024w\" sizes=\"(max-width: 300px) 100vw, 300px\" \/><\/a><\/span><\/p>\n<p style=\"text-align: justify;\"><span style=\"color: #000000;\"><strong>\u00bfQu\u00e9 servicios de la Biblioteca podr\u00e9 disfrutar en la piscina?<\/strong><\/span><\/p>\n<p style=\"text-align: justify;\"><span style=\"color: #000000;\">Podr\u00e1s coger ejemplares para leer durante la jornada, llevarte libros o reservar t\u00edtulos en pr\u00e9stamo.<\/span><\/p>\n<p style=\"text-align: justify;\"><span style=\"color: #000000;\"><strong>\u00bfA d\u00f3nde me puedo dirigir si tengo dudas?<\/strong><\/span><\/p>\n<p style=\"text-align: justify;\"><span style=\"color: #000000;\">Puedes dirigirte al correo electr\u00f3nico <a style=\"color: #000000;\" href=\"mailto:biblioteca@bisbalpenedes.com\">biblioteca@bisbalpenedes.com<\/a> y a la p\u00e1gina de <a style=\"color: #000000;\" href=\"https:\/\/www.facebook.com\/BibliotecaBisbal\/\" target=\"_blank\">Facebook de la Biblioteca<\/a><\/span><\/p>\n<p>&nbsp;<\/p>\n","protected":false},"excerpt":{"rendered":"<p>A partir del dimecres 4 de juliol, tots els dimecres i divendres de juliol de 16.30h a 20.00h podreu gaudir de la Bibliopiscina. En qu\u00e8 consisteix? Podreu llegir diaris, revistes, &hellip; <a href=\"https:\/\/bisbalpenedes.com\/web\/2018\/06\/30\/aquest-estiu-tambe-podreu-trobar-la-biblioteca-a-la-piscina\/\" class=\"more-link\">Read More<\/a><\/p>\n","protected":false},"author":4,"featured_media":2660,"comment_status":"closed","ping_status":"closed","sticky":false,"template":"","format":"standard","meta":[],"categories":[13],"tags":[2026,180,2028,784,414,148,2029,2027,466],"_links":{"self":[{"href":"https:\/\/bisbalpenedes.com\/web\/wp-json\/wp\/v2\/posts\/6247"}],"collection":[{"href":"https:\/\/bisbalpenedes.com\/web\/wp-json\/wp\/v2\/posts"}],"about":[{"href":"https:\/\/bisbalpenedes.com\/web\/wp-json\/wp\/v2\/types\/post"}],"author":[{"embeddable":true,"href":"https:\/\/bisbalpenedes.com\/web\/wp-json\/wp\/v2\/users\/4"}],"replies":[{"embeddable":true,"href":"https:\/\/bisbalpenedes.com\/web\/wp-json\/wp\/v2\/comments?post=6247"}],"version-history":[{"count":5,"href":"https:\/\/bisbalpenedes.com\/web\/wp-json\/wp\/v2\/posts\/6247\/revisions"}],"predecessor-version":[{"id":6253,"href":"https:\/\/bisbalpenedes.com\/web\/wp-json\/wp\/v2\/posts\/6247\/revisions\/6253"}],"wp:featuredmedia":[{"embeddable":true,"href":"https:\/\/bisbalpenedes.com\/web\/wp-json\/wp\/v2\/media\/2660"}],"wp:attachment":[{"href":"https:\/\/bisbalpenedes.com\/web\/wp-json\/wp\/v2\/media?parent=6247"}],"wp:term":[{"taxonomy":"category","embeddable":true,"href":"https:\/\/bisbalpenedes.com\/web\/wp-json\/wp\/v2\/categories?post=6247"},{"taxonomy":"post_tag","embeddable":true,"href":"https:\/\/bisbalpenedes.com\/web\/wp-json\/wp\/v2\/tags?post=6247"}],"curies":[{"name":"wp","href":"https:\/\/api.w.org\/{rel}","templated":true}]}}