{"id":6244,"date":"2018-06-30T13:31:39","date_gmt":"2018-06-30T12:31:39","guid":{"rendered":"http:\/\/bisbalpenedes.com\/web\/?p=6244"},"modified":"2018-07-19T23:14:20","modified_gmt":"2018-07-19T22:14:20","slug":"el-dilluns-2-de-juliol-comenca-a-operar-una-nova-empresa-encarregada-de-gestionar-el-servei-de-bus-urba","status":"publish","type":"post","link":"https:\/\/bisbalpenedes.com\/web\/2018\/06\/30\/el-dilluns-2-de-juliol-comenca-a-operar-una-nova-empresa-encarregada-de-gestionar-el-servei-de-bus-urba\/","title":{"rendered":"El dilluns 2 de juliol comen\u00e7a a operar una nova empresa encarregada de gestionar el servei de bus urb\u00e0"},"content":{"rendered":"<p>&nbsp;<\/p>\n<p><span style=\"color: #000000;\">L\u2019Ajuntament de la Bisbal del Pened\u00e8s informa que el dilluns dia 2 de juliol comen\u00e7a a operar una nova empresa encarregada de gestionar el servei de bus urb\u00e0.<\/span><\/p>\n<p><span style=\"color: #000000;\">S\u2019ha previst un per\u00edode d\u2019adaptaci\u00f3 al nou servei de bus urb\u00e0 que funcionar\u00e0 com a projecte pilot fins al mes d\u2019octubre:<\/span><\/p>\n<ul>\n<li><span style=\"color: #000000;\">Els primers dies en els quals l\u2019empresa operi a la Bisbal, el servei seguir\u00e0 sent convencional, \u00e9s a dir, amb parades.<\/span><\/li>\n<li><span style=\"color: #000000;\">Passades unes setmanes tamb\u00e9 podreu utilitzar una app que us permetr\u00e0 agafar el bus, sota demanda, des de qualsevol punt del municipi.<\/span><\/li>\n<li><span style=\"color: #000000;\">Fins al mes d\u2019octubre, per\u00edode establert per tirar endavant el pla pilot de mobilitat, s\u2019alternaran els dos serveis: el servei tradicional (amb parades) i el servei sota demanda (que se sol\u00b7licitar\u00e0 a trav\u00e9s de l\u2019app del servei).<\/span><\/li>\n<\/ul>\n<p><span style=\"color: #000000;\">Tot i que l\u2019Ajuntament est\u00e0 duent a terme un servei d\u2019informaci\u00f3 porta a porta, tamb\u00e9 podreu resoldre els vostres dubtes sobre el servei de bus sota demanda a la planta baixa del CMC, on hi haur\u00e0 una treballadora de l\u2019empresa Tunnll, l\u2019encarregada de gestionar el servei de bus urb\u00e0, de dilluns a divendres, de 9.00h a 13.00h. Amb aquesta ampliaci\u00f3 dels serveis d\u2019informaci\u00f3, tant l\u2019empresa que prestar\u00e0 el servei com l\u2019Ajuntament, pretenem resoldre els dubtes que pugueu tenir els usuaris sobre el nou servei.<\/span><\/p>\n<p><span style=\"color: #000000;\">Si us voleu descarregar l\u2019app, cal que contacteu amb el correu electr\u00f2nic bus@bisbalpenedes.com o que truqueu per tel\u00e8fon al 669870302<\/span><\/p>\n<p><span style=\"color: #000000;\">(Al final d&#8217;aquesta nota informativa hi trobareu l&#8217;horari del servei convencional de bus urb\u00e0)<\/span><\/p>\n<hr \/>\n<p><span style=\"color: #000000;\">CASTELLANO | El Ayuntamiento de la Bisbal del Pened\u00e8s informa que el lunes d\u00eda 2 de julio empieza a operar una nueva empresa encargada de gestionar el servicio de autob\u00fas urbano.<\/span><\/p>\n<p><span style=\"color: #000000;\">Se ha previsto un periodo de adaptaci\u00f3n al nuevo servicio que funcionar\u00e1 como proyecto piloto hasta el mes de octubre:<\/span><\/p>\n<ul>\n<li><span style=\"color: #000000;\">Los primeros d\u00edas que la empresa opere en la Bisbal, el servicio seguir\u00e1 siendo convencional, es decir, con paradas.<\/span><\/li>\n<li><span style=\"color: #000000;\">Pasadas unas semanas tambi\u00e9n podr\u00e9is utilizar la app que os permitir\u00e1 coger el autob\u00fas, bajo demanda, desde cualquier punto del municipio.<\/span><\/li>\n<li><span style=\"color: #000000;\">Hasta el mes de octubre, el periodo establecido para llevar a cabo el plan piloto de movilidad, se alternar\u00e1n los dos servicios: el servicio tradicional (con paradas) y el servicio bajo demanda (que se solicitar\u00e1 a trav\u00e9s de la app del servicio).<\/span><\/li>\n<\/ul>\n<p><span style=\"color: #000000;\">Aunque el Ayuntamiento est\u00e1 llevando a cabo un servicio de informaci\u00f3n puerta por puerta, tambi\u00e9n podr\u00e9is resolver vuestras dudas sobre el servicio de bus bajo demanda en la planta baja del CMC, donde encontrar\u00e9is a una trabajadora de Tunnll, la empresa encargada de gestionar el servicio de bus urbano, de lunes a viernes, de 9.00h a 13.00h. Con esta ampliaci\u00f3n de los servicios de informaci\u00f3n, tanto la empresa que prestar\u00e1 el servicio como el Ayuntamiento pretendemos resolver las dudas que pod\u00e1is tener los usuarios sobre el nuevo servicio.<\/span><\/p>\n<p><span style=\"color: #000000;\">Si os quer\u00e9is descargar la app,\u00a0contactad con el correo electr\u00f3nico bus@bisbalpenedes.com o llamar al 669870302\u00a0<\/span><\/p>\n<p>&nbsp;<\/p>\n<p><span style=\"color: #000000;\">A partir del dilluns 2 de juliol, les parades del bus urb\u00e0 seran les seg\u00fcents \/ A partir del lunes 2 de julio, las paradas del bus urbano ser\u00e1n las siguientes:<\/span><\/p>\n<p>&nbsp;<\/p>\n<table>\n<tbody>\n<tr>\n<td width=\"283\"><span style=\"color: #000000;\"><strong>Hora<\/strong><\/span><\/td>\n<td width=\"283\"><span style=\"color: #000000;\"><strong>Parada<\/strong><\/span><\/td>\n<\/tr>\n<tr>\n<td colspan=\"2\" width=\"566\"><span style=\"color: #000000;\"><strong>MAT\u00cd<\/strong><\/span><\/td>\n<\/tr>\n<tr>\n<td width=\"283\"><span style=\"color: #000000;\">07.45h<\/span><\/td>\n<td width=\"283\"><span style=\"color: #000000;\">Carrer Logro\u00f1o (Priorat de la Bisbal)<\/span><\/td>\n<\/tr>\n<tr>\n<td width=\"283\"><span style=\"color: #000000;\">07:47h<\/span><\/td>\n<td width=\"283\"><span style=\"color: #000000;\">Av. Priorat, camp de futbol (Priorat de la B.)<\/span><\/td>\n<\/tr>\n<tr>\n<td width=\"283\"><span style=\"color: #000000;\">07:48h<\/span><\/td>\n<td width=\"283\"><span style=\"color: #000000;\">Av. Priorat\/c. Oviedo (Priorat de la B.)<\/span><\/td>\n<\/tr>\n<tr>\n<td width=\"283\"><span style=\"color: #000000;\">07:50h<\/span><\/td>\n<td width=\"283\"><span style=\"color: #000000;\">Av. Priorat\/c. Huesca (Priorat de la B.)<\/span><\/td>\n<\/tr>\n<tr>\n<td width=\"283\"><span style=\"color: #000000;\">07:51h<\/span><\/td>\n<td width=\"283\"><span style=\"color: #000000;\">C. Huesca\/c. Coru\u00f1a (Priorat de la B.)<\/span><\/td>\n<\/tr>\n<tr>\n<td width=\"283\"><span style=\"color: #000000;\">07:52h<\/span><\/td>\n<td width=\"283\"><span style=\"color: #000000;\">Av. Priorat\/c. Palencia (Priorat de la B.)<\/span><\/td>\n<\/tr>\n<tr>\n<td width=\"283\"><span style=\"color: #000000;\">07:54h<\/span><\/td>\n<td width=\"283\"><span style=\"color: #000000;\">Av. Priorat\/c. Zamora, Bar el Carro (Priorat)<\/span><\/td>\n<\/tr>\n<tr>\n<td width=\"283\"><span style=\"color: #000000;\">07:55h<\/span><\/td>\n<td width=\"283\"><span style=\"color: #000000;\">Av. Priorat\/ Local social (Priorat de la B.)<\/span><\/td>\n<\/tr>\n<tr>\n<td width=\"283\"><span style=\"color: #000000;\">07:56h<\/span><\/td>\n<td width=\"283\"><span style=\"color: #000000;\">C. Logro\u00f1o\/c. Segovia (Priorat de la B.)<\/span><\/td>\n<\/tr>\n<tr>\n<td width=\"283\"><span style=\"color: #000000;\">07:57h<\/span><\/td>\n<td width=\"283\"><span style=\"color: #000000;\">C. Segovia\/ c. Cam\u00ed del Priorat (Priorat)<\/span><\/td>\n<\/tr>\n<tr>\n<td width=\"283\"><span style=\"color: #000000;\">07:59h<\/span><\/td>\n<td width=\"283\"><span style=\"color: #000000;\">C. C\u00f3rdoba\/ c. Huelva (Priorat de la B.)<\/span><\/td>\n<\/tr>\n<tr>\n<td width=\"283\"><span style=\"color: #000000;\">08:03h<\/span><\/td>\n<td width=\"283\"><span style=\"color: #000000;\">C. Francesc Maci\u00e0, parada de bus interurb\u00e0 de la Bisbal<\/span><\/td>\n<\/tr>\n<tr>\n<td width=\"283\"><span style=\"color: #000000;\">08:08h<\/span><\/td>\n<td width=\"283\"><span style=\"color: #000000;\">Carretera Pol\u00edgon 1 (La Miralba)<\/span><\/td>\n<\/tr>\n<tr>\n<td width=\"283\"><span style=\"color: #000000;\">08:12h<\/span><\/td>\n<td width=\"283\"><span style=\"color: #000000;\">C. Gai\u00e0\/ c. Francol\u00ed (Can Gordei)<\/span><\/td>\n<\/tr>\n<tr>\n<td width=\"283\"><span style=\"color: #000000;\">08:15h<\/span><\/td>\n<td width=\"283\"><span style=\"color: #000000;\">Av. Can Gordei, local social (Can Gordei)<\/span><\/td>\n<\/tr>\n<tr>\n<td width=\"283\"><span style=\"color: #000000;\">08:17h<\/span><\/td>\n<td width=\"283\"><span style=\"color: #000000;\">Av. Can Gordei\/c. Ter (Can Gordei)<\/span><\/td>\n<\/tr>\n<tr>\n<td width=\"283\"><span style=\"color: #000000;\">08:19h<\/span><\/td>\n<td width=\"283\"><span style=\"color: #000000;\">C. Cinca\/c. Ter (Can Gordei)<\/span><\/td>\n<\/tr>\n<tr>\n<td width=\"283\"><span style=\"color: #000000;\">08:21h<\/span><\/td>\n<td width=\"283\"><span style=\"color: #000000;\">C. Foix (Can Gordei)<\/span><\/td>\n<\/tr>\n<tr>\n<td width=\"283\"><span style=\"color: #000000;\">08:24h<\/span><\/td>\n<td width=\"283\"><span style=\"color: #000000;\">C. Llobregat\/ c. Bes\u00f3s (Can Gordei)<\/span><\/td>\n<\/tr>\n<tr>\n<td width=\"283\"><span style=\"color: #000000;\">08:26h<\/span><\/td>\n<td width=\"283\"><span style=\"color: #000000;\">C. Ebre\/c. Bes\u00f3s (Can Gordei)<\/span><\/td>\n<\/tr>\n<tr>\n<td width=\"283\"><span style=\"color: #000000;\">08:28h<\/span><\/td>\n<td width=\"283\"><span style=\"color: #000000;\">C. Llobregat\/acc\u00e9s Esplai (Can Gordei)<\/span><\/td>\n<\/tr>\n<tr>\n<td width=\"283\"><span style=\"color: #000000;\">08:32h<\/span><\/td>\n<td width=\"283\"><span style=\"color: #000000;\">C. Santiago Rossinyol\/c. Joan Mir\u00f3 (Esplai)<\/span><\/td>\n<\/tr>\n<tr>\n<td width=\"283\"><span style=\"color: #000000;\">08:34h<\/span><\/td>\n<td width=\"283\"><span style=\"color: #000000;\">C. Joan Mir\u00f3\/ c. F. Ribalta (Esplai)<\/span><\/td>\n<\/tr>\n<tr>\n<td width=\"283\"><span style=\"color: #000000;\">08:37h<\/span><\/td>\n<td width=\"283\"><span style=\"color: #000000;\">C. Pablo Ruiz Picasso\/c. Vel\u00e1zquez (Esplai)<\/span><\/td>\n<\/tr>\n<tr>\n<td width=\"283\"><span style=\"color: #000000;\">08:39h<\/span><\/td>\n<td width=\"283\"><span style=\"color: #000000;\">C. Pablo Ruiz Picasso\/c. Jaume Huguet (Esplai)<\/span><\/td>\n<\/tr>\n<tr>\n<td width=\"283\"><span style=\"color: #000000;\">08:42h<\/span><\/td>\n<td width=\"283\"><span style=\"color: #000000;\">La Masieta (La Masieta)<\/span><\/td>\n<\/tr>\n<tr>\n<td width=\"283\"><span style=\"color: #000000;\">08:45h<\/span><\/td>\n<td width=\"283\"><span style=\"color: #000000;\">Av. De l\u2019Esplai, local social (Esplai)<\/span><\/td>\n<\/tr>\n<tr>\n<td width=\"283\"><span style=\"color: #000000;\">08:48h<\/span><\/td>\n<td width=\"283\"><span style=\"color: #000000;\">C. Garona (Can Gordei)<\/span><\/td>\n<\/tr>\n<tr>\n<td width=\"283\"><span style=\"color: #000000;\">08:53h<\/span><\/td>\n<td width=\"283\"><span style=\"color: #000000;\">La Miralba, pol\u00edgon 2 (La Miralba)<\/span><\/td>\n<\/tr>\n<tr>\n<td width=\"283\"><span style=\"color: #000000;\">09.00h<\/span><\/td>\n<td width=\"283\"><span style=\"color: #000000;\">C. Francesc Maci\u00e0, parada de bus interurb\u00e0 de la Bisbal<\/span><\/td>\n<\/tr>\n<tr>\n<td width=\"283\"><span style=\"color: #000000;\">09:05h<\/span><\/td>\n<td width=\"283\"><span style=\"color: #000000;\">Consultori m\u00e8dic (la Bisbal del Pened\u00e8s)<\/span><\/td>\n<\/tr>\n<tr>\n<td colspan=\"2\" width=\"566\"><span style=\"color: #000000;\"><strong>MIGDIA<\/strong><\/span><\/td>\n<\/tr>\n<tr>\n<td width=\"283\"><span style=\"color: #000000;\">13.00h<\/span><\/td>\n<td width=\"283\"><span style=\"color: #000000;\">Consultori m\u00e8dic (la Bisbal del Pened\u00e8s)<\/span><\/td>\n<\/tr>\n<tr>\n<td width=\"283\"><span style=\"color: #000000;\">13:05h<\/span><\/td>\n<td width=\"283\"><span style=\"color: #000000;\">C. Francesc Maci\u00e0, parada de bus interurb\u00e0 de la Bisbal<\/span><\/td>\n<\/tr>\n<tr>\n<td width=\"283\"><span style=\"color: #000000;\">13:15h<\/span><\/td>\n<td width=\"283\"><span style=\"color: #000000;\">C. Logro\u00f1o (Priorat de la B.)<\/span><\/td>\n<\/tr>\n<tr>\n<td width=\"283\"><span style=\"color: #000000;\">13:17h<\/span><\/td>\n<td width=\"283\"><span style=\"color: #000000;\">Av. Priorat, camp de futbol (Priorat de la B.)<\/span><\/td>\n<\/tr>\n<tr>\n<td width=\"283\"><span style=\"color: #000000;\">13:19h<\/span><\/td>\n<td width=\"283\"><span style=\"color: #000000;\">Av. Priorat \/ c. Oviedo (Priorat de la B.)<\/span><\/td>\n<\/tr>\n<tr>\n<td width=\"283\"><span style=\"color: #000000;\">13:21h<\/span><\/td>\n<td width=\"283\"><span style=\"color: #000000;\">Av. Priorat \/ c. Huesca (Priorat de la B.)<\/span><\/td>\n<\/tr>\n<tr>\n<td width=\"283\"><span style=\"color: #000000;\">13:23h<\/span><\/td>\n<td width=\"283\"><span style=\"color: #000000;\">C. Huesca \/ c. Coru\u00f1a (Priorat de la B.)<\/span><\/td>\n<\/tr>\n<tr>\n<td width=\"283\"><span style=\"color: #000000;\">13:25h<\/span><\/td>\n<td width=\"283\"><span style=\"color: #000000;\">Av. Priorat \/ c. Palencia (Priorat de la B.)<\/span><\/td>\n<\/tr>\n<tr>\n<td width=\"283\"><span style=\"color: #000000;\">13:27h<\/span><\/td>\n<td width=\"283\"><span style=\"color: #000000;\">Av. Priorat\/c. Zamora, Bar el Carro (Priorat)<\/span><\/td>\n<\/tr>\n<tr>\n<td width=\"283\"><span style=\"color: #000000;\">13:28h<\/span><\/td>\n<td width=\"283\"><span style=\"color: #000000;\">Av. Priorat \/ Local Social (Priorat de la B.)<\/span><\/td>\n<\/tr>\n<tr>\n<td width=\"283\"><span style=\"color: #000000;\">13:29h<\/span><\/td>\n<td width=\"283\"><span style=\"color: #000000;\">C. Logro\u00f1o \/ c. Segovia (Priorat de la B.)<\/span><\/td>\n<\/tr>\n<tr>\n<td width=\"283\"><span style=\"color: #000000;\">13:30h<\/span><\/td>\n<td width=\"283\"><span style=\"color: #000000;\">C. Segovia \/ Cam\u00ed del Priorat (Priorat de la B.)<\/span><\/td>\n<\/tr>\n<tr>\n<td width=\"283\"><span style=\"color: #000000;\">13:32h<\/span><\/td>\n<td width=\"283\"><span style=\"color: #000000;\">C. C\u00f3rdoba \/ c. Huelva (Priorat de la B.)<\/span><\/td>\n<\/tr>\n<tr>\n<td width=\"283\"><span style=\"color: #000000;\">13:37h<\/span><\/td>\n<td width=\"283\"><span style=\"color: #000000;\">C. Francesc Maci\u00e0, parada de bus interurb\u00e0 de la Bisbal<\/span><\/td>\n<\/tr>\n<tr>\n<td width=\"283\"><span style=\"color: #000000;\">13:41h<\/span><\/td>\n<td width=\"283\"><span style=\"color: #000000;\">Carretera Pol\u00edgon 1 (La Miralba)<\/span><\/td>\n<\/tr>\n<tr>\n<td width=\"283\"><span style=\"color: #000000;\">13:45h<\/span><\/td>\n<td width=\"283\"><span style=\"color: #000000;\">C. Gai\u00e0 \/ c. Francol\u00ed (Can Gordei)<\/span><\/td>\n<\/tr>\n<tr>\n<td width=\"283\"><span style=\"color: #000000;\">13:47h<\/span><\/td>\n<td width=\"283\"><span style=\"color: #000000;\">Av. Can Gordei\/local social (Can Gordei)<\/span><\/td>\n<\/tr>\n<tr>\n<td width=\"283\"><span style=\"color: #000000;\">13:49h<\/span><\/td>\n<td width=\"283\"><span style=\"color: #000000;\">Av. Can Gordei\/c. Ter (Can Gordei)<\/span><\/td>\n<\/tr>\n<tr>\n<td width=\"283\"><span style=\"color: #000000;\">14:01h<\/span><\/td>\n<td width=\"283\"><span style=\"color: #000000;\">C. Cinca\/c.Ter (Can Gordei)<\/span><\/td>\n<\/tr>\n<tr>\n<td width=\"283\"><span style=\"color: #000000;\">14:03h<\/span><\/td>\n<td width=\"283\"><span style=\"color: #000000;\">C. Foix (Can Gordei)<\/span><\/td>\n<\/tr>\n<tr>\n<td width=\"283\"><span style=\"color: #000000;\">14:06h<\/span><\/td>\n<td width=\"283\"><span style=\"color: #000000;\">C. Llobregat\/c. Bes\u00f3s (Can Gordei)<\/span><\/td>\n<\/tr>\n<tr>\n<td width=\"283\"><span style=\"color: #000000;\">14:08h<\/span><\/td>\n<td width=\"283\"><span style=\"color: #000000;\">C. Ebre\/c. Bes\u00f3s (Can Gordei)<\/span><\/td>\n<\/tr>\n<tr>\n<td width=\"283\"><span style=\"color: #000000;\">14:10h<\/span><\/td>\n<td width=\"283\"><span style=\"color: #000000;\">C. Llobregat\/acc\u00e9s Esplai (Can Gordei)<\/span><\/td>\n<\/tr>\n<tr>\n<td width=\"283\"><span style=\"color: #000000;\">14:14h<\/span><\/td>\n<td width=\"283\"><span style=\"color: #000000;\">C. Santiago Rossinyol \/c. Joan Mir\u00f3 (Esplai)<\/span><\/td>\n<\/tr>\n<tr>\n<td width=\"283\"><span style=\"color: #000000;\">14:17h<\/span><\/td>\n<td width=\"283\"><span style=\"color: #000000;\">C. Joan Mir\u00f3\/c. F. Ribalta (Esplai)<\/span><\/td>\n<\/tr>\n<tr>\n<td width=\"283\"><span style=\"color: #000000;\">14:20h<\/span><\/td>\n<td width=\"283\"><span style=\"color: #000000;\">C. Pablo Ruiz Picasso \/c. Vel\u00e1zquez (Esplai)<\/span><\/td>\n<\/tr>\n<tr>\n<td width=\"283\"><span style=\"color: #000000;\">14:22h<\/span><\/td>\n<td width=\"283\"><span style=\"color: #000000;\">C. Pablo Ruiz Picasso\/c. Jaume Huguet (Esplai)<\/span><\/td>\n<\/tr>\n<tr>\n<td width=\"283\"><span style=\"color: #000000;\">14:25h<\/span><\/td>\n<td width=\"283\"><span style=\"color: #000000;\">La Masieta (La Masieta)<\/span><\/td>\n<\/tr>\n<tr>\n<td width=\"283\"><span style=\"color: #000000;\">14:27h<\/span><\/td>\n<td width=\"283\"><span style=\"color: #000000;\">Av. De l\u2019Esplai, local social (Esplai)<\/span><\/td>\n<\/tr>\n<tr>\n<td width=\"283\"><span style=\"color: #000000;\">14:30h<\/span><\/td>\n<td width=\"283\"><span style=\"color: #000000;\">C. Garona (Can Gordei)<\/span><\/td>\n<\/tr>\n<tr>\n<td width=\"283\"><span style=\"color: #000000;\">14:34h<\/span><\/td>\n<td width=\"283\"><span style=\"color: #000000;\">La Miralba, pol\u00edgon 2 (La Miralba)<\/span><\/td>\n<\/tr>\n<\/tbody>\n<\/table>\n<p>&nbsp;<\/p>\n<p>&nbsp;<\/p>\n","protected":false},"excerpt":{"rendered":"<p>&nbsp; L\u2019Ajuntament de la Bisbal del Pened\u00e8s informa que el dilluns dia 2 de juliol comen\u00e7a a operar una nova empresa encarregada de gestionar el servei de bus urb\u00e0. S\u2019ha &hellip; <a href=\"https:\/\/bisbalpenedes.com\/web\/2018\/06\/30\/el-dilluns-2-de-juliol-comenca-a-operar-una-nova-empresa-encarregada-de-gestionar-el-servei-de-bus-urba\/\" class=\"more-link\">Read More<\/a><\/p>\n","protected":false},"author":4,"featured_media":6245,"comment_status":"closed","ping_status":"closed","sticky":false,"template":"","format":"standard","meta":[],"categories":[4],"tags":[788,727,821,1448,1300,2007,1303],"_links":{"self":[{"href":"https:\/\/bisbalpenedes.com\/web\/wp-json\/wp\/v2\/posts\/6244"}],"collection":[{"href":"https:\/\/bisbalpenedes.com\/web\/wp-json\/wp\/v2\/posts"}],"about":[{"href":"https:\/\/bisbalpenedes.com\/web\/wp-json\/wp\/v2\/types\/post"}],"author":[{"embeddable":true,"href":"https:\/\/bisbalpenedes.com\/web\/wp-json\/wp\/v2\/users\/4"}],"replies":[{"embeddable":true,"href":"https:\/\/bisbalpenedes.com\/web\/wp-json\/wp\/v2\/comments?post=6244"}],"version-history":[{"count":7,"href":"https:\/\/bisbalpenedes.com\/web\/wp-json\/wp\/v2\/posts\/6244\/revisions"}],"predecessor-version":[{"id":6503,"href":"https:\/\/bisbalpenedes.com\/web\/wp-json\/wp\/v2\/posts\/6244\/revisions\/6503"}],"wp:featuredmedia":[{"embeddable":true,"href":"https:\/\/bisbalpenedes.com\/web\/wp-json\/wp\/v2\/media\/6245"}],"wp:attachment":[{"href":"https:\/\/bisbalpenedes.com\/web\/wp-json\/wp\/v2\/media?parent=6244"}],"wp:term":[{"taxonomy":"category","embeddable":true,"href":"https:\/\/bisbalpenedes.com\/web\/wp-json\/wp\/v2\/categories?post=6244"},{"taxonomy":"post_tag","embeddable":true,"href":"https:\/\/bisbalpenedes.com\/web\/wp-json\/wp\/v2\/tags?post=6244"}],"curies":[{"name":"wp","href":"https:\/\/api.w.org\/{rel}","templated":true}]}}