{"id":6220,"date":"2018-06-27T14:00:49","date_gmt":"2018-06-27T13:00:49","guid":{"rendered":"http:\/\/bisbalpenedes.com\/web\/?p=6220"},"modified":"2018-06-27T14:09:40","modified_gmt":"2018-06-27T13:09:40","slug":"el-prestigios-dr-joan-massague-impartira-una-conferencia-a-la-bisbal-el-divendres-6-de-juliol","status":"publish","type":"post","link":"https:\/\/bisbalpenedes.com\/web\/2018\/06\/27\/el-prestigios-dr-joan-massague-impartira-una-conferencia-a-la-bisbal-el-divendres-6-de-juliol\/","title":{"rendered":"El prestigi\u00f3s Dr. Joan Massagu\u00e9 impartir\u00e0 una confer\u00e8ncia a la Bisbal el divendres 6 de juliol"},"content":{"rendered":"<p style=\"text-align: justify;\"><a href=\"http:\/\/bisbalpenedes.com\/web\/wp-content\/uploads\/2018\/06\/XERRADA-JOAN-MASSAGUE-1-1.jpg\"><img loading=\"lazy\" class=\"aligncenter size-medium wp-image-6221\" src=\"http:\/\/bisbalpenedes.com\/web\/wp-content\/uploads\/2018\/06\/XERRADA-JOAN-MASSAGUE-1-1-214x300.jpg\" alt=\"XERRADA-JOAN-MASSAGUE-1\" width=\"214\" height=\"300\" srcset=\"https:\/\/bisbalpenedes.com\/web\/wp-content\/uploads\/2018\/06\/XERRADA-JOAN-MASSAGUE-1-1-214x300.jpg 214w, https:\/\/bisbalpenedes.com\/web\/wp-content\/uploads\/2018\/06\/XERRADA-JOAN-MASSAGUE-1-1-600x842.jpg 600w, https:\/\/bisbalpenedes.com\/web\/wp-content\/uploads\/2018\/06\/XERRADA-JOAN-MASSAGUE-1-1.jpg 606w\" sizes=\"(max-width: 214px) 100vw, 214px\" \/><\/a><\/p>\n<p style=\"text-align: justify;\"><span style=\"color: #000000;\">El proper divendres 6 de juliol, a les 19h, el prestigi\u00f3s Dr. Joan Massagu\u00e9 i Sol\u00e9 impartir\u00e0 la confer\u00e8ncia &#8216;La Bisbal \u00a0Barcelona \u00a0New York&#8217; a l&#8217;Auditori Salb\u00e0 del CMC. Es d\u00f3na el cas que la mare de Massagu\u00e9 \u00e9s filla de Cal Cintet de la Bisbal i, fruit dels seus vincles familiars, ha acceptat la invitaci\u00f3 de l&#8217;alcaldessa de la Bisbal\u00a0per fer una confer\u00e8ncia per als bisbalencs i les bisbalenques.<\/span><\/p>\n<p style=\"text-align: justify;\"><span style=\"color: #000000;\">El Dr. Joan Massagu\u00e9 i Sol\u00e9 \u00e9s doctor en bioqu\u00edmica, investigador i director de l&#8217;Stoan Ketting Institute (Nova York, EUA) i president del comit\u00e8 cient\u00edfic internacional de l&#8217;Institut de Recerca Biom\u00e8dica (IRB Barcelona). Va ser nomenat Doctor Honoris Causa per la Universitat Ramon Llull l&#8217;any 2017 i ha rebut nombrosos premis a la serva traject\u00f2ria, en bona part dedicada a la recerca sobre la met\u00e0stasi del c\u00e0ncer i la regulaci\u00f3 cel\u00b7lular. La seva investigaci\u00f3 ha estat clau per arribar a con\u00e8ixer els mecanismes que permeten detenir la proliferaci\u00f3 cel\u00b7lular i, aix\u00ed, lluitar contra la formaci\u00f3 de tumors.\u00a0<\/span><\/p>\n<p style=\"text-align: justify;\"><span style=\"color: #000000;\">Massagu\u00e9 \u00e9s membre de l&#8217;Acad\u00e8mia Americana de les Arts i les Ci\u00e8ncies, de l&#8217;Acad\u00e8mia Nacional de Ci\u00e8ncies dels Estats Units, membre de l&#8217;Organitzaci\u00f3 Europea de Biologia Molecular i membre de les Reials Acad\u00e8mies Espanyoles de Medicina i Farm\u00e0cia.\u00a0Ha estat distingit, entre altres, amb el Premi Nacional d&#8217;Investigaci\u00f3 &#8220;Rey Don Juan Carlos&#8221;, el Howard Taylor Ricketts Award&#8221;, el Premi Pr\u00edncep d&#8217;Ast\u00faries d&#8217;Investigaci\u00f3 Cient\u00edfica i T\u00e8cnica, el Premi Ciutat de Barcelona, la Creu de Sant Jordi, el Premi Nacional de Cultura, el Premi de la Societat Catalana de Biologia (per la seva traject\u00f2ria cient\u00edfica), el Premi Internacional de Catalunya i el Premi d&#8217;Honor Llu\u00eds Carulla.<\/span><\/p>\n<hr \/>\n<p style=\"text-align: justify;\"><span style=\"color: #000000;\"><strong>CASTELLANO<\/strong> | El pr\u00f3ximo viernes 6 de julio, a las 19h, el prestigioso Dr. Joan Massagu\u00e9 Sol\u00e9 impartir\u00e1 la conferencia \u2018La Bisbal \u00a0Barcelona \u00a0New York\u2019 en el Auditori Salb\u00e0 del CMC. Se da el caso que la madre de Massagu\u00e9 es hija de Cal Cintet de la Bisbal y, a ra\u00edz de sus v\u00ednculos familiares, ha aceptado la invitaci\u00f3n de la alcaldesa de la Bisbal para pronunciar una conferencia para los bisbalencs y las bisbalenques.<\/span><\/p>\n<p style=\"text-align: justify;\"><span style=\"color: #000000;\">El Dr. Joan Massagu\u00e9 Sol\u00e9 es doctor en bioqu\u00edmica, investigador y director del Stoan Ketting Institute (Nueva York, EUA) y presidente del comit\u00e9 cient\u00edfico internacional del Institut de Recerca Biom\u00e8dica (IRB Barcelona). Fue nombrado Doctor Honoris Causa por la Universidad Ramon Llull en el a\u00f1o 2017 y ha recibido numerosos premios a su trayectoria, en buena parte dedicada a la investigaci\u00f3n sobre la met\u00e1stasis del c\u00e1ncer y la regulaci\u00f3n celular. Su investigaci\u00f3n ha sido clave para llegar al conocimiento de mecanismos que permiten detener la proliferaci\u00f3n celular y, as\u00ed, luchar contra la formaci\u00f3n de tumores.<\/span><\/p>\n<p style=\"text-align: justify;\"><span style=\"color: #000000;\">Massagu\u00e9 es miembro de la Academia Americana de las Artes y las Ciencias, de la Academia Nacional de Ciencias de los Estados Unidos, miembro de la Organizaci\u00f3n Europea de Biolog\u00eda Molecular y miembro de las Reales Academias Espa\u00f1olas de medicina y Farmacia. Ha sido distinguido, entre otros, con el Premio Nacional de Investigaci\u00f3n \u201cRey Don Juan Carlos\u201d, el Howard Taylor Ricketts Award\u201d, el Premio Pr\u00edncipe de Asturias de Investigaci\u00f3n Cient\u00edfica y T\u00e9cnica, el Premi Ciutat de Barcelona, la Creu de Sant Jordi, el Premi nacional de Cultura, el Premi de la Societat Catalana de Biologia (por su trayectoria cient\u00edfica), el Premi Internacional de Catalunya y el Premi d\u2019Honor Llu\u00eds Carulla.<\/span><\/p>\n","protected":false},"excerpt":{"rendered":"<p>El proper divendres 6 de juliol, a les 19h, el prestigi\u00f3s Dr. Joan Massagu\u00e9 i Sol\u00e9 impartir\u00e0 la confer\u00e8ncia &#8216;La Bisbal \u00a0Barcelona \u00a0New York&#8217; a l&#8217;Auditori Salb\u00e0 del CMC. Es &hellip; <a href=\"https:\/\/bisbalpenedes.com\/web\/2018\/06\/27\/el-prestigios-dr-joan-massague-impartira-una-conferencia-a-la-bisbal-el-divendres-6-de-juliol\/\" class=\"more-link\">Read More<\/a><\/p>\n","protected":false},"author":4,"featured_media":6221,"comment_status":"closed","ping_status":"closed","sticky":false,"template":"","format":"standard","meta":[],"categories":[8],"tags":[2022,498,2021,2024,1552,2020,2023],"_links":{"self":[{"href":"https:\/\/bisbalpenedes.com\/web\/wp-json\/wp\/v2\/posts\/6220"}],"collection":[{"href":"https:\/\/bisbalpenedes.com\/web\/wp-json\/wp\/v2\/posts"}],"about":[{"href":"https:\/\/bisbalpenedes.com\/web\/wp-json\/wp\/v2\/types\/post"}],"author":[{"embeddable":true,"href":"https:\/\/bisbalpenedes.com\/web\/wp-json\/wp\/v2\/users\/4"}],"replies":[{"embeddable":true,"href":"https:\/\/bisbalpenedes.com\/web\/wp-json\/wp\/v2\/comments?post=6220"}],"version-history":[{"count":2,"href":"https:\/\/bisbalpenedes.com\/web\/wp-json\/wp\/v2\/posts\/6220\/revisions"}],"predecessor-version":[{"id":6225,"href":"https:\/\/bisbalpenedes.com\/web\/wp-json\/wp\/v2\/posts\/6220\/revisions\/6225"}],"wp:featuredmedia":[{"embeddable":true,"href":"https:\/\/bisbalpenedes.com\/web\/wp-json\/wp\/v2\/media\/6221"}],"wp:attachment":[{"href":"https:\/\/bisbalpenedes.com\/web\/wp-json\/wp\/v2\/media?parent=6220"}],"wp:term":[{"taxonomy":"category","embeddable":true,"href":"https:\/\/bisbalpenedes.com\/web\/wp-json\/wp\/v2\/categories?post=6220"},{"taxonomy":"post_tag","embeddable":true,"href":"https:\/\/bisbalpenedes.com\/web\/wp-json\/wp\/v2\/tags?post=6220"}],"curies":[{"name":"wp","href":"https:\/\/api.w.org\/{rel}","templated":true}]}}