{"id":621,"date":"2013-10-03T16:08:29","date_gmt":"2013-10-03T10:08:29","guid":{"rendered":"http:\/\/bisbalpenedes.com\/web\/?p=621"},"modified":"2013-10-03T16:09:28","modified_gmt":"2013-10-03T10:09:28","slug":"exposicio-de-sardanes","status":"publish","type":"post","link":"https:\/\/bisbalpenedes.com\/web\/2013\/10\/03\/exposicio-de-sardanes\/","title":{"rendered":"Exposicio de Sardanes"},"content":{"rendered":"<p>\u201cLa sardana al Vendrell: dels or\u00edgens a la difusi\u00f3 internacional d\u2019un s\u00edmbol. 65\u00e8 aniversari dels Dansaires del Pened\u00e8s\u201d, organitzada per l\u2019Arxiu Comarcal del Baix Pened\u00e8s i els Dansaires del Pened\u00e8s.<\/p>\n<p> del 5 al 13 d\u2019octubre de 2013.<\/p>\n<p>Inauguraci\u00f3 : 5 d\u2019octubre de 2013 a les 20 hores.<br \/>\n<a href=\"http:\/\/bisbalpenedes.com\/web\/wp-content\/uploads\/2013\/10\/expo-sardanes-2013c.jpg\"><img loading=\"lazy\" src=\"http:\/\/bisbalpenedes.com\/web\/wp-content\/uploads\/2013\/10\/expo-sardanes-2013c-150x150.jpg\" alt=\"\" title=\"expo-sardanes-2013c\" width=\"150\" height=\"150\" class=\"aligncenter size-thumbnail wp-image-622\" srcset=\"https:\/\/bisbalpenedes.com\/web\/wp-content\/uploads\/2013\/10\/expo-sardanes-2013c-150x150.jpg 150w, https:\/\/bisbalpenedes.com\/web\/wp-content\/uploads\/2013\/10\/expo-sardanes-2013c-300x300.jpg 300w, https:\/\/bisbalpenedes.com\/web\/wp-content\/uploads\/2013\/10\/expo-sardanes-2013c-100x100.jpg 100w\" sizes=\"(max-width: 150px) 100vw, 150px\" \/><\/a><\/p>\n<p>Arxiu Comarcal del Baix Pened\u00e8s<br \/>\nDansaires del Pened\u00e8s<\/p>\n","protected":false},"excerpt":{"rendered":"<p>\u201cLa sardana al Vendrell: dels or\u00edgens a la difusi\u00f3 internacional d\u2019un s\u00edmbol. 65\u00e8 aniversari dels Dansaires del Pened\u00e8s\u201d, organitzada per l\u2019Arxiu Comarcal del Baix Pened\u00e8s i els Dansaires del Pened\u00e8s. &hellip; <a href=\"https:\/\/bisbalpenedes.com\/web\/2013\/10\/03\/exposicio-de-sardanes\/\" class=\"more-link\">Read More<\/a><\/p>\n","protected":false},"author":1,"featured_media":622,"comment_status":"closed","ping_status":"open","sticky":false,"template":"","format":"standard","meta":[],"categories":[13],"tags":[86,85],"_links":{"self":[{"href":"https:\/\/bisbalpenedes.com\/web\/wp-json\/wp\/v2\/posts\/621"}],"collection":[{"href":"https:\/\/bisbalpenedes.com\/web\/wp-json\/wp\/v2\/posts"}],"about":[{"href":"https:\/\/bisbalpenedes.com\/web\/wp-json\/wp\/v2\/types\/post"}],"author":[{"embeddable":true,"href":"https:\/\/bisbalpenedes.com\/web\/wp-json\/wp\/v2\/users\/1"}],"replies":[{"embeddable":true,"href":"https:\/\/bisbalpenedes.com\/web\/wp-json\/wp\/v2\/comments?post=621"}],"version-history":[{"count":2,"href":"https:\/\/bisbalpenedes.com\/web\/wp-json\/wp\/v2\/posts\/621\/revisions"}],"predecessor-version":[{"id":624,"href":"https:\/\/bisbalpenedes.com\/web\/wp-json\/wp\/v2\/posts\/621\/revisions\/624"}],"wp:featuredmedia":[{"embeddable":true,"href":"https:\/\/bisbalpenedes.com\/web\/wp-json\/wp\/v2\/media\/622"}],"wp:attachment":[{"href":"https:\/\/bisbalpenedes.com\/web\/wp-json\/wp\/v2\/media?parent=621"}],"wp:term":[{"taxonomy":"category","embeddable":true,"href":"https:\/\/bisbalpenedes.com\/web\/wp-json\/wp\/v2\/categories?post=621"},{"taxonomy":"post_tag","embeddable":true,"href":"https:\/\/bisbalpenedes.com\/web\/wp-json\/wp\/v2\/tags?post=621"}],"curies":[{"name":"wp","href":"https:\/\/api.w.org\/{rel}","templated":true}]}}