{"id":6209,"date":"2018-06-27T11:40:51","date_gmt":"2018-06-27T10:40:51","guid":{"rendered":"http:\/\/bisbalpenedes.com\/web\/?p=6209"},"modified":"2018-06-27T11:40:51","modified_gmt":"2018-06-27T10:40:51","slug":"aquest-dimecres-27-de-juny-ha-tingut-lloc-un-ple-extraordinari-a-lajuntament-de-la-bisbal-del-penedes","status":"publish","type":"post","link":"https:\/\/bisbalpenedes.com\/web\/2018\/06\/27\/aquest-dimecres-27-de-juny-ha-tingut-lloc-un-ple-extraordinari-a-lajuntament-de-la-bisbal-del-penedes\/","title":{"rendered":"Aquest dimecres 27 de juny ha tingut lloc un Ple extraordinari a l&#8217;Ajuntament de la Bisbal del Pened\u00e8s"},"content":{"rendered":"<p><a href=\"http:\/\/bisbalpenedes.com\/web\/wp-content\/uploads\/2018\/06\/IMG_0170.jpg\"><img loading=\"lazy\" class=\"aligncenter size-medium wp-image-6210\" src=\"http:\/\/bisbalpenedes.com\/web\/wp-content\/uploads\/2018\/06\/IMG_0170-300x225.jpg\" alt=\"IMG_0170\" width=\"300\" height=\"225\" srcset=\"https:\/\/bisbalpenedes.com\/web\/wp-content\/uploads\/2018\/06\/IMG_0170-300x225.jpg 300w, https:\/\/bisbalpenedes.com\/web\/wp-content\/uploads\/2018\/06\/IMG_0170-600x450.jpg 600w, https:\/\/bisbalpenedes.com\/web\/wp-content\/uploads\/2018\/06\/IMG_0170-768x576.jpg 768w, https:\/\/bisbalpenedes.com\/web\/wp-content\/uploads\/2018\/06\/IMG_0170-1024x768.jpg 1024w\" sizes=\"(max-width: 300px) 100vw, 300px\" \/><\/a><\/p>\n<p><span style=\"color: #000000;\">El Ple extraordinari celebrat aquest dimecres 27 de juny de 2018 ha aprovat inicialment, per unanimitat, l&#8217;ordenan\u00e7a reguladora de les bases generals per a l&#8217;atorgament de subvencions a fam\u00edlies en situacions socioecon\u00f2miques desafavorides per a l&#8217;adquisici\u00f3 de llibres de text, quota de l&#8217;AMPA i transport escolar intramunicipal per al curs 2018\/2019.<\/span><\/p>\n<p><span style=\"color: #000000;\">&#8212;<\/span><\/p>\n<p><span style=\"color: #000000;\"><strong>CASTELLANO |<\/strong> El Pleno extraordinario celebrado este mi\u00e9rcoles 27 de junio de 2018 ha aprobado inicialmente, por unanimidad, la ordenanza reguladora de las bases generales para el otorgamiento de subvenciones a familias en situaciones socioecon\u00f3micas desfavorecidas para la adquisici\u00f3n de libros de texto, la cuota de la AMPA y el transporte escolar intramunicipal para el curso 2018\/2019.<\/span><\/p>\n<p>&nbsp;<\/p>\n","protected":false},"excerpt":{"rendered":"<p>El Ple extraordinari celebrat aquest dimecres 27 de juny de 2018 ha aprovat inicialment, per unanimitat, l&#8217;ordenan\u00e7a reguladora de les bases generals per a l&#8217;atorgament de subvencions a fam\u00edlies en &hellip; <a href=\"https:\/\/bisbalpenedes.com\/web\/2018\/06\/27\/aquest-dimecres-27-de-juny-ha-tingut-lloc-un-ple-extraordinari-a-lajuntament-de-la-bisbal-del-penedes\/\" class=\"more-link\">Read More<\/a><\/p>\n","protected":false},"author":4,"featured_media":6210,"comment_status":"closed","ping_status":"closed","sticky":false,"template":"","format":"standard","meta":[],"categories":[4],"tags":[287,227,148,139,102,356],"_links":{"self":[{"href":"https:\/\/bisbalpenedes.com\/web\/wp-json\/wp\/v2\/posts\/6209"}],"collection":[{"href":"https:\/\/bisbalpenedes.com\/web\/wp-json\/wp\/v2\/posts"}],"about":[{"href":"https:\/\/bisbalpenedes.com\/web\/wp-json\/wp\/v2\/types\/post"}],"author":[{"embeddable":true,"href":"https:\/\/bisbalpenedes.com\/web\/wp-json\/wp\/v2\/users\/4"}],"replies":[{"embeddable":true,"href":"https:\/\/bisbalpenedes.com\/web\/wp-json\/wp\/v2\/comments?post=6209"}],"version-history":[{"count":1,"href":"https:\/\/bisbalpenedes.com\/web\/wp-json\/wp\/v2\/posts\/6209\/revisions"}],"predecessor-version":[{"id":6211,"href":"https:\/\/bisbalpenedes.com\/web\/wp-json\/wp\/v2\/posts\/6209\/revisions\/6211"}],"wp:featuredmedia":[{"embeddable":true,"href":"https:\/\/bisbalpenedes.com\/web\/wp-json\/wp\/v2\/media\/6210"}],"wp:attachment":[{"href":"https:\/\/bisbalpenedes.com\/web\/wp-json\/wp\/v2\/media?parent=6209"}],"wp:term":[{"taxonomy":"category","embeddable":true,"href":"https:\/\/bisbalpenedes.com\/web\/wp-json\/wp\/v2\/categories?post=6209"},{"taxonomy":"post_tag","embeddable":true,"href":"https:\/\/bisbalpenedes.com\/web\/wp-json\/wp\/v2\/tags?post=6209"}],"curies":[{"name":"wp","href":"https:\/\/api.w.org\/{rel}","templated":true}]}}