{"id":6187,"date":"2018-06-25T13:57:40","date_gmt":"2018-06-25T12:57:40","guid":{"rendered":"http:\/\/bisbalpenedes.com\/web\/?p=6187"},"modified":"2018-06-27T12:44:00","modified_gmt":"2018-06-27T11:44:00","slug":"aquest-divendres-finalitza-el-periode-voluntari-de-pagament-de-diversos-impostos-i-taxes","status":"publish","type":"post","link":"https:\/\/bisbalpenedes.com\/web\/2018\/06\/25\/aquest-divendres-finalitza-el-periode-voluntari-de-pagament-de-diversos-impostos-i-taxes\/","title":{"rendered":"Aquest divendres finalitza el per\u00edode voluntari de pagament de diversos impostos i taxes"},"content":{"rendered":"<div class=\"\" data-block=\"true\" data-editor=\"7pm5a\" data-offset-key=\"4qs7k-0-0\">\n<div class=\"_1mf _1mj\" data-offset-key=\"4qs7k-0-0\"><span style=\"color: #000000;\">ACTUALITZACI\u00d3 27\/06\/2018:\u00a0\u00a0S&#8217;ha modificat el Calendari del Contribuent. Trobareu la informaci\u00f3 aqu\u00ed:\u00a0http:\/\/bisbalpenedes.com\/web\/2018\/06\/27\/els-pagaments-dimpostos-i-taxes-que-finalitzen-el-29-de-juny-es-podran-abonar-fins-al-31-de-juliol-de-2018\/<\/span><\/div>\n<\/div>\n<div class=\"_1mf _1mj\" data-offset-key=\"4qs7k-0-0\"><span style=\"color: #000000;\">ACTUALIZACI\u00d3N 27\/06\/2018:\u00a0Se ha modificado el Calendario del Contribuyente. Encontrar\u00e9is la informaci\u00f3n aqu\u00ed:\u00a0<a style=\"color: #000000;\" href=\"http:\/\/bisbalpenedes.com\/web\/2018\/06\/27\/els-pagaments-dimpostos-i-taxes-que-finalitzen-el-29-de-juny-es-podran-abonar-fins-al-31-de-juliol-de-2018\/\">http:\/\/bisbalpenedes.com\/web\/2018\/06\/27\/els-pagaments-dimpostos-i-taxes-que-finalitzen-el-29-de-juny-es-podran-abonar-fins-al-31-de-juliol-de-2018\/<\/a><\/span><\/div>\n<div class=\"\" data-block=\"true\" data-editor=\"7pm5a\" data-offset-key=\"4qs7k-0-0\">\n<div class=\"_1mf _1mj\" data-offset-key=\"4qs7k-0-0\"><\/div>\n<div class=\"_1mf _1mj\" data-offset-key=\"4qs7k-0-0\"><span style=\"color: #000000;\" data-offset-key=\"4qs7k-0-0\"><span data-text=\"true\">Segons ens van informar des de BASE ara fa unes setmanes, com a conseq\u00fc\u00e8ncia de problemes en el repartiment de les cartes de pagament, el per\u00edode per abonar volunt\u00e0riament la primera fracci\u00f3 de la TAXA D&#8217;ESCOMBRARIES i l&#8217;IMPOST SOBRE VEHICLES DE TRACCI\u00d3 MEC\u00c0NICA s&#8217;ha ampliat fins al 29 de juny de 2018. Aix\u00ed, teniu temps per fer el pagament fins aquest divendres.<\/span><\/span><\/div>\n<div class=\"_1mf _1mj\" data-offset-key=\"4qs7k-0-0\"><\/div>\n<\/div>\n<div class=\"\" data-block=\"true\" data-editor=\"7pm5a\" data-offset-key=\"4fgf3-0-0\">\n<div class=\"_1mf _1mj\" data-offset-key=\"4fgf3-0-0\"><span style=\"color: #000000;\" data-offset-key=\"4fgf3-1-0\"><span data-text=\"true\">\u27a1Aquest divendres 29 de juny tamb\u00e9 finalitza el termini per abonar la 1a fracci\u00f3 de l&#8217;IBI URB\u00c0 i l&#8217;IBI DE CARACTER\u00cdSTIQUES ESPECIALS.<\/span><\/span><\/div>\n<div class=\"_1mf _1mj\" data-offset-key=\"4fgf3-0-0\"><\/div>\n<\/div>\n<div class=\"\" data-block=\"true\" data-editor=\"7pm5a\" data-offset-key=\"7tmjn-0-0\">\n<div class=\"_1mf _1mj\" data-offset-key=\"7tmjn-0-0\"><span style=\"color: #000000;\"><span class=\"_3gl1 _5zz4\" data-offset-key=\"7tmjn-0-0\"><span class=\"_ncl\">\u27a1<\/span><\/span><span data-offset-key=\"7tmjn-1-0\"><span data-text=\"true\">Del 29 de juny al 31 d&#8217;agost podreu abonar: <\/span><\/span><\/span><\/div>\n<\/div>\n<div class=\"\" data-block=\"true\" data-editor=\"7pm5a\" data-offset-key=\"ca2ec-0-0\">\n<div class=\"_1mf _1mj\" style=\"padding-left: 60px;\" data-offset-key=\"ca2ec-0-0\"><span style=\"color: #000000;\" data-offset-key=\"ca2ec-0-0\"><span data-text=\"true\">-la 2a fraci\u00f3 de l&#8217;IBI URB\u00c0<\/span><\/span><\/div>\n<\/div>\n<div class=\"\" style=\"padding-left: 30px;\" data-block=\"true\" data-editor=\"7pm5a\" data-offset-key=\"1f02t-0-0\">\n<div class=\"_1mf _1mj\" style=\"padding-left: 30px;\" data-offset-key=\"1f02t-0-0\"><span style=\"color: #000000;\" data-offset-key=\"1f02t-0-0\"><span data-text=\"true\">-IBI R\u00daSTIC<\/span><\/span><\/div>\n<\/div>\n<div class=\"\" style=\"padding-left: 30px;\" data-block=\"true\" data-editor=\"7pm5a\" data-offset-key=\"7hml5-0-0\">\n<div class=\"_1mf _1mj\" style=\"padding-left: 30px;\" data-offset-key=\"7hml5-0-0\"><span style=\"color: #000000;\" data-offset-key=\"7hml5-0-0\"><span data-text=\"true\">-la TAXA D&#8217;OCUPACI\u00d3 DEL DOMINI P\u00daBLIC<\/span><\/span><\/div>\n<div class=\"_1mf _1mj\" style=\"padding-left: 30px;\" data-offset-key=\"7hml5-0-0\"><\/div>\n<\/div>\n<div class=\"\" data-block=\"true\" data-editor=\"7pm5a\" data-offset-key=\"4ckbq-0-0\">\n<div class=\"_1mf _1mj\" data-offset-key=\"4ckbq-0-0\"><span style=\"color: #000000;\"><span class=\"_3gl1 _5zz4\" data-offset-key=\"4ckbq-0-0\"><span class=\"_ncl\">\u2139<\/span><\/span><a style=\"color: #000000;\" href=\"http:\/\/bisbalpenedes.com\/web\/calendari-del-contribuent\/\" target=\"_blank\"><span data-offset-key=\"4ckbq-1-0\"><span data-text=\"true\"> http:\/\/bisbalpenedes.com\/web\/calendari-del-contribuent\/<\/span><\/span><\/a><\/span><\/div>\n<div class=\"_1mf _1mj\" data-offset-key=\"4ckbq-0-0\"><\/div>\n<\/div>\n<div class=\"_1mf _1mj\" data-offset-key=\"4ckbq-0-0\"><span style=\"color: #000000;\">Us informem que BASE ofereix el Compte de Pagament Personalitzat, que facilita el\u00a0<strong>pagament en 9 mensualitats\u00a0<\/strong>dels tributs en venciment peri\u00f2dic i per\u00edode voluntari que el subjecte hagi de satisfer al llarg d&#8217;un exercici, corresponents a:<\/span><\/div>\n<div class=\"_1mf _1mj\" data-offset-key=\"4ckbq-0-0\">\n<ul>\n<li><span style=\"color: #000000;\"><strong>Impost d\u2019Activitats Econ\u00f2miques<\/strong>.\u00a0<\/span><\/li>\n<li><span style=\"color: #000000;\"><strong>Impost sobre B\u00e9ns Immobles\u00a0<\/strong>(R\u00fastica i Urbana).\u00a0<\/span><\/li>\n<li><span style=\"color: #000000;\"><strong>Impost sobre Vehicles de Tracci\u00f3 Mec\u00e0nica<\/strong>.\u00a0<\/span><\/li>\n<li><span style=\"color: #000000;\"><strong>Taxes de venciment peri\u00f2dic de car\u00e0cter col\u00b7lectiu<\/strong>, excepte la taxa de subministrament d\u2019aigua.<\/span><\/li>\n<\/ul>\n<p><span style=\"color: #000000;\">Per a m\u00e9s informaci\u00f3 podeu entrar a l&#8217;enlla\u00e7:\u00a0<a style=\"color: #000000;\" href=\"https:\/\/www.base.cat\/web\/ca\/ciutadans\/Tramits\/RecaptacioImpostos\/Voluntaria\/PagamentPersonalitzat\/PagamentPersonalitzat.html\" target=\"_blank\">https:\/\/www.base.cat\/web\/ca\/ciutadans\/Tramits\/RecaptacioImpostos\/Voluntaria\/PagamentPersonalitzat\/PagamentPersonalitzat.html<\/a>\u00a0<\/span><\/p>\n<\/div>\n<div class=\"\" data-block=\"true\" data-editor=\"7pm5a\" data-offset-key=\"c54lo-0-0\">\n<div class=\"_1mf _1mj\" data-offset-key=\"c54lo-0-0\"><span style=\"color: #000000;\" data-offset-key=\"c54lo-0-0\"><span data-text=\"true\">&#8212;<\/span><\/span><\/div>\n<\/div>\n<div class=\"\" data-block=\"true\" data-editor=\"7pm5a\" data-offset-key=\"fialm-0-0\">\n<div class=\"_1mf _1mj\" data-offset-key=\"fialm-0-0\"><span style=\"color: #000000;\" data-offset-key=\"fialm-0-0\">\u00a0<\/span><\/div>\n<\/div>\n<div class=\"\" data-block=\"true\" data-editor=\"7pm5a\" data-offset-key=\"misg-0-0\">\n<div class=\"_1mf _1mj\" data-offset-key=\"misg-0-0\"><span style=\"color: #000000;\" data-offset-key=\"misg-0-0\"><span data-text=\"true\">Seg\u00fan nos informaron desde BASE hace algunas semanas, como consecuencia de problemas en el reparto de las cartas de pago, el periodo para abonar voluntariamente la primera fracci\u00f3n de la TASA DE BASURAS y el IMPUESTO SOBRE VEH\u00cdCULOS DE TRACCI\u00d3N MEC\u00c1NICA se ha ampliado hasta el 29 de junio del 2018. As\u00ed, ten\u00e9is tiempo para hacer el pago hasta este viernes.<\/span><\/span><\/div>\n<div class=\"_1mf _1mj\" data-offset-key=\"misg-0-0\"><\/div>\n<\/div>\n<div class=\"\" data-block=\"true\" data-editor=\"7pm5a\" data-offset-key=\"c3h7i-0-0\">\n<div class=\"_1mf _1mj\" data-offset-key=\"c3h7i-0-0\"><span style=\"color: #000000;\" data-offset-key=\"c3h7i-1-0\"><span data-text=\"true\">\u27a1Este viernes 29 de junio tambi\u00e9n finaliza el plazo para abonar la 1a fracci\u00f3n del IBI URBANO y el IBI DE CARACTER\u00cdSTICAS ESPECIALES.<\/span><\/span><\/div>\n<div class=\"_1mf _1mj\" data-offset-key=\"c3h7i-0-0\"><\/div>\n<\/div>\n<div class=\"\" data-block=\"true\" data-editor=\"7pm5a\" data-offset-key=\"bd506-0-0\">\n<div class=\"_1mf _1mj\" data-offset-key=\"bd506-0-0\"><span style=\"color: #000000;\"><span class=\"_3gl1 _5zz4\" data-offset-key=\"bd506-0-0\"><span class=\"_ncl\">\u27a1<\/span><\/span><span data-offset-key=\"bd506-1-0\"><span data-text=\"true\">Del 29 de junio al 31 de agosto podr\u00e9is abonar:<\/span><\/span><\/span><\/div>\n<\/div>\n<div class=\"\" data-block=\"true\" data-editor=\"7pm5a\" data-offset-key=\"bc04s-0-0\">\n<div class=\"_1mf _1mj\" style=\"padding-left: 60px;\" data-offset-key=\"bc04s-0-0\"><span style=\"color: #000000;\" data-offset-key=\"bc04s-0-0\"><span data-text=\"true\">-la 2a fracci\u00f3n del IBI URBANO<\/span><\/span><\/div>\n<\/div>\n<div class=\"\" style=\"padding-left: 30px;\" data-block=\"true\" data-editor=\"7pm5a\" data-offset-key=\"cssjd-0-0\">\n<div class=\"_1mf _1mj\" style=\"padding-left: 30px;\" data-offset-key=\"cssjd-0-0\"><span style=\"color: #000000;\" data-offset-key=\"cssjd-0-0\"><span data-text=\"true\">-IBI R\u00daSTICO<\/span><\/span><\/div>\n<\/div>\n<div class=\"\" style=\"padding-left: 30px;\" data-block=\"true\" data-editor=\"7pm5a\" data-offset-key=\"adku7-0-0\">\n<div class=\"_1mf _1mj\" style=\"padding-left: 30px;\" data-offset-key=\"adku7-0-0\"><span style=\"color: #000000;\" data-offset-key=\"adku7-0-0\"><span data-text=\"true\">-la TASA DE OCUPACI\u00d3N DEL DOMINIO P\u00daBLICO<\/span><\/span><\/div>\n<div class=\"_1mf _1mj\" style=\"padding-left: 30px;\" data-offset-key=\"adku7-0-0\"><\/div>\n<\/div>\n<div class=\"\" data-block=\"true\" data-editor=\"7pm5a\" data-offset-key=\"574ua-0-0\">\n<div class=\"_1mf _1mj\" data-offset-key=\"574ua-0-0\"><span style=\"color: #000000;\"><span class=\"_3gl1 _5zz4\" data-offset-key=\"574ua-0-0\"><span class=\"_ncl\">\u2139<\/span><\/span><a style=\"color: #000000;\" href=\"http:\/\/bisbalpenedes.com\/web\/calendari-del-contribuent\/\" target=\"_blank\"><span data-offset-key=\"574ua-1-0\"><span data-text=\"true\"> http:\/\/bisbalpenedes.com\/web\/calendari-del-contribuent\/<\/span><\/span><\/a><\/span><\/div>\n<\/div>\n<div class=\"_1mf _1mj\" data-offset-key=\"574ua-0-0\"><\/div>\n<div class=\"_1mf _1mj\" data-offset-key=\"574ua-0-0\"><span style=\"color: #000000;\">Os informamos que BASE ofrece el Compte de Pagament Personalitzat, que facilita el pago en 9 mensualidades de los tributos en vencimiento peri\u00f3dico y per\u00edodo voluntario que el sujeto tenga que satisfacer a lo largo de un ejercicio, correspondientes a:<\/span><\/div>\n<div class=\"_1mf _1mj\" data-offset-key=\"574ua-0-0\">\n<ul>\n<li><span style=\"color: #000000;\"><strong>Impuesto de Actividades Econ\u00f3micas<\/strong><\/span><\/li>\n<li><span style=\"color: #000000;\"><strong>Impuesto sobre Bienes Inmuebles (R\u00fastica y Urbana)<\/strong><\/span><\/li>\n<li><span style=\"color: #000000;\"><strong>Impuesto sobre Veh\u00edculos de Tracci\u00f3n Mec\u00e1nica\u00a0<\/strong><\/span><\/li>\n<li><span style=\"color: #000000;\"><strong>Tasas de vencimiento peri\u00f3dico de car\u00e1cter colectivo, excepto la tasa de suministro de agua.\u00a0<\/strong><\/span><\/li>\n<\/ul>\n<\/div>\n<div class=\"_1mf _1mj\" data-offset-key=\"574ua-0-0\"><span style=\"color: #000000;\">Para m\u00e1s informaci\u00f3n pod\u00e9is entrar en el enlace:\u00a0<a style=\"color: #000000;\" href=\"https:\/\/www.base.cat\/web\/ca\/ciutadans\/Tramits\/RecaptacioImpostos\/Voluntaria\/PagamentPersonalitzat\/PagamentPersonalitzat.html\" target=\"_blank\">https:\/\/www.base.cat\/web\/ca\/ciutadans\/Tramits\/RecaptacioImpostos\/Voluntaria\/PagamentPersonalitzat\/PagamentPersonalitzat.html<\/a>\u00a0\u00a0<\/span><\/div>\n<div class=\"_1mf _1mj\" data-offset-key=\"574ua-0-0\"><\/div>\n<div class=\"_1mf _1mj\" data-offset-key=\"574ua-0-0\"><\/div>\n<div class=\"_1mf _1mj\" data-offset-key=\"574ua-0-0\"><\/div>\n<div class=\"_1mf _1mj\" data-offset-key=\"574ua-0-0\"><\/div>\n","protected":false},"excerpt":{"rendered":"<p>ACTUALITZACI\u00d3 27\/06\/2018:\u00a0\u00a0S&#8217;ha modificat el Calendari del Contribuent. Trobareu la informaci\u00f3 aqu\u00ed:\u00a0http:\/\/bisbalpenedes.com\/web\/2018\/06\/27\/els-pagaments-dimpostos-i-taxes-que-finalitzen-el-29-de-juny-es-podran-abonar-fins-al-31-de-juliol-de-2018\/ ACTUALIZACI\u00d3N 27\/06\/2018:\u00a0Se ha modificado el Calendario del Contribuyente. Encontrar\u00e9is la informaci\u00f3n aqu\u00ed:\u00a0http:\/\/bisbalpenedes.com\/web\/2018\/06\/27\/els-pagaments-dimpostos-i-taxes-que-finalitzen-el-29-de-juny-es-podran-abonar-fins-al-31-de-juliol-de-2018\/ Segons ens van informar des de BASE &hellip; <a href=\"https:\/\/bisbalpenedes.com\/web\/2018\/06\/25\/aquest-divendres-finalitza-el-periode-voluntari-de-pagament-de-diversos-impostos-i-taxes\/\" class=\"more-link\">Read More<\/a><\/p>\n","protected":false},"author":4,"featured_media":6188,"comment_status":"closed","ping_status":"closed","sticky":false,"template":"","format":"standard","meta":[],"categories":[4],"tags":[977,2012,1131,976,2013,846,979],"_links":{"self":[{"href":"https:\/\/bisbalpenedes.com\/web\/wp-json\/wp\/v2\/posts\/6187"}],"collection":[{"href":"https:\/\/bisbalpenedes.com\/web\/wp-json\/wp\/v2\/posts"}],"about":[{"href":"https:\/\/bisbalpenedes.com\/web\/wp-json\/wp\/v2\/types\/post"}],"author":[{"embeddable":true,"href":"https:\/\/bisbalpenedes.com\/web\/wp-json\/wp\/v2\/users\/4"}],"replies":[{"embeddable":true,"href":"https:\/\/bisbalpenedes.com\/web\/wp-json\/wp\/v2\/comments?post=6187"}],"version-history":[{"count":10,"href":"https:\/\/bisbalpenedes.com\/web\/wp-json\/wp\/v2\/posts\/6187\/revisions"}],"predecessor-version":[{"id":6195,"href":"https:\/\/bisbalpenedes.com\/web\/wp-json\/wp\/v2\/posts\/6187\/revisions\/6195"}],"wp:featuredmedia":[{"embeddable":true,"href":"https:\/\/bisbalpenedes.com\/web\/wp-json\/wp\/v2\/media\/6188"}],"wp:attachment":[{"href":"https:\/\/bisbalpenedes.com\/web\/wp-json\/wp\/v2\/media?parent=6187"}],"wp:term":[{"taxonomy":"category","embeddable":true,"href":"https:\/\/bisbalpenedes.com\/web\/wp-json\/wp\/v2\/categories?post=6187"},{"taxonomy":"post_tag","embeddable":true,"href":"https:\/\/bisbalpenedes.com\/web\/wp-json\/wp\/v2\/tags?post=6187"}],"curies":[{"name":"wp","href":"https:\/\/api.w.org\/{rel}","templated":true}]}}