{"id":617,"date":"2013-09-18T17:30:01","date_gmt":"2013-09-18T11:30:01","guid":{"rendered":"http:\/\/bisbalpenedes.com\/web\/?p=617"},"modified":"2013-09-18T17:30:01","modified_gmt":"2013-09-18T11:30:01","slug":"la-fira-de-la-bisbal","status":"publish","type":"post","link":"https:\/\/bisbalpenedes.com\/web\/2013\/09\/18\/la-fira-de-la-bisbal\/","title":{"rendered":"La Fira de la Bisbal"},"content":{"rendered":"<p>Diumenge 6 d&#8217;octubre<br \/>\nLA FIRA<\/p>\n<p><strong>vuitena Fira Artesanal<\/strong><br \/>\nde 10 a 14h i de 17 a 19h a la pla\u00e7a de l\u2019Esgl\u00e9sia.<br \/>\nRoba artesanal, vidre, artesania, quadres, plata, bijuteria, titelles, sab\u00f3, productes de la terra, ONG artesania senegalesa.<\/p>\n<p><strong>XVII Trobada de Puntes de Coix\u00ed<\/strong><br \/>\namb les puntaires del poble: Taller de puntes de la Bisbal, Puntaires del Priorati d\u2019altres<br \/>\nA les 10:30. Concentraci\u00f3 de les puntaires a la pla\u00e7a de l&#8217;Esgl\u00e9sia.   Col.locaci\u00f3 i inici dels treballs<br \/>\nA les 12.00 Salutaci\u00f3 de l\u2019Alcalde i autoritats<br \/>\nA les 13:30. Lliurament d&#8217;obsequi als participants<br \/>\nOrganitza: Taller de Puntes de la Bisbal<\/p>\n","protected":false},"excerpt":{"rendered":"<p>Diumenge 6 d&#8217;octubre LA FIRA vuitena Fira Artesanal de 10 a 14h i de 17 a 19h a la pla\u00e7a de l\u2019Esgl\u00e9sia. Roba artesanal, vidre, artesania, quadres, plata, bijuteria, titelles, &hellip; <a href=\"https:\/\/bisbalpenedes.com\/web\/2013\/09\/18\/la-fira-de-la-bisbal\/\" class=\"more-link\">Read More<\/a><\/p>\n","protected":false},"author":1,"featured_media":618,"comment_status":"closed","ping_status":"open","sticky":false,"template":"","format":"standard","meta":[],"categories":[13],"tags":[84],"_links":{"self":[{"href":"https:\/\/bisbalpenedes.com\/web\/wp-json\/wp\/v2\/posts\/617"}],"collection":[{"href":"https:\/\/bisbalpenedes.com\/web\/wp-json\/wp\/v2\/posts"}],"about":[{"href":"https:\/\/bisbalpenedes.com\/web\/wp-json\/wp\/v2\/types\/post"}],"author":[{"embeddable":true,"href":"https:\/\/bisbalpenedes.com\/web\/wp-json\/wp\/v2\/users\/1"}],"replies":[{"embeddable":true,"href":"https:\/\/bisbalpenedes.com\/web\/wp-json\/wp\/v2\/comments?post=617"}],"version-history":[{"count":1,"href":"https:\/\/bisbalpenedes.com\/web\/wp-json\/wp\/v2\/posts\/617\/revisions"}],"predecessor-version":[{"id":619,"href":"https:\/\/bisbalpenedes.com\/web\/wp-json\/wp\/v2\/posts\/617\/revisions\/619"}],"wp:featuredmedia":[{"embeddable":true,"href":"https:\/\/bisbalpenedes.com\/web\/wp-json\/wp\/v2\/media\/618"}],"wp:attachment":[{"href":"https:\/\/bisbalpenedes.com\/web\/wp-json\/wp\/v2\/media?parent=617"}],"wp:term":[{"taxonomy":"category","embeddable":true,"href":"https:\/\/bisbalpenedes.com\/web\/wp-json\/wp\/v2\/categories?post=617"},{"taxonomy":"post_tag","embeddable":true,"href":"https:\/\/bisbalpenedes.com\/web\/wp-json\/wp\/v2\/tags?post=617"}],"curies":[{"name":"wp","href":"https:\/\/api.w.org\/{rel}","templated":true}]}}