{"id":6169,"date":"2018-06-25T11:46:31","date_gmt":"2018-06-25T10:46:31","guid":{"rendered":"http:\/\/bisbalpenedes.com\/web\/?p=6169"},"modified":"2018-06-25T11:46:31","modified_gmt":"2018-06-25T10:46:31","slug":"vols-que-arribi-internet-dalta-velocitat-a-la-teva-urbanitzacio","status":"publish","type":"post","link":"https:\/\/bisbalpenedes.com\/web\/2018\/06\/25\/vols-que-arribi-internet-dalta-velocitat-a-la-teva-urbanitzacio\/","title":{"rendered":"Vols que arribi internet d&#8217;alta velocitat a la teva urbanitzaci\u00f3?"},"content":{"rendered":"<div class=\"\" data-block=\"true\" data-editor=\"296d6\" data-offset-key=\"6uk1v-0-0\">\n<div class=\"_1mf _1mj\" data-offset-key=\"6uk1v-0-0\"><a href=\"http:\/\/bisbalpenedes.com\/web\/wp-content\/uploads\/2018\/06\/IMG_7545.jpg\"><img loading=\"lazy\" class=\"aligncenter size-large wp-image-5964\" src=\"http:\/\/bisbalpenedes.com\/web\/wp-content\/uploads\/2018\/06\/IMG_7545-1024x683.jpg\" alt=\"REUNIO FIBRA OPTICA CMC\" width=\"630\" height=\"420\" srcset=\"https:\/\/bisbalpenedes.com\/web\/wp-content\/uploads\/2018\/06\/IMG_7545-1024x683.jpg 1024w, https:\/\/bisbalpenedes.com\/web\/wp-content\/uploads\/2018\/06\/IMG_7545-600x400.jpg 600w, https:\/\/bisbalpenedes.com\/web\/wp-content\/uploads\/2018\/06\/IMG_7545-300x200.jpg 300w, https:\/\/bisbalpenedes.com\/web\/wp-content\/uploads\/2018\/06\/IMG_7545-768x512.jpg 768w\" sizes=\"(max-width: 630px) 100vw, 630px\" \/><\/a><\/div>\n<div class=\"_1mf _1mj\" data-offset-key=\"6uk1v-0-0\"><span style=\"color: #000000;\">Durant el mes de juliol es dur\u00e0 a terme l&#8217;activaci\u00f3 de la Fibra \u00d2ptica als primers habitatges del nucli de la Bisbal, segons l&#8217;empresa instal\u00b7ladora. Aquests treballs corresponen a la primera fase del projecte.<\/span><\/div>\n<\/div>\n<div class=\"\" data-block=\"true\" data-editor=\"296d6\" data-offset-key=\"d7qac-0-0\">\n<div class=\"_1mf _1mj\" data-offset-key=\"d7qac-0-0\"><span style=\"color: #000000;\">Recordem que l&#8217;operadora Adamo va explicar a la reuni\u00f3 informativa que es va fer el passat 5 de juny que a les urbanitzacions\u00a0s\u2019hi portaria internet en una segona fase i va demanar que els interessats que resideixin en urbanitzacions es registrin a l&#8217;enlla\u00e7<\/span><\/div>\n<\/div>\n<div class=\"\" data-block=\"true\" data-editor=\"296d6\" data-offset-key=\"f2oor-0-0\">\n<div class=\"_1mf _1mj\" data-offset-key=\"f2oor-0-0\"><span style=\"color: #000000;\"><a style=\"color: #000000;\" href=\"http:\/\/fiberhood.adamo.es\/ca\/tarragona\/la-bisbal-del-penedes\" target=\"_blank\">http:\/\/fiberhood.adamo.es\/ca\/tarragona\/la-bisbal-del-penedes<\/a>\u00a0per con\u00e8ixer el nombre d\u2019interessats que hi ha i, en funci\u00f3 d\u2019aix\u00f2, saber quin \u00e9s el servei que hi podran oferir.<\/span><\/div>\n<\/div>\n<div class=\"\" data-block=\"true\" data-editor=\"296d6\" data-offset-key=\"2m89m-0-0\">\n<div class=\"_1mf _1mj\" data-offset-key=\"2m89m-0-0\"><\/div>\n<\/div>\n<div class=\"\" data-block=\"true\" data-editor=\"296d6\" data-offset-key=\"1fj2p-0-0\">\n<div class=\"_1mf _1mj\" data-offset-key=\"1fj2p-0-0\">\n<hr \/>\n<\/div>\n<\/div>\n<div class=\"\" data-block=\"true\" data-editor=\"296d6\" data-offset-key=\"5s27l-0-0\">\n<div class=\"_1mf _1mj\" data-offset-key=\"5s27l-0-0\"><\/div>\n<\/div>\n<div class=\"\" data-block=\"true\" data-editor=\"296d6\" data-offset-key=\"erjkn-0-0\">\n<div class=\"_1mf _1mj\" data-offset-key=\"erjkn-0-0\"><span style=\"color: #000000;\"><b>CASTELLANO<\/b>\u00a0| Durante el mes de julio se llevar\u00e1 a cabo la activaci\u00f3n de la Fibra \u00d2ptica en las primeras viviendas de la Bisbal, seg\u00fan la empresa instaladora. Estos trabajos corresponden a la primera fase del proyecto.<\/span><\/div>\n<\/div>\n<div class=\"\" data-block=\"true\" data-editor=\"296d6\" data-offset-key=\"3ad40-0-0\">\n<div class=\"_1mf _1mj\" data-offset-key=\"3ad40-0-0\"><span style=\"color: #000000;\">Recordamos que la operadora Adamo explic\u00f3 en la reuni\u00f3n informativa que se hizo el pasado 5 de junio que a las\u00a0urbanitzacions se llevar\u00e1 internet en una segunda fase y pidi\u00f3 que los interesados que vivan en urbanizaciones se registrasen en este enlace<\/span><\/div>\n<\/div>\n<div class=\"\" data-block=\"true\" data-editor=\"296d6\" data-offset-key=\"97vbm-0-0\">\n<div class=\"_1mf _1mj\" data-offset-key=\"97vbm-0-0\"><span style=\"color: #000000;\"><a style=\"color: #000000;\" href=\"http:\/\/fiberhood.adamo.es\/ca\/tarragona\/la-bisbal-del-penedes\" target=\"_blank\">http:\/\/fiberhood.adamo.es\/ca\/tarragona\/la-bisbal-del-penedes<\/a>\u00a0para conocer el n\u00famero de interesados que hay y, en funci\u00f3n de esto, saber cual es el servicio que podr\u00e1n ofrecer.<\/span><\/div>\n<\/div>\n","protected":false},"excerpt":{"rendered":"<p>Durant el mes de juliol es dur\u00e0 a terme l&#8217;activaci\u00f3 de la Fibra \u00d2ptica als primers habitatges del nucli de la Bisbal, segons l&#8217;empresa instal\u00b7ladora. Aquests treballs corresponen a la &hellip; <a href=\"https:\/\/bisbalpenedes.com\/web\/2018\/06\/25\/vols-que-arribi-internet-dalta-velocitat-a-la-teva-urbanitzacio\/\" class=\"more-link\">Read More<\/a><\/p>\n","protected":false},"author":4,"featured_media":6170,"comment_status":"closed","ping_status":"closed","sticky":false,"template":"","format":"standard","meta":[],"categories":[4],"tags":[2001,1624,2003,1099,2004,1098,2002,452],"_links":{"self":[{"href":"https:\/\/bisbalpenedes.com\/web\/wp-json\/wp\/v2\/posts\/6169"}],"collection":[{"href":"https:\/\/bisbalpenedes.com\/web\/wp-json\/wp\/v2\/posts"}],"about":[{"href":"https:\/\/bisbalpenedes.com\/web\/wp-json\/wp\/v2\/types\/post"}],"author":[{"embeddable":true,"href":"https:\/\/bisbalpenedes.com\/web\/wp-json\/wp\/v2\/users\/4"}],"replies":[{"embeddable":true,"href":"https:\/\/bisbalpenedes.com\/web\/wp-json\/wp\/v2\/comments?post=6169"}],"version-history":[{"count":1,"href":"https:\/\/bisbalpenedes.com\/web\/wp-json\/wp\/v2\/posts\/6169\/revisions"}],"predecessor-version":[{"id":6171,"href":"https:\/\/bisbalpenedes.com\/web\/wp-json\/wp\/v2\/posts\/6169\/revisions\/6171"}],"wp:featuredmedia":[{"embeddable":true,"href":"https:\/\/bisbalpenedes.com\/web\/wp-json\/wp\/v2\/media\/6170"}],"wp:attachment":[{"href":"https:\/\/bisbalpenedes.com\/web\/wp-json\/wp\/v2\/media?parent=6169"}],"wp:term":[{"taxonomy":"category","embeddable":true,"href":"https:\/\/bisbalpenedes.com\/web\/wp-json\/wp\/v2\/categories?post=6169"},{"taxonomy":"post_tag","embeddable":true,"href":"https:\/\/bisbalpenedes.com\/web\/wp-json\/wp\/v2\/tags?post=6169"}],"curies":[{"name":"wp","href":"https:\/\/api.w.org\/{rel}","templated":true}]}}