{"id":6165,"date":"2018-06-25T10:37:51","date_gmt":"2018-06-25T09:37:51","guid":{"rendered":"http:\/\/bisbalpenedes.com\/web\/?p=6165"},"modified":"2018-06-25T10:43:39","modified_gmt":"2018-06-25T09:43:39","slug":"el-dimarts-26-de-juny-es-tallara-el-transit-dels-carrers-major-i-santa-cristina","status":"publish","type":"post","link":"https:\/\/bisbalpenedes.com\/web\/2018\/06\/25\/el-dimarts-26-de-juny-es-tallara-el-transit-dels-carrers-major-i-santa-cristina\/","title":{"rendered":"El dimarts 26 de juny es tallar\u00e0 el tr\u00e0nsit dels carrers Major i Santa Cristina"},"content":{"rendered":"<p><span style=\"color: #000000;\">Aqualia ha informat l&#8217;Ajuntament de la Bisbal que, amb motiu de l&#8217;execuci\u00f3 de treballs de millora en la xarxa de clavegueram, el dimarts 26 de juny tallar\u00e0 el tr\u00e0nsit dels carrers Major i Santa Cristina durant el mat\u00ed.<\/span><\/p>\n<hr \/>\n<p><span style=\"color: #000000;\"><strong>CASTELLANO<\/strong> | Aqualia ha informado al Ayuntamiento de la Bisbal que, con motivo de la ejecuci\u00f3n de trabajos de mejora en la red de\u00a0alcantarillado, el martes 26 de junio cortar\u00e1 el tr\u00e1fico de las calles Major y Santa Cristina durante la ma\u00f1ana.<\/span><\/p>\n<p><a href=\"http:\/\/bisbalpenedes.com\/web\/wp-content\/uploads\/2018\/06\/Cartell-aqualia-25-06-18-001.jpg\"><img loading=\"lazy\" class=\"aligncenter size-large wp-image-6166\" src=\"http:\/\/bisbalpenedes.com\/web\/wp-content\/uploads\/2018\/06\/Cartell-aqualia-25-06-18-001-724x1024.jpg\" alt=\"Cartell aqualia 25-06-18-001\" width=\"630\" height=\"891\" srcset=\"https:\/\/bisbalpenedes.com\/web\/wp-content\/uploads\/2018\/06\/Cartell-aqualia-25-06-18-001-724x1024.jpg 724w, https:\/\/bisbalpenedes.com\/web\/wp-content\/uploads\/2018\/06\/Cartell-aqualia-25-06-18-001-600x848.jpg 600w, https:\/\/bisbalpenedes.com\/web\/wp-content\/uploads\/2018\/06\/Cartell-aqualia-25-06-18-001-212x300.jpg 212w, https:\/\/bisbalpenedes.com\/web\/wp-content\/uploads\/2018\/06\/Cartell-aqualia-25-06-18-001-768x1086.jpg 768w, https:\/\/bisbalpenedes.com\/web\/wp-content\/uploads\/2018\/06\/Cartell-aqualia-25-06-18-001.jpg 1191w\" sizes=\"(max-width: 630px) 100vw, 630px\" \/><\/a><a href=\"http:\/\/bisbalpenedes.com\/web\/wp-content\/uploads\/2018\/06\/Cartell-aqualia-25-06-18-001.jpg\"><img loading=\"lazy\" class=\"aligncenter size-large wp-image-6166\" src=\"http:\/\/bisbalpenedes.com\/web\/wp-content\/uploads\/2018\/06\/Cartell-aqualia-25-06-18-001-724x1024.jpg\" alt=\"Cartell aqualia 25-06-18-001\" width=\"630\" height=\"891\" srcset=\"https:\/\/bisbalpenedes.com\/web\/wp-content\/uploads\/2018\/06\/Cartell-aqualia-25-06-18-001-724x1024.jpg 724w, https:\/\/bisbalpenedes.com\/web\/wp-content\/uploads\/2018\/06\/Cartell-aqualia-25-06-18-001-600x848.jpg 600w, https:\/\/bisbalpenedes.com\/web\/wp-content\/uploads\/2018\/06\/Cartell-aqualia-25-06-18-001-212x300.jpg 212w, https:\/\/bisbalpenedes.com\/web\/wp-content\/uploads\/2018\/06\/Cartell-aqualia-25-06-18-001-768x1086.jpg 768w, https:\/\/bisbalpenedes.com\/web\/wp-content\/uploads\/2018\/06\/Cartell-aqualia-25-06-18-001.jpg 1191w\" sizes=\"(max-width: 630px) 100vw, 630px\" \/><\/a><\/p>\n","protected":false},"excerpt":{"rendered":"<p>Aqualia ha informat l&#8217;Ajuntament de la Bisbal que, amb motiu de l&#8217;execuci\u00f3 de treballs de millora en la xarxa de clavegueram, el dimarts 26 de juny tallar\u00e0 el tr\u00e0nsit dels &hellip; <a href=\"https:\/\/bisbalpenedes.com\/web\/2018\/06\/25\/el-dimarts-26-de-juny-es-tallara-el-transit-dels-carrers-major-i-santa-cristina\/\" class=\"more-link\">Read More<\/a><\/p>\n","protected":false},"author":4,"featured_media":6166,"comment_status":"closed","ping_status":"closed","sticky":false,"template":"","format":"standard","meta":[],"categories":[1628],"tags":[2000,649,160,1381],"_links":{"self":[{"href":"https:\/\/bisbalpenedes.com\/web\/wp-json\/wp\/v2\/posts\/6165"}],"collection":[{"href":"https:\/\/bisbalpenedes.com\/web\/wp-json\/wp\/v2\/posts"}],"about":[{"href":"https:\/\/bisbalpenedes.com\/web\/wp-json\/wp\/v2\/types\/post"}],"author":[{"embeddable":true,"href":"https:\/\/bisbalpenedes.com\/web\/wp-json\/wp\/v2\/users\/4"}],"replies":[{"embeddable":true,"href":"https:\/\/bisbalpenedes.com\/web\/wp-json\/wp\/v2\/comments?post=6165"}],"version-history":[{"count":2,"href":"https:\/\/bisbalpenedes.com\/web\/wp-json\/wp\/v2\/posts\/6165\/revisions"}],"predecessor-version":[{"id":6168,"href":"https:\/\/bisbalpenedes.com\/web\/wp-json\/wp\/v2\/posts\/6165\/revisions\/6168"}],"wp:featuredmedia":[{"embeddable":true,"href":"https:\/\/bisbalpenedes.com\/web\/wp-json\/wp\/v2\/media\/6166"}],"wp:attachment":[{"href":"https:\/\/bisbalpenedes.com\/web\/wp-json\/wp\/v2\/media?parent=6165"}],"wp:term":[{"taxonomy":"category","embeddable":true,"href":"https:\/\/bisbalpenedes.com\/web\/wp-json\/wp\/v2\/categories?post=6165"},{"taxonomy":"post_tag","embeddable":true,"href":"https:\/\/bisbalpenedes.com\/web\/wp-json\/wp\/v2\/tags?post=6165"}],"curies":[{"name":"wp","href":"https:\/\/api.w.org\/{rel}","templated":true}]}}