{"id":6160,"date":"2018-06-25T10:23:52","date_gmt":"2018-06-25T09:23:52","guid":{"rendered":"http:\/\/bisbalpenedes.com\/web\/?p=6160"},"modified":"2018-06-25T10:24:32","modified_gmt":"2018-06-25T09:24:32","slug":"video-del-concert-de-lescola-municipal-de-musica","status":"publish","type":"post","link":"https:\/\/bisbalpenedes.com\/web\/2018\/06\/25\/video-del-concert-de-lescola-municipal-de-musica\/","title":{"rendered":"V\u00eddeo del concert de l&#8217;Escola Municipal de M\u00fasica"},"content":{"rendered":"<p><span style=\"color: #000000;\">El passat dijous 21 de juny va tenir lloc el Concert de fi de curs de l&#8217;Escola Municipal de M\u00fasica. L&#8217;Ajuntament en va enregistrar en v\u00eddeo per aquells pares i mares, familiars o amics que no van poder assistir a l&#8217;acte.<\/span><\/p>\n<p><span style=\"color: #000000;\"><strong>CASTELLANO |<\/strong> El pasado jueves 21 de junio tuvo lugar el Concierto de fin de curso de la Escola Municipal de M\u00fasica. El Ayuntamiento grab\u00f3 el v\u00eddeo para aquellos padres y madres, familiares o amigos que no pudieron asistir al acto.<\/span><\/p>\n<p style=\"text-align: center;\"><iframe loading=\"lazy\" src=\"https:\/\/www.youtube.com\/embed\/mqOQ-4MYLwM\" width=\"560\" height=\"315\" frameborder=\"0\" allowfullscreen=\"allowfullscreen\"><\/iframe><\/p>\n","protected":false},"excerpt":{"rendered":"<p>El passat dijous 21 de juny va tenir lloc el Concert de fi de curs de l&#8217;Escola Municipal de M\u00fasica. L&#8217;Ajuntament en va enregistrar en v\u00eddeo per aquells pares i &hellip; <a href=\"https:\/\/bisbalpenedes.com\/web\/2018\/06\/25\/video-del-concert-de-lescola-municipal-de-musica\/\" class=\"more-link\">Read More<\/a><\/p>\n","protected":false},"author":4,"featured_media":6161,"comment_status":"closed","ping_status":"closed","sticky":false,"template":"","format":"standard","meta":[],"categories":[13],"tags":[73,225,781],"_links":{"self":[{"href":"https:\/\/bisbalpenedes.com\/web\/wp-json\/wp\/v2\/posts\/6160"}],"collection":[{"href":"https:\/\/bisbalpenedes.com\/web\/wp-json\/wp\/v2\/posts"}],"about":[{"href":"https:\/\/bisbalpenedes.com\/web\/wp-json\/wp\/v2\/types\/post"}],"author":[{"embeddable":true,"href":"https:\/\/bisbalpenedes.com\/web\/wp-json\/wp\/v2\/users\/4"}],"replies":[{"embeddable":true,"href":"https:\/\/bisbalpenedes.com\/web\/wp-json\/wp\/v2\/comments?post=6160"}],"version-history":[{"count":3,"href":"https:\/\/bisbalpenedes.com\/web\/wp-json\/wp\/v2\/posts\/6160\/revisions"}],"predecessor-version":[{"id":6164,"href":"https:\/\/bisbalpenedes.com\/web\/wp-json\/wp\/v2\/posts\/6160\/revisions\/6164"}],"wp:featuredmedia":[{"embeddable":true,"href":"https:\/\/bisbalpenedes.com\/web\/wp-json\/wp\/v2\/media\/6161"}],"wp:attachment":[{"href":"https:\/\/bisbalpenedes.com\/web\/wp-json\/wp\/v2\/media?parent=6160"}],"wp:term":[{"taxonomy":"category","embeddable":true,"href":"https:\/\/bisbalpenedes.com\/web\/wp-json\/wp\/v2\/categories?post=6160"},{"taxonomy":"post_tag","embeddable":true,"href":"https:\/\/bisbalpenedes.com\/web\/wp-json\/wp\/v2\/tags?post=6160"}],"curies":[{"name":"wp","href":"https:\/\/api.w.org\/{rel}","templated":true}]}}