{"id":6152,"date":"2018-06-25T13:22:35","date_gmt":"2018-06-25T12:22:35","guid":{"rendered":"http:\/\/bisbalpenedes.com\/web\/?p=6152"},"modified":"2018-06-26T10:37:33","modified_gmt":"2018-06-26T09:37:33","slug":"lajuntament-dura-a-terme-els-treballs-de-pavimentacio-de-lentrada-a-santa-cristina-els-dies-3-i-4-de-juliol","status":"publish","type":"post","link":"https:\/\/bisbalpenedes.com\/web\/2018\/06\/25\/lajuntament-dura-a-terme-els-treballs-de-pavimentacio-de-lentrada-a-santa-cristina-els-dies-3-i-4-de-juliol\/","title":{"rendered":"L&#8217;Ajuntament dur\u00e0 a terme els treballs de pavimentaci\u00f3 de l&#8217;entrada a Santa Cristina els dies 3 i 4 de juliol"},"content":{"rendered":"<p><a href=\"http:\/\/bisbalpenedes.com\/web\/wp-content\/uploads\/2018\/06\/CAMI-DACCES-A-SANTA-CRISTINA-1.jpg\"><img loading=\"lazy\" class=\"aligncenter size-medium wp-image-6154\" src=\"http:\/\/bisbalpenedes.com\/web\/wp-content\/uploads\/2018\/06\/CAMI-DACCES-A-SANTA-CRISTINA-1-300x225.jpg\" alt=\"CAMI D'ACCES A SANTA CRISTINA 1\" width=\"300\" height=\"225\" srcset=\"https:\/\/bisbalpenedes.com\/web\/wp-content\/uploads\/2018\/06\/CAMI-DACCES-A-SANTA-CRISTINA-1-300x225.jpg 300w, https:\/\/bisbalpenedes.com\/web\/wp-content\/uploads\/2018\/06\/CAMI-DACCES-A-SANTA-CRISTINA-1-600x450.jpg 600w, https:\/\/bisbalpenedes.com\/web\/wp-content\/uploads\/2018\/06\/CAMI-DACCES-A-SANTA-CRISTINA-1-768x576.jpg 768w, https:\/\/bisbalpenedes.com\/web\/wp-content\/uploads\/2018\/06\/CAMI-DACCES-A-SANTA-CRISTINA-1-1024x768.jpg 1024w, https:\/\/bisbalpenedes.com\/web\/wp-content\/uploads\/2018\/06\/CAMI-DACCES-A-SANTA-CRISTINA-1.jpg 2016w\" sizes=\"(max-width: 300px) 100vw, 300px\" \/><\/a><\/p>\n<p><span style=\"color: #000000;\">Us informem que\u00a0els treballs de pavimentaci\u00f3 de l&#8217;entrada de la urbanitzaci\u00f3 Santa Cristina pel carrer Vall d&#8217;Aran es duran a terme els dies 3 i 4 de juliol i,\u00a0que, durant aquests dos dies, la circulaci\u00f3 per aquesta via estar\u00e0 tallada.<\/span><\/p>\n<p><span style=\"color: #000000;\">La Junta de Govern Local del dijous 17 de maig\u00a0va aprovar un contracte menor per pavimentar l\u2019entrada de la urbanitzaci\u00f3 de Santa Cristina per un import de 41.510,70\u20ac (IVA incl\u00f2s). Es tracta del tram d\u2019acc\u00e9s a la urbanitzaci\u00f3 a trav\u00e9s del carrer Vall d\u2019Aran, una zona que va quedar sense asfaltar quan es van fer les obres de la carretera nova. Aquesta via forma part de la xarxa principal de camins del municipi i hi passen vehicles freq\u00fcentment, ja que uneix la urbanitzaci\u00f3 amb l\u2019antiga carretera del Vendrell a Valls. \u00c9s per aix\u00f2 que des de la Regidoria de Medi Ambient es considera prioritari arranjar aquest tram.<\/span><\/p>\n<p><span style=\"color: #000000;\">El passat mes de juliol de 2017 l\u2019Ajuntament de la Bisbal va sol\u00b7licitar al Departament de Governaci\u00f3, Administracions P\u00fabliques i Habitatge de la Generalitat de Catalunya una subvenci\u00f3 dins de la convocat\u00f2ria d\u2019inversions en camins 2018\/2020 que va ser concedida per un import de 32.591,05\u20ac a l\u2019octubre del mateix any. Ara, l\u2019Ajuntament pavimentar\u00e0 aquest tram i rebr\u00e0 l\u2019import de la subvenci\u00f3 entre els anys 2018 i 2019.<\/span><\/p>\n<hr \/>\n<p><span style=\"color: #000000;\"><strong>CASTELLANO<\/strong>\u00a0| Os informamos que los trabajos de pavimentaci\u00f3n de la entrada de la urbanizaci\u00f3n Santa Cristina por la calle Vall d&#8217;Aran se llevar\u00e1n a cabo los d\u00edas 3 y 4 de julio y que, durante estos dos d\u00edas, la circulaci\u00f3n por esta v\u00eda quedar\u00e1 cortada.<\/span><\/p>\n<p><span style=\"color: #000000;\">La Junta de Gobierno Local del\u00a0jueves 17 de mayo\u00a0aprob\u00f3 un contrato menor para pavimentar la entrada a la urbanizaci\u00f3n de Santa Cristina por un importe de 41.510,70\u20ac (IVA incluido). Se trata del tramo de acceso a la urbanizaci\u00f3n a trav\u00e9s de la calle Vall d\u2019Aran, una zona que qued\u00f3 sin asfaltar cuando se hicieron las obras de la carretera nueva. Esta v\u00eda forma parte de la red principal de caminos del municipio y es frecuentada por numerosos veh\u00edculos, ya que une la urbanizaci\u00f3n con la antigua carretera del Vendrell a Valls. Es por este motivo que des de la Regidoria de Medio Ambiente se considera prioritario arreglar este tramo.<\/span><\/p>\n<p><span style=\"color: #000000;\">El pasado mes de julio del 2017 el Ayuntamiento de la Bisbal solicit\u00f3 al Departament de Governaci\u00f3, Administracions P\u00fabliques i Habitatge de la Generalitat de Catalunya una subvenci\u00f3n dentro de la convocatoria de inversiones en caminos 2018\/2020 que fue concedida por un importe de 32.591,05\u20ac el mes de octubre del mismo a\u00f1o.\u00a0Ahora, el Ayuntamiento realizar\u00e1 la pavimentaci\u00f3n de este tramo y recibir\u00e1 el importe de la subvenci\u00f3n entre los a\u00f1os 2018 y 2019.<\/span><\/p>\n","protected":false},"excerpt":{"rendered":"<p>Us informem que\u00a0els treballs de pavimentaci\u00f3 de l&#8217;entrada de la urbanitzaci\u00f3 Santa Cristina pel carrer Vall d&#8217;Aran es duran a terme els dies 3 i 4 de juliol i,\u00a0que, durant &hellip; <a href=\"https:\/\/bisbalpenedes.com\/web\/2018\/06\/25\/lajuntament-dura-a-terme-els-treballs-de-pavimentacio-de-lentrada-a-santa-cristina-els-dies-3-i-4-de-juliol\/\" class=\"more-link\">Read More<\/a><\/p>\n","protected":false},"author":4,"featured_media":6154,"comment_status":"closed","ping_status":"closed","sticky":false,"template":"","format":"standard","meta":[],"categories":[32],"tags":[531,364,2011,2010,623],"_links":{"self":[{"href":"https:\/\/bisbalpenedes.com\/web\/wp-json\/wp\/v2\/posts\/6152"}],"collection":[{"href":"https:\/\/bisbalpenedes.com\/web\/wp-json\/wp\/v2\/posts"}],"about":[{"href":"https:\/\/bisbalpenedes.com\/web\/wp-json\/wp\/v2\/types\/post"}],"author":[{"embeddable":true,"href":"https:\/\/bisbalpenedes.com\/web\/wp-json\/wp\/v2\/users\/4"}],"replies":[{"embeddable":true,"href":"https:\/\/bisbalpenedes.com\/web\/wp-json\/wp\/v2\/comments?post=6152"}],"version-history":[{"count":3,"href":"https:\/\/bisbalpenedes.com\/web\/wp-json\/wp\/v2\/posts\/6152\/revisions"}],"predecessor-version":[{"id":6206,"href":"https:\/\/bisbalpenedes.com\/web\/wp-json\/wp\/v2\/posts\/6152\/revisions\/6206"}],"wp:featuredmedia":[{"embeddable":true,"href":"https:\/\/bisbalpenedes.com\/web\/wp-json\/wp\/v2\/media\/6154"}],"wp:attachment":[{"href":"https:\/\/bisbalpenedes.com\/web\/wp-json\/wp\/v2\/media?parent=6152"}],"wp:term":[{"taxonomy":"category","embeddable":true,"href":"https:\/\/bisbalpenedes.com\/web\/wp-json\/wp\/v2\/categories?post=6152"},{"taxonomy":"post_tag","embeddable":true,"href":"https:\/\/bisbalpenedes.com\/web\/wp-json\/wp\/v2\/tags?post=6152"}],"curies":[{"name":"wp","href":"https:\/\/api.w.org\/{rel}","templated":true}]}}