{"id":6145,"date":"2018-06-21T10:06:37","date_gmt":"2018-06-21T09:06:37","guid":{"rendered":"http:\/\/bisbalpenedes.com\/web\/?p=6145"},"modified":"2018-06-22T10:09:27","modified_gmt":"2018-06-22T09:09:27","slug":"el-dissabte-23-de-juny-arriba-la-flama-del-canigo-a-la-bisbal","status":"publish","type":"post","link":"https:\/\/bisbalpenedes.com\/web\/2018\/06\/21\/el-dissabte-23-de-juny-arriba-la-flama-del-canigo-a-la-bisbal\/","title":{"rendered":"El dissabte 23 de juny arriba la Flama del Canig\u00f3 a la Bisbal"},"content":{"rendered":"<p style=\"text-align: justify;\"><a href=\"http:\/\/bisbalpenedes.com\/web\/wp-content\/uploads\/2018\/06\/flama-canigo-18-omnium.jpg\"><img loading=\"lazy\" class=\"aligncenter size-large wp-image-6146\" src=\"http:\/\/bisbalpenedes.com\/web\/wp-content\/uploads\/2018\/06\/flama-canigo-18-omnium-724x1024.jpg\" alt=\"flama-canigo-18-omnium\" width=\"630\" height=\"891\" srcset=\"https:\/\/bisbalpenedes.com\/web\/wp-content\/uploads\/2018\/06\/flama-canigo-18-omnium-724x1024.jpg 724w, https:\/\/bisbalpenedes.com\/web\/wp-content\/uploads\/2018\/06\/flama-canigo-18-omnium-600x849.jpg 600w, https:\/\/bisbalpenedes.com\/web\/wp-content\/uploads\/2018\/06\/flama-canigo-18-omnium-212x300.jpg 212w, https:\/\/bisbalpenedes.com\/web\/wp-content\/uploads\/2018\/06\/flama-canigo-18-omnium-768x1086.jpg 768w, https:\/\/bisbalpenedes.com\/web\/wp-content\/uploads\/2018\/06\/flama-canigo-18-omnium.jpg 1131w\" sizes=\"(max-width: 630px) 100vw, 630px\" \/><\/a><\/p>\n<p style=\"text-align: justify;\"><span style=\"color: #000000;\">Dissabte 23 de juny a les 18h arribar\u00e0 a la Bisbal del Pened\u00e8s la Flama del Canig\u00f3.<\/span><\/p>\n<p style=\"text-align: justify;\"><span style=\"color: #000000;\">A les 18.30h hi haur\u00e0 una cercavila fins a l&#8217;Ajuntament. A les 19h tindr\u00e0 lloc la lectura del Manifest i, en acabar, la cantada del Cant dels Segadors.<\/span><\/p>\n<p style=\"text-align: justify;\"><span style=\"color: #000000;\">A les 19.15h, tindr\u00e0 lloc l&#8217;encesa de la Flama i la cercavila fins al Carrer Francesc Maci\u00e0, on hi haur\u00e0 una ballada de sardanes amb els Dansaires del Pened\u00e8s i la Cobla Cat\u00e0nia i, a continuaci\u00f3, hi haur\u00e0 tortell i cava per a tothom.<\/span><\/p>\n<p style=\"text-align: justify;\"><span style=\"color: #000000;\">\u2014<\/span><br \/>\n<span style=\"color: #000000;\"><strong>CASTELLANO<\/strong> | El s\u00e1bado 23 de junio a las 18h llegar\u00e1 a la Bisbal del Pened\u00e8s la Flama del Canig\u00f3<\/span><\/p>\n<p style=\"text-align: justify;\"><span style=\"color: #000000;\">A las 18.30h habr\u00e1 un pasacalles hasta el Ayuntamiento. A las 19h tendr\u00e1 lugar la lectura del Manifiesto y, al finalizar, la cantada del Cant dels Segadors.<\/span><\/p>\n<p style=\"text-align: justify;\"><span style=\"color: #000000;\">A las 19.15h se encender\u00e1 la Flama y se har\u00e1 de nuevo un pasacalles hasta la calle Francesc Maci\u00e0, en la que habr\u00e1 &#8216;ballada de sardanes&#8217; con los Dansaires del Pened\u00e8s y la Cobla Cat\u00e0nia y, a continuaci\u00f3n, habr\u00e1 tortel y cava para todos.<\/span><\/p>\n","protected":false},"excerpt":{"rendered":"<p>Dissabte 23 de juny a les 18h arribar\u00e0 a la Bisbal del Pened\u00e8s la Flama del Canig\u00f3. A les 18.30h hi haur\u00e0 una cercavila fins a l&#8217;Ajuntament. A les 19h &hellip; <a href=\"https:\/\/bisbalpenedes.com\/web\/2018\/06\/21\/el-dissabte-23-de-juny-arriba-la-flama-del-canigo-a-la-bisbal\/\" class=\"more-link\">Read More<\/a><\/p>\n","protected":false},"author":4,"featured_media":6146,"comment_status":"closed","ping_status":"closed","sticky":false,"template":"","format":"standard","meta":[],"categories":[1042],"tags":[136,1996,1997,696,78,112,1376,537],"_links":{"self":[{"href":"https:\/\/bisbalpenedes.com\/web\/wp-json\/wp\/v2\/posts\/6145"}],"collection":[{"href":"https:\/\/bisbalpenedes.com\/web\/wp-json\/wp\/v2\/posts"}],"about":[{"href":"https:\/\/bisbalpenedes.com\/web\/wp-json\/wp\/v2\/types\/post"}],"author":[{"embeddable":true,"href":"https:\/\/bisbalpenedes.com\/web\/wp-json\/wp\/v2\/users\/4"}],"replies":[{"embeddable":true,"href":"https:\/\/bisbalpenedes.com\/web\/wp-json\/wp\/v2\/comments?post=6145"}],"version-history":[{"count":2,"href":"https:\/\/bisbalpenedes.com\/web\/wp-json\/wp\/v2\/posts\/6145\/revisions"}],"predecessor-version":[{"id":6148,"href":"https:\/\/bisbalpenedes.com\/web\/wp-json\/wp\/v2\/posts\/6145\/revisions\/6148"}],"wp:featuredmedia":[{"embeddable":true,"href":"https:\/\/bisbalpenedes.com\/web\/wp-json\/wp\/v2\/media\/6146"}],"wp:attachment":[{"href":"https:\/\/bisbalpenedes.com\/web\/wp-json\/wp\/v2\/media?parent=6145"}],"wp:term":[{"taxonomy":"category","embeddable":true,"href":"https:\/\/bisbalpenedes.com\/web\/wp-json\/wp\/v2\/categories?post=6145"},{"taxonomy":"post_tag","embeddable":true,"href":"https:\/\/bisbalpenedes.com\/web\/wp-json\/wp\/v2\/tags?post=6145"}],"curies":[{"name":"wp","href":"https:\/\/api.w.org\/{rel}","templated":true}]}}