{"id":6140,"date":"2018-06-20T09:19:29","date_gmt":"2018-06-20T08:19:29","guid":{"rendered":"http:\/\/bisbalpenedes.com\/web\/?p=6140"},"modified":"2018-06-20T09:19:47","modified_gmt":"2018-06-20T08:19:47","slug":"tall-de-llum-programat-a-la-masieta-el-proper-divendres-22-de-juny-de-9-a-11-15h","status":"publish","type":"post","link":"https:\/\/bisbalpenedes.com\/web\/2018\/06\/20\/tall-de-llum-programat-a-la-masieta-el-proper-divendres-22-de-juny-de-9-a-11-15h\/","title":{"rendered":"Tall de llum programat a La Masieta el proper divendres 22 de juny de 9 a 11.15h"},"content":{"rendered":"<p>&nbsp;<\/p>\n<p><span style=\"color: #000000;\">Des d&#8217;Endesa Distribuci\u00f3n El\u00e9ctrica ens informen que divendres 22 de juny, de 9 a 11.15h, tindr\u00e0 lloc un tall\u00a0de llum programat a la urbanitzaci\u00f3 La Masieta per a dur a terme treballs de reparaci\u00f3 a la xarxa el\u00e8ctrica.<\/span><\/p>\n<hr \/>\n<p><span style=\"color: #000000;\">Desde Endesa Distribuci\u00f3n El\u00e9ctrica nos informan de que el viernes 22 de junio, de 9 a 11.15h, tendr\u00e1 lugar un corte de luz programado en la urbanizaci\u00f3n La Masieta para llevar a cabo trabajos de reparaci\u00f3n en la red el\u00e9ctrica.<\/span><\/p>\n<p>&nbsp;<\/p>\n","protected":false},"excerpt":{"rendered":"<p>&nbsp; Des d&#8217;Endesa Distribuci\u00f3n El\u00e9ctrica ens informen que divendres 22 de juny, de 9 a 11.15h, tindr\u00e0 lloc un tall\u00a0de llum programat a la urbanitzaci\u00f3 La Masieta per a dur &hellip; <a href=\"https:\/\/bisbalpenedes.com\/web\/2018\/06\/20\/tall-de-llum-programat-a-la-masieta-el-proper-divendres-22-de-juny-de-9-a-11-15h\/\" class=\"more-link\">Read More<\/a><\/p>\n","protected":false},"author":4,"featured_media":2315,"comment_status":"closed","ping_status":"closed","sticky":false,"template":"","format":"standard","meta":[],"categories":[1628],"tags":[587,1629],"_links":{"self":[{"href":"https:\/\/bisbalpenedes.com\/web\/wp-json\/wp\/v2\/posts\/6140"}],"collection":[{"href":"https:\/\/bisbalpenedes.com\/web\/wp-json\/wp\/v2\/posts"}],"about":[{"href":"https:\/\/bisbalpenedes.com\/web\/wp-json\/wp\/v2\/types\/post"}],"author":[{"embeddable":true,"href":"https:\/\/bisbalpenedes.com\/web\/wp-json\/wp\/v2\/users\/4"}],"replies":[{"embeddable":true,"href":"https:\/\/bisbalpenedes.com\/web\/wp-json\/wp\/v2\/comments?post=6140"}],"version-history":[{"count":2,"href":"https:\/\/bisbalpenedes.com\/web\/wp-json\/wp\/v2\/posts\/6140\/revisions"}],"predecessor-version":[{"id":6142,"href":"https:\/\/bisbalpenedes.com\/web\/wp-json\/wp\/v2\/posts\/6140\/revisions\/6142"}],"wp:featuredmedia":[{"embeddable":true,"href":"https:\/\/bisbalpenedes.com\/web\/wp-json\/wp\/v2\/media\/2315"}],"wp:attachment":[{"href":"https:\/\/bisbalpenedes.com\/web\/wp-json\/wp\/v2\/media?parent=6140"}],"wp:term":[{"taxonomy":"category","embeddable":true,"href":"https:\/\/bisbalpenedes.com\/web\/wp-json\/wp\/v2\/categories?post=6140"},{"taxonomy":"post_tag","embeddable":true,"href":"https:\/\/bisbalpenedes.com\/web\/wp-json\/wp\/v2\/tags?post=6140"}],"curies":[{"name":"wp","href":"https:\/\/api.w.org\/{rel}","templated":true}]}}