{"id":6130,"date":"2018-06-19T19:53:46","date_gmt":"2018-06-19T18:53:46","guid":{"rendered":"http:\/\/bisbalpenedes.com\/web\/?p=6130"},"modified":"2018-06-19T20:01:08","modified_gmt":"2018-06-19T19:01:08","slug":"el-diumenge-24-de-juny-a-les-19h-podreu-veure-una-mujer-fantastica-al-cmc-en-el-marc-del-cicle-gaudi","status":"publish","type":"post","link":"https:\/\/bisbalpenedes.com\/web\/2018\/06\/19\/el-diumenge-24-de-juny-a-les-19h-podreu-veure-una-mujer-fantastica-al-cmc-en-el-marc-del-cicle-gaudi\/","title":{"rendered":"El diumenge 24 de juny a les 19h podreu veure &#8216;Una mujer fant\u00e1stica&#8217; al CMC en el marc del Cicle Gaud\u00ed"},"content":{"rendered":"<p><a href=\"http:\/\/bisbalpenedes.com\/web\/wp-content\/uploads\/2018\/06\/A3_MUJER_FANTASTICA_LA_BISBAL_PENEDES-001-1.jpg\"><img loading=\"lazy\" class=\"aligncenter size-medium wp-image-6131\" src=\"http:\/\/bisbalpenedes.com\/web\/wp-content\/uploads\/2018\/06\/A3_MUJER_FANTASTICA_LA_BISBAL_PENEDES-001-1-212x300.jpg\" alt=\"A3_MUJER_FANTASTICA_LA_BISBAL_PENEDES-001 (1)\" width=\"212\" height=\"300\" srcset=\"https:\/\/bisbalpenedes.com\/web\/wp-content\/uploads\/2018\/06\/A3_MUJER_FANTASTICA_LA_BISBAL_PENEDES-001-1-212x300.jpg 212w, https:\/\/bisbalpenedes.com\/web\/wp-content\/uploads\/2018\/06\/A3_MUJER_FANTASTICA_LA_BISBAL_PENEDES-001-1-600x848.jpg 600w, https:\/\/bisbalpenedes.com\/web\/wp-content\/uploads\/2018\/06\/A3_MUJER_FANTASTICA_LA_BISBAL_PENEDES-001-1-768x1086.jpg 768w, https:\/\/bisbalpenedes.com\/web\/wp-content\/uploads\/2018\/06\/A3_MUJER_FANTASTICA_LA_BISBAL_PENEDES-001-1-724x1024.jpg 724w, https:\/\/bisbalpenedes.com\/web\/wp-content\/uploads\/2018\/06\/A3_MUJER_FANTASTICA_LA_BISBAL_PENEDES-001-1.jpg 1684w\" sizes=\"(max-width: 212px) 100vw, 212px\" \/><\/a><\/p>\n<p>El diumenge 24 de juny a les 19h podreu veure &#8216;Una mujer fant\u00e1stica&#8217; a l&#8217;Auditori Salb\u00e0 del CMC en el marc del Cicle Gaud\u00ed<\/p>\n<div class=\"wpb_text_column wpb_content_element \">\n<div class=\"wpb_wrapper\">\n<h4>FITXA\u00a0T\u00c8CNICA<\/h4>\n<\/div>\n<\/div>\n<div class=\"wpb_text_column wpb_content_element \">\n<div class=\"wpb_wrapper\">\n<p><i class=\"qode_icon_font_awesome fa fa-chevron-right qode_icon_element\"><\/i>\u00a0Direcci\u00f3:\u00a0<strong>Sebasti\u00e1n Lelio<\/strong><\/p>\n<p><i class=\"qode_icon_font_awesome fa fa-chevron-right qode_icon_element\"><\/i>\u00a0Gui\u00f3:\u00a0<strong>Sebasti\u00e1n Lelio, Gonzalo Maza<\/strong><\/p>\n<p><i class=\"qode_icon_font_awesome fa fa-chevron-right qode_icon_element\"><\/i>\u00a0M\u00fasica:\u00a0<strong>Mathew Herbert<\/strong><\/p>\n<p><i class=\"qode_icon_font_awesome fa fa-chevron-right qode_icon_element\"><\/i>\u00a0Estrena:\u00a0<strong>Setembre de 2017<\/strong><\/p>\n<p><i class=\"qode_icon_font_awesome fa fa-chevron-right qode_icon_element\"><\/i>\u00a0Durada:\u00a0<strong>104\u00a0min.<\/strong><\/p>\n<p><i class=\"qode_icon_font_awesome fa fa-chevron-right qode_icon_element\"><\/i>\u00a0G\u00e8nere:\u00a0<strong>Drama<\/strong><\/p>\n<p><i class=\"qode_icon_font_awesome fa fa-chevron-right qode_icon_element\"><\/i>\u00a0Versi\u00f3:\u00a0<strong>Original en castell\u00e0<\/strong><\/p>\n<p><i class=\"qode_icon_font_awesome fa fa-chevron-right qode_icon_element\"><\/i>\u00a0Int\u00e8rprets:<\/p>\n<p><strong>Daniela Vega, Francisco Reyes, Luis Gnecco, Aline K\u00fcppenheim, Amparo Noguera, Alejandro Goic, Antonia Zegers<\/strong><\/p>\n<p>&nbsp;<\/p>\n<\/div>\n<\/div>\n<p><strong>SINOPSI:<\/strong><\/p>\n<p>Marina, una jove cambrera aspirant a cantant i Orlando, vint anys m\u00e9s gran, planegen un futur junts.<\/p>\n<p>Despr\u00e9s de la sobtada mort d\u2019ell, ella haur\u00e0 d\u2019enfrontar-se a les sospites, prejudicis i viol\u00e8ncia de la seva fam\u00edlia, que la considera una aberraci\u00f3 per ser una dona transg\u00e8nere. Marina haur\u00e0 de lluitar i resistir per arribar a ser una dona fant\u00e0stica.<\/p>\n<p><strong>TR\u00c0ILER:<br \/>\n<\/strong><br \/>\n<iframe loading=\"lazy\" src=\"https:\/\/www.youtube.com\/embed\/2ofc5QcYxpk\" width=\"560\" height=\"315\" frameborder=\"0\" allowfullscreen=\"allowfullscreen\"><\/iframe><\/p>\n<p>&nbsp;<\/p>\n<div class=\"wpb_text_column wpb_content_element \">\n<p>El preu general de l\u2019entrada \u00e9s de 4,5\u20ac i s&#8217;ofereix un preu redu\u00eft de 3\u20ac presentant el carnet de la Biblioteca Municipal de La Bisbal.<\/p>\n<p>Quant a la recaptaci\u00f3, aquesta es destinar\u00e0 a l\u2019entitat del poble que s\u2019encarregui de gestionar la taquilla en cadascuna de les projeccions, en aquest cas l&#8217;Associaci\u00f3 de Dones La Roca Foradada<\/p>\n<p>Per a m\u00e9s informaci\u00f3 podeu anar a l\u2019enlla\u00e7:\u00a0<a href=\"http:\/\/www.ciclegaudi.cat\/cartellera\/una-mujer-fantastica\/\" target=\"_blank\">http:\/\/www.ciclegaudi.cat\/cartellera\/una-mujer-fantastica\/<\/a><\/p>\n<hr \/>\n<\/div>\n<p>CASTELLANO | Este domingo 24 de junio a las 19h podr\u00e9is ver la pel\u00edcula &#8216;Una mujer fant\u00e1stica&#8217; en el Auditorio Salb\u00e0 del CMC en el marco del Cicle Gaud\u00ed<\/p>\n<div class=\"wpb_text_column wpb_content_element \">\n<div class=\"wpb_wrapper\">\n<h4>FICHA T\u00c9CNICA<\/h4>\n<\/div>\n<\/div>\n<div class=\"wpb_text_column wpb_content_element \">\n<div class=\"wpb_wrapper\">\n<p><i class=\"qode_icon_font_awesome fa fa-chevron-right qode_icon_element\"><\/i>\u00a0Direcci\u00f3n:\u00a0<strong>Sebasti\u00e1n Lelio<\/strong><\/p>\n<p><i class=\"qode_icon_font_awesome fa fa-chevron-right qode_icon_element\"><\/i>\u00a0Gui\u00f3n:\u00a0<strong>Sebasti\u00e1n Lelio, Gonzalo Maza<\/strong><\/p>\n<p><i class=\"qode_icon_font_awesome fa fa-chevron-right qode_icon_element\"><\/i>\u00a0M\u00fasica:\u00a0<strong>Mathew Herbert<\/strong><\/p>\n<p><i class=\"qode_icon_font_awesome fa fa-chevron-right qode_icon_element\"><\/i>\u00a0Estreno:\u00a0<strong>Septiembre de 2017<\/strong><\/p>\n<p><i class=\"qode_icon_font_awesome fa fa-chevron-right qode_icon_element\"><\/i>\u00a0Duraci\u00f3n:\u00a0<strong>104\u00a0min.<\/strong><\/p>\n<p><i class=\"qode_icon_font_awesome fa fa-chevron-right qode_icon_element\"><\/i>\u00a0G\u00e9nero:\u00a0<strong>Drama<\/strong><\/p>\n<p><i class=\"qode_icon_font_awesome fa fa-chevron-right qode_icon_element\"><\/i>\u00a0Versi\u00f3n:\u00a0<strong>Original en castellano<\/strong><\/p>\n<p><i class=\"qode_icon_font_awesome fa fa-chevron-right qode_icon_element\"><\/i>\u00a0Int\u00e9rpretes:<\/p>\n<p><strong>Daniela Vega, Francisco Reyes, Luis Gnecco, Aline K\u00fcppenheim, Amparo Noguera, Alejandro Goic, Antonia Zegers<\/strong><\/p>\n<\/div>\n<\/div>\n<p><strong>SINOPSIS:<\/strong><\/p>\n<p>Marina, una joven camarera aspirante a cantante y Orlando, veinte a\u00f1os mayor, planean un futuro juntos.<\/p>\n<p>Despu\u00e9s de la muerte inesperada de \u00e9l, ella deber\u00e1 enfrentarse a las sospechas, prejuicios y violencia de su familia, que la considera una aberraci\u00f3n por ser una mujer transg\u00e9nero. Marina deber\u00e1 luchar y resistir para llegar a ser una mujer fant\u00e1stica.<\/p>\n<p>&nbsp;<\/p>\n<p><strong>TRAILER:<br \/>\n<\/strong><br \/>\n<iframe loading=\"lazy\" src=\"https:\/\/www.youtube.com\/embed\/2ofc5QcYxpk\" width=\"560\" height=\"315\" frameborder=\"0\" allowfullscreen=\"allowfullscreen\"><\/iframe><\/p>\n<div class=\"wpb_text_column wpb_content_element \">\n<p>El precio general de la entrada es de 4,5\u20ac y se ofrece un precio reducido de 3\u20ac presentando el carn\u00e9 de la Biblioteca Municipal de la Bisbal.<\/p>\n<p>En cuanto a la recaudaci\u00f3n, esta se destinar\u00e1 a la entidad del municipio que se encargue de gestionar la taquilla en cada una de las proyecciones, en este caso la Associaci\u00f3 de Dones la Roca Foradada.<\/p>\n<p>Para m\u00e1s informaci\u00f3n pod\u00e9is ir al enlace:\u00a0<a href=\"http:\/\/www.ciclegaudi.cat\/cartellera\/una-mujer-fantastica\/\" target=\"_blank\">http:\/\/www.ciclegaudi.cat\/cartellera\/una-mujer-fantastica\/<\/a><\/p>\n<p>&nbsp;<\/p>\n<\/div>\n<p>&nbsp;<\/p>\n","protected":false},"excerpt":{"rendered":"<p>El diumenge 24 de juny a les 19h podreu veure &#8216;Una mujer fant\u00e1stica&#8217; a l&#8217;Auditori Salb\u00e0 del CMC en el marc del Cicle Gaud\u00ed FITXA\u00a0T\u00c8CNICA \u00a0Direcci\u00f3:\u00a0Sebasti\u00e1n Lelio \u00a0Gui\u00f3:\u00a0Sebasti\u00e1n Lelio, Gonzalo &hellip; <a href=\"https:\/\/bisbalpenedes.com\/web\/2018\/06\/19\/el-diumenge-24-de-juny-a-les-19h-podreu-veure-una-mujer-fantastica-al-cmc-en-el-marc-del-cicle-gaudi\/\" class=\"more-link\">Read More<\/a><\/p>\n","protected":false},"author":4,"featured_media":6131,"comment_status":"closed","ping_status":"closed","sticky":false,"template":"","format":"standard","meta":[],"categories":[13],"tags":[308,1990,1988,1989,1991,1627],"_links":{"self":[{"href":"https:\/\/bisbalpenedes.com\/web\/wp-json\/wp\/v2\/posts\/6130"}],"collection":[{"href":"https:\/\/bisbalpenedes.com\/web\/wp-json\/wp\/v2\/posts"}],"about":[{"href":"https:\/\/bisbalpenedes.com\/web\/wp-json\/wp\/v2\/types\/post"}],"author":[{"embeddable":true,"href":"https:\/\/bisbalpenedes.com\/web\/wp-json\/wp\/v2\/users\/4"}],"replies":[{"embeddable":true,"href":"https:\/\/bisbalpenedes.com\/web\/wp-json\/wp\/v2\/comments?post=6130"}],"version-history":[{"count":3,"href":"https:\/\/bisbalpenedes.com\/web\/wp-json\/wp\/v2\/posts\/6130\/revisions"}],"predecessor-version":[{"id":6134,"href":"https:\/\/bisbalpenedes.com\/web\/wp-json\/wp\/v2\/posts\/6130\/revisions\/6134"}],"wp:featuredmedia":[{"embeddable":true,"href":"https:\/\/bisbalpenedes.com\/web\/wp-json\/wp\/v2\/media\/6131"}],"wp:attachment":[{"href":"https:\/\/bisbalpenedes.com\/web\/wp-json\/wp\/v2\/media?parent=6130"}],"wp:term":[{"taxonomy":"category","embeddable":true,"href":"https:\/\/bisbalpenedes.com\/web\/wp-json\/wp\/v2\/categories?post=6130"},{"taxonomy":"post_tag","embeddable":true,"href":"https:\/\/bisbalpenedes.com\/web\/wp-json\/wp\/v2\/tags?post=6130"}],"curies":[{"name":"wp","href":"https:\/\/api.w.org\/{rel}","templated":true}]}}