{"id":6125,"date":"2018-06-19T19:21:50","date_gmt":"2018-06-19T18:21:50","guid":{"rendered":"http:\/\/bisbalpenedes.com\/web\/?p=6125"},"modified":"2018-06-28T13:45:18","modified_gmt":"2018-06-28T12:45:18","slug":"resum-dels-plens-tractats-al-ple-ordinari-de-18-de-juny-de-2018","status":"publish","type":"post","link":"https:\/\/bisbalpenedes.com\/web\/2018\/06\/19\/resum-dels-plens-tractats-al-ple-ordinari-de-18-de-juny-de-2018\/","title":{"rendered":"Resum dels punts tractats al Ple Ordinari de 18 de juny de 2018"},"content":{"rendered":"<p style=\"text-align: justify;\"><a href=\"http:\/\/bisbalpenedes.com\/web\/wp-content\/uploads\/2018\/06\/PLE-ORDINARI-18-06-18.jpg\"><img loading=\"lazy\" class=\"aligncenter size-large wp-image-6126\" src=\"http:\/\/bisbalpenedes.com\/web\/wp-content\/uploads\/2018\/06\/PLE-ORDINARI-18-06-18-1024x683.jpg\" alt=\"PLE ORDINARI 18-06-18\" width=\"630\" height=\"420\" srcset=\"https:\/\/bisbalpenedes.com\/web\/wp-content\/uploads\/2018\/06\/PLE-ORDINARI-18-06-18-1024x683.jpg 1024w, https:\/\/bisbalpenedes.com\/web\/wp-content\/uploads\/2018\/06\/PLE-ORDINARI-18-06-18-600x400.jpg 600w, https:\/\/bisbalpenedes.com\/web\/wp-content\/uploads\/2018\/06\/PLE-ORDINARI-18-06-18-300x200.jpg 300w, https:\/\/bisbalpenedes.com\/web\/wp-content\/uploads\/2018\/06\/PLE-ORDINARI-18-06-18-768x512.jpg 768w\" sizes=\"(max-width: 630px) 100vw, 630px\" \/><\/a><\/p>\n<p style=\"text-align: justify;\"><span style=\"color: #000000;\">Aquest dilluns 18 de juny ha tingut lloc el Ple Ordinari de l\u2019Ajuntament de la Bisbal del Pened\u00e8s. Els punts tractats han estat els seg\u00fcents:<\/span><\/p>\n<p style=\"text-align: justify;\"><span style=\"color: #000000;\"><strong>1, 2 i 3. Aprovaci\u00f3 de les actes del Ple de les sessions ordin\u00e0ria del 19\/03\/18, extraordin\u00e0ria del 10\/05\/18 i extraordin\u00e0ria del 04\/06\/18.<\/strong><\/span><\/p>\n<p style=\"text-align: justify;\"><span style=\"color: #000000;\"><strong>S\u2019aproven per unanimitat.<\/strong><\/span><\/p>\n<p style=\"text-align: justify;\"><span style=\"color: #000000;\"><strong>4. Aprovaci\u00f3 de l\u2019ordenan\u00e7a reguladora de les bases generals per a l\u2019atorgament d\u2019ajuts individualitzats a fam\u00edlies socioecon\u00f2micament desafavorides, usu\u00e0ries de la llar d\u2019infants l\u2019Oreneta per al curs escolar 2018\/2019<\/strong><\/span><\/p>\n<p style=\"text-align: justify;\"><span style=\"color: #000000;\"><strong>S\u2019aprova per unanimitat.<\/strong><\/span><\/p>\n<p style=\"text-align: justify;\"><span style=\"color: #000000;\">Es tracta de les bases per aprovar la convocat\u00f2ria de subvenci\u00f3 del 50% de les quotes mensuals de la llar d\u2019infants per al curs 2018\/2019, per a les fam\u00edlies en situacions socioecon\u00f2miques desfavorides. La Regidoria de Serveis Socials ajudar\u00e0 a pagar quota de la Llar d\u2019Infants a les fam\u00edlies m\u00e9s vulnerables amb la finalitat de garantir el dret a la igualtat d\u2019oportunitats des de la infantesa. Les pol\u00edtiques socials de la Regidoria de Serveis Socials es fonamenten en garantir la igualtat d\u2019oportunitats a totes les fam\u00edlies i, sobretot, als infants.<\/span><\/p>\n<p style=\"text-align: justify;\"><span style=\"color: #000000;\"><strong>5. Aprovaci\u00f3 inicial del reglament de funcionament de la Biblioteca P\u00fablica.<\/strong><\/span><\/p>\n<p style=\"text-align: justify;\"><span style=\"color: #000000;\"><strong>S\u2019aprova per unanimitat.<\/strong><\/span><\/p>\n<p style=\"text-align: justify;\"><span style=\"color: #000000;\">Es tracta d\u2019una actuaci\u00f3 necess\u00e0ria fruit de la inclusi\u00f3 de la Biblioteca P\u00fablica al Sistema de Lectura P\u00fablica de la Generalitat de Catalunya, at\u00e8s que el gruix del reglament, a excepci\u00f3 d\u2019un petit afegit posterior, era de fa 13 anys.<\/span><\/p>\n<p style=\"text-align: justify;\"><span style=\"color: #000000;\">S\u2019han modificat i actualitzat tots els cap\u00edtols i articles, seguint les directrius marcades pel Sistema de Lectura P\u00fablica, imprescindible perqu\u00e8 regula tots els \u00e0mbits d\u2019actuaci\u00f3 de la Biblioteca. S\u2019amplien els drets, serveis i deures (hi ha novetats com el pr\u00e9stec a entitats), aix\u00ed com es regulen una s\u00e8rie de circumst\u00e0ncies que, fins ara no estaven prou detallades en el reglament, com ara el r\u00e8gim de sancions. Tamb\u00e9 s\u2019han ampliat altres apartats per evitar arbitrarietats o buits legals i amb la finalitat de protegir el servei, els treballadors i els usuaris, amb unes regles clares per a tothom.<\/span><\/p>\n<p style=\"text-align: justify;\"><span style=\"color: #000000;\"><strong>6. Modificaci\u00f3 de l\u2019ordenan\u00e7a fiscal de la taxa per prestaci\u00f3 de serveis culturals.<\/strong><\/span><\/p>\n<p style=\"text-align: justify;\"><span style=\"color: #000000;\"><strong>S\u2019aprova per unanimitat.<\/strong><\/span><\/p>\n<p style=\"text-align: justify;\"><span style=\"color: #000000;\">S\u2019actualitza l\u2019ordenan\u00e7a de fa 12 anys. S\u2019hi afegeixen serveis que, fins ara, no es preveien i, per tant, no estava regulat el seu \u00fas (com ara les impressions en A3 o les compensacions en cas de p\u00e8rdua de documents) i tamb\u00e9 contemplen l\u2019ampliaci\u00f3 dels serveis que es presten (com ara la venda de documents usats o l\u2019escanejat de documents). Els preus continuen sent econ\u00f2mics (l\u2019augment \u00e9s m\u00ednim), per sota dels preus de mercat i de la mitja de les altres biblioteques de la comarca, per evitar perjudicar els usuaris bisbalencs.<\/span><\/p>\n<p style=\"text-align: justify;\"><span style=\"color: #000000;\">L\u2019Ajuntament t\u00e9 un preu \u00fanic aprovat per llibres editats per l\u2019Ajuntament. Aquest \u00e9s de 5 euros i es va aprovar fa m\u00e9s de 10 anys. Ara s\u2019actualitza aquest preu, que segueix sent un preu popular i inferior al cost, aprovant un preu del 50% del seu cost.<\/span><\/p>\n<p style=\"text-align: justify;\"><span style=\"color: #000000;\"><strong>7. Modificaci\u00f3 de l\u2019ordenan\u00e7a fiscal de la taxa de la quota de servei de l\u2019Escola Bressol.<\/strong><\/span><\/p>\n<p style=\"text-align: justify;\"><span style=\"color: #000000;\"><strong>S\u2019aprova per unanimitat.<\/strong><\/span><\/p>\n<p style=\"text-align: justify;\"><span style=\"color: #000000;\">Adaptem el preu igualant els preus dels no empadronats als d\u2019empadronats, complint aix\u00ed la legalitat vigent. Per al curs 2018\/2019 els preus de la Llar d\u2019Infants seran:<\/span><\/p>\n<p style=\"padding-left: 30px; text-align: justify;\"><span style=\"color: #000000;\">Drets d\u2019inscripci\u00f3: 40 \u20ac<\/span><\/p>\n<p style=\"padding-left: 30px; text-align: justify;\"><span style=\"color: #000000;\">Quota mensual: 135 \u20ac i 110\u20ac a partir del segon germ\u00e0.<\/span><\/p>\n<p style=\"text-align: justify;\"><span style=\"color: #000000;\"><strong>8. Aprovaci\u00f3 inicial de la modificaci\u00f3 de cr\u00e8dit.<\/strong><\/span><\/p>\n<p style=\"text-align: justify;\"><span style=\"color: #000000;\"><strong>S\u2019aprova per unanimitat.<\/strong><\/span><\/p>\n<p style=\"text-align: justify;\"><span style=\"color: #000000;\">L\u2019Ajuntament t\u00e9 un super\u00e0vit lliure del 2017 de 645.408,24\u20ac que pot destinar\u00a0 nom\u00e9s a reduir deute i a tot all\u00f2 que marca el Reial Decret Llei 1\/2018, de 23 de mar\u00e7.<\/span><\/p>\n<p style=\"text-align: justify;\"><span style=\"color: #000000;\">En el Ple extraordinari del 4 de juny de 2018 es va aprovar destinar part del super\u00e0vit a inversions incloses en els programes del Reial Decret:<\/span><\/p>\n<p style=\"padding-left: 30px; text-align: justify;\"><span style=\"color: #000000;\">-161-Abastecimiento domiciliario de agua potable<\/span><\/p>\n<p style=\"padding-left: 30px; text-align: justify;\"><span style=\"color: #000000;\">-342-Instalaciones deportivas<\/span><\/p>\n<p style=\"padding-left: 30px; text-align: justify;\"><span style=\"color: #000000;\">-136-Servicio de prevenci\u00f3n y extinci\u00f3n de incendios<\/span><\/p>\n<p style=\"padding-left: 30px; text-align: justify;\"><span style=\"color: #000000;\">-153-V\u00edas p\u00fablicas<\/span><\/p>\n<p style=\"text-align: justify;\"><span style=\"color: #000000;\">Ara s\u2019ha portat al Ple la proposta de distribuir els 183.109\u201974\u20ac restants del super\u00e0vit a:<\/span><\/p>\n<p style=\"padding-left: 30px; text-align: justify;\"><span style=\"color: #000000;\">-Addenda pla parcial Les Planes per a l\u2019increment de pot\u00e8ncia el\u00e8ctrica al pol\u00edgon (la darrera addenda del conveni, la que no paguen els propietaris). S\u00f3n 64.793\u201984\u20ac al programa 425 Energia del Reial Decret.<\/span><\/p>\n<p style=\"padding-left: 30px; text-align: justify;\"><span style=\"color: #000000;\">-Adequaci\u00f3 de l\u2019aparcament de la piscina i les escales d\u2019acc\u00e9s a la carretera. S\u2019inclou al programa 342 Instal\u00b7lacions Esportives i l\u2019import \u00e9s de 63.336\u201918\u20ac.<\/span><\/p>\n<p style=\"text-align: justify;\"><span style=\"color: #000000;\">-Inversions en enllumenat p\u00fablic. S\u2019inclouen al programa del pressupost 163 Enllumenat P\u00fablic del Reial Decret. S\u2019hi destinen 54.979\u201972\u20ac i es faran inversions al municipi en l\u2019enllumenat p\u00fablic per seguir-lo adaptant a la normativa vigent.<\/span><\/p>\n<p style=\"text-align: justify;\"><span style=\"color: #000000;\"><strong>9. Aprovaci\u00f3 de la instrucci\u00f3 de la fiscalitzaci\u00f3 limitada pr\u00e8via de la despesa subjecta a la funci\u00f3 interventora.<\/strong><\/span><\/p>\n<p style=\"text-align: justify;\"><span style=\"color: #000000;\"><strong>S\u2019aprova per unanimitat.<\/strong><\/span><\/p>\n<p style=\"text-align: justify;\"><span style=\"color: #000000;\">El Ministeri d\u2019Hisenda ha aprovat el Reglament que regula el r\u00e8gim jur\u00eddic del control intern dels Ajuntaments, que entra en vigor el dia 1 de juliol de 2018. Aquest reglament regula les comprovacions dels expedients en el compliment de determinats requisits.<\/span><\/p>\n<p style=\"text-align: justify;\"><span style=\"color: #000000;\"><strong>10. Aprovaci\u00f3 de la rectificaci\u00f3 d\u2019un error material en l\u2019aprovaci\u00f3 inicial de la modificaci\u00f3 de cr\u00e8dit del finan\u00e7ament en inversions financerament sostenibles aprovada en el Ple Extraordinari del 4 de juny de 2018.<\/strong><\/span><\/p>\n<p style=\"text-align: justify;\"><span style=\"color: #000000;\"><strong>S\u2019aprova amb els vots a favor del PDeCAT (5), en contra d\u2019ERC (4) i l\u2019abstenci\u00f3 del PSC (1).<\/strong><\/span><\/p>\n<p style=\"text-align: justify;\"><span style=\"color: #000000;\">Es proposa corregir l\u2019error tipogr\u00e0fic en un n\u00famero, sense modificar-ne el contingut ni cap partida. Es canvia el programa 163 que consta al Ple de 4 de juny, per 153, que \u00e9s el correcte. El concepte i l\u2019import s\u00f3n els mateixos.<\/span><\/p>\n<p style=\"text-align: justify;\"><span style=\"color: #000000;\"><strong>11. Es d\u00f3na compte dels Decrets d\u2019Alcaldia signats des de l\u2019\u00faltim Ple Ordinari, que va ser al mes de mar\u00e7.<\/strong><\/span><\/p>\n<p style=\"text-align: justify;\"><span style=\"color: #000000;\"><strong>12. Torn de Precs i Preguntes.<\/strong><\/span><\/p>\n<p style=\"text-align: justify;\"><span style=\"color: #000000;\"><strong>\u00a0<\/strong><\/span><\/p>\n<p style=\"text-align: center;\"><iframe loading=\"lazy\" src=\"https:\/\/www.youtube.com\/embed\/BmxOXIvo0gQ\" width=\"560\" height=\"315\" frameborder=\"0\" allowfullscreen=\"allowfullscreen\"><\/iframe><\/p>\n<hr \/>\n<p style=\"text-align: justify;\"><span style=\"color: #000000;\"><strong>CASTELLANO<\/strong> | Este lunes 18 de junio ha tenido lugar el Pleno Ordinario del Ayuntamiento de la Bisbal del Pened\u00e8s. Los puntos tratados han sido los siguientes:<\/span><\/p>\n<p style=\"text-align: justify;\"><span style=\"color: #000000;\"><strong>1, 2 i 3. Aprobaci\u00f3n de las actas del Pleno de las sesiones ordinaria del 19\/03\/18, extraordinaria del 10\/05\/18 y extraordinaria del 04\/06\/18. <\/strong><\/span><\/p>\n<p style=\"text-align: justify;\"><span style=\"color: #000000;\"><strong>Se aprueban por unanimidad.<\/strong><\/span><\/p>\n<p style=\"text-align: justify;\"><span style=\"color: #000000;\"><strong>4. Aprobaci\u00f3n de la ordenanza reguladora de las bases generales para el otorgamiento de ayudas individualizadas a familias socioecon\u00f3micamente desfavorecidas, usuarias de la Llar d\u2019Infants l\u2019Oreneta para el curso escolar 2018\/2019. <\/strong><\/span><\/p>\n<p style=\"text-align: justify;\"><span style=\"color: #000000;\"><strong>Se aprueba por unanimidad.<\/strong><\/span><\/p>\n<p style=\"text-align: justify;\"><span style=\"color: #000000;\">Se trata de las bases para aprobar la convocatoria de subvenci\u00f3n del 50% de las cuotas mensuales de la Llar d\u2019Infants para el curso 2018\/2019, para las familias en situaciones socioecon\u00f3micas desfavorecidas. La Regidoria de Servicios Sociales ayudar\u00e1 a pagar la cuota de la Llar d\u2019Infants a las familias m\u00e1s vulnerables con la finalidad de garantizar el derecho a la igualdad de oportunidades desde la infancia. Las pol\u00edticas sociales de la Regidoria de Serveis Socials se fundamentan en garantizar la igualdad de oportunidades de todas las familias y, sobretodo, de los ni\u00f1os.<\/span><\/p>\n<p style=\"text-align: justify;\"><span style=\"color: #000000;\"><strong>5. Aprobaci\u00f3n inicial del reglamento de funcionamiento de la Biblioteca P\u00fablica. <\/strong><\/span><\/p>\n<p style=\"text-align: justify;\"><span style=\"color: #000000;\"><strong>Se aprueba por unanimidad.<\/strong><\/span><\/p>\n<p style=\"text-align: justify;\"><span style=\"color: #000000;\">Se trata de una actuaci\u00f3n necesaria fruto de la inclusi\u00f3n de la Biblioteca P\u00fablica en el Sistema de Lectura P\u00fablica de la Generalitat de Catalunya, ya que gran parte del reglamento, a excepci\u00f3n de un peque\u00f1o a\u00f1adido posterior, era de hace 13 a\u00f1os.<\/span><\/p>\n<p style=\"text-align: justify;\"><span style=\"color: #000000;\">Se han modificado y actualizado todos los cap\u00edtulos y art\u00edculos, siguiendo las directrices marcadas por el Sistema de Lectura P\u00fablica, imprescindible porqu\u00e9 regula todos los \u00e1mbitos de actuaci\u00f3n de la Biblioteca. Se ampl\u00edan los derechos, servicios y deberes (hay novedades como el pr\u00e9stamo a entidades), as\u00ed como se regulan una serie de circunstancias que, hasta ahora no estaban suficientemente detalladas en el reglamento, como por ejemplo el r\u00e9gimen de sanciones. Tambi\u00e9n se han ampliado otros apartados para evitar arbitrariedades o vac\u00edos legales y con la finalidad de proteger el servicio, los trabajadores y los usuarios, con unas reglas claras para todos.<\/span><\/p>\n<p style=\"text-align: justify;\"><span style=\"color: #000000;\"><strong>6. Modificaci\u00f3n de la ordenanza fiscal de la tasa por prestaci\u00f3n de servicios culturales. <\/strong><\/span><\/p>\n<p style=\"text-align: justify;\"><span style=\"color: #000000;\"><strong>Se aprueba por unanimidad.<\/strong><\/span><\/p>\n<p style=\"text-align: justify;\"><span style=\"color: #000000;\">Se actualiza la ordenanza de hace 12 a\u00f1os. Se a\u00f1aden servicios que, hasta ahora, no se preve\u00edan y, por lo tanto, no estaba regulado su uso (como por ejemplo las impresiones en A3 o las compensaciones en el caso de p\u00e9rdida de documentos) y tambi\u00e9n contemplan la ampliaci\u00f3n de los servicios que se prestan (como por ejemplo la venta de documentos usados o el escaneado de documentos). Los precios contin\u00faan siendo econ\u00f3micos (el aumento es m\u00ednimo), por debajo de los precios de mercado y la media de las otras bibliotecas de la comarca, para evitar perjudicar a los usuarios bisbalencs.<\/span><\/p>\n<p style=\"text-align: justify;\"><span style=\"color: #000000;\">El Ayuntamiento tiene un precio \u00fanico aprobado para libros editados por el Ayuntamiento. Este es de 5 euros y se aprob\u00f3 hace m\u00e1s de 10 a\u00f1os. Ahora se actualiza este precio, que sigue siendo un precio popular e inferior al coste, aprobando un precio del 50% de su coste.<\/span><\/p>\n<p style=\"text-align: justify;\"><span style=\"color: #000000;\"><strong>7. Modificaci\u00f3n de la ordenanza fiscal de la tasa de la cuota de servicio de la Escola Bressol.<\/strong><\/span><\/p>\n<p style=\"text-align: justify;\"><span style=\"color: #000000;\"><strong>Se aprueba por unanimidad.<\/strong><\/span><\/p>\n<p style=\"text-align: justify;\"><span style=\"color: #000000;\">Adaptamos el precio igualando los precios de los no empadronados a los empadronados, cumpliendo as\u00ed con la legalidad vigente y garantizando la igualdad de oportunidades de todas las familias.<\/span><\/p>\n<p style=\"text-align: justify;\"><span style=\"color: #000000;\">Para el curso 2018\/2019 los precios de la Llar d\u2019Infants ser\u00e1n:<\/span><\/p>\n<p style=\"padding-left: 30px; text-align: justify;\"><span style=\"color: #000000;\">Derechos de inscripci\u00f3n: 40\u20ac<\/span><\/p>\n<p style=\"padding-left: 30px; text-align: justify;\"><span style=\"color: #000000;\">Cuota mensual: 135\u20ac y 110\u20ac a partir del segundo hermano<\/span><\/p>\n<p style=\"text-align: justify;\"><span style=\"color: #000000;\"><strong>8. Aprobaci\u00f3n inicial de la modificaci\u00f3n de cr\u00e9dito.<\/strong><\/span><\/p>\n<p style=\"text-align: justify;\"><span style=\"color: #000000;\"><strong>Se aprueba por unanimidad.<\/strong><\/span><\/p>\n<p style=\"text-align: justify;\"><span style=\"color: #000000;\">El Ayuntamiento tiene un super\u00e1vit libre del 2017 de 645.408\u201924\u20ac que puede destinarse solamente a reducir deuda y a todo aquello que marca el Real Decreto Ley 1\/2018, de 23 de marzo.<\/span><\/p>\n<p style=\"text-align: justify;\"><span style=\"color: #000000;\">En el Pleno Extraordinario del 4 de junio del 2018 se aprob\u00f3 destinar parte del super\u00e1vit a inversiones incluidas en los programas del Real Decreto:<\/span><\/p>\n<p style=\"padding-left: 30px; text-align: justify;\"><span style=\"color: #000000;\">-161-Abastecimiento domiciliario de agua potable.<\/span><\/p>\n<p style=\"padding-left: 30px; text-align: justify;\"><span style=\"color: #000000;\">-342-Instalaciones deportivas<\/span><\/p>\n<p style=\"padding-left: 30px; text-align: justify;\"><span style=\"color: #000000;\">-136-Servicio de prevenci\u00f3n y extinci\u00f3n de incendios<\/span><\/p>\n<p style=\"padding-left: 30px; text-align: justify;\"><span style=\"color: #000000;\">-153-V\u00edas p\u00fablicas<\/span><\/p>\n<p style=\"text-align: justify;\"><span style=\"color: #000000;\">Ahora se ha llevado a Pleno la propuesta de distribuir los 183.109\u201974\u20ac restantes del super\u00e1vit a:<\/span><\/p>\n<p style=\"padding-left: 30px; text-align: justify;\"><span style=\"color: #000000;\">-Adenda del plan parcial Les Planes para el incremento de la potencia el\u00e9ctrica en el pol\u00edgono (la \u00faltima adenda del convenio, la que no pagan los propietarios). Son 64.793\u201984\u20ac del programa \u201c425 Energ\u00eda\u201d del Real Decreto.<\/span><\/p>\n<p style=\"padding-left: 30px; text-align: justify;\"><span style=\"color: #000000;\">-Adecuaci\u00f3n del aparcamiento de la piscina y de las escaleras de acceso a la carretera. Se incluye en el programa \u201c342 Instalaciones Deportivas\u201d y el importe es de 63.336\u201918\u20ac.<\/span><\/p>\n<p style=\"padding-left: 30px; text-align: justify;\"><span style=\"color: #000000;\">-Inversiones en el alumbrado p\u00fablico. Se incluyen en el programa del presupuesto \u201c163 Alumbrado P\u00fablico\u201d del Real Decreto. Se destinar\u00e1n 54.979\u201972\u20ac y se har\u00e1n inversiones de alumbrado p\u00fablico en el municipio para seguirlo adaptando a la normativa vigente.<\/span><\/p>\n<p style=\"text-align: justify;\"><span style=\"color: #000000;\"><strong>9. Aprobaci\u00f3n de la instrucci\u00f3n de la fiscalizaci\u00f3n limitada previa al gasto sujeta a la funci\u00f3n interventora.<\/strong><\/span><\/p>\n<p style=\"text-align: justify;\"><span style=\"color: #000000;\"><strong>Se aprueba por unanimidad.<\/strong><\/span><\/p>\n<p style=\"text-align: justify;\"><span style=\"color: #000000;\">El Ministerio de Hacienda ha aprobado el Reglamento que regula el r\u00e9gimen jur\u00eddico del control interno de los Ayuntamientos, que entra en vigor el d\u00eda 1 de julio del 2018. Este reglamento regula las comprobaciones de los expedientes en el cumplimiento de determinados requisitos.<\/span><\/p>\n<p style=\"text-align: justify;\"><span style=\"color: #000000;\"><strong>10. Aprobaci\u00f3n de la rectificaci\u00f3n de un error material en la aprobaci\u00f3n inicial de la modificaci\u00f3n de cr\u00e9dito del financiamiento en inversiones financieramente sostenibles aprobada en el Pleno Extraordinario del 4 de junio del 2018. <\/strong><\/span><\/p>\n<p style=\"text-align: justify;\"><span style=\"color: #000000;\"><strong>Se aprueba con los votos a favor del PDeCAT (5), en contra de ERC (4) y la abstenci\u00f3n del PSC (1).<\/strong><\/span><\/p>\n<p style=\"text-align: justify;\"><span style=\"color: #000000;\">Se propone corregir el error tipogr\u00e1fico en un n\u00famero, sin modificar el contenido ni ninguna partida. Se cambia el programa 163 que consta en el Pleno del 4 de junio, por 153, que es lo correcto. El concepto y el importe son los mismos.<\/span><\/p>\n<p style=\"text-align: justify;\"><span style=\"color: #000000;\"><strong>11. Se da cuenta de los Decretos de Alcald\u00eda firmados desde el \u00faltimo Pleno Ordinario, que fue el del mes de marzo.<\/strong><\/span><\/p>\n<p style=\"text-align: justify;\"><span style=\"color: #000000;\"><strong>12. Turno de ruegos y preguntas.<\/strong><\/span><\/p>\n<p>&nbsp;<\/p>\n","protected":false},"excerpt":{"rendered":"<p>Aquest dilluns 18 de juny ha tingut lloc el Ple Ordinari de l\u2019Ajuntament de la Bisbal del Pened\u00e8s. Els punts tractats han estat els seg\u00fcents: 1, 2 i 3. Aprovaci\u00f3 &hellip; <a href=\"https:\/\/bisbalpenedes.com\/web\/2018\/06\/19\/resum-dels-plens-tractats-al-ple-ordinari-de-18-de-juny-de-2018\/\" class=\"more-link\">Read More<\/a><\/p>\n","protected":false},"author":4,"featured_media":6126,"comment_status":"closed","ping_status":"closed","sticky":false,"template":"","format":"standard","meta":[],"categories":[4],"tags":[259,180,1987,1986,1899,1090,272,1897,249,1985],"_links":{"self":[{"href":"https:\/\/bisbalpenedes.com\/web\/wp-json\/wp\/v2\/posts\/6125"}],"collection":[{"href":"https:\/\/bisbalpenedes.com\/web\/wp-json\/wp\/v2\/posts"}],"about":[{"href":"https:\/\/bisbalpenedes.com\/web\/wp-json\/wp\/v2\/types\/post"}],"author":[{"embeddable":true,"href":"https:\/\/bisbalpenedes.com\/web\/wp-json\/wp\/v2\/users\/4"}],"replies":[{"embeddable":true,"href":"https:\/\/bisbalpenedes.com\/web\/wp-json\/wp\/v2\/comments?post=6125"}],"version-history":[{"count":6,"href":"https:\/\/bisbalpenedes.com\/web\/wp-json\/wp\/v2\/posts\/6125\/revisions"}],"predecessor-version":[{"id":6238,"href":"https:\/\/bisbalpenedes.com\/web\/wp-json\/wp\/v2\/posts\/6125\/revisions\/6238"}],"wp:featuredmedia":[{"embeddable":true,"href":"https:\/\/bisbalpenedes.com\/web\/wp-json\/wp\/v2\/media\/6126"}],"wp:attachment":[{"href":"https:\/\/bisbalpenedes.com\/web\/wp-json\/wp\/v2\/media?parent=6125"}],"wp:term":[{"taxonomy":"category","embeddable":true,"href":"https:\/\/bisbalpenedes.com\/web\/wp-json\/wp\/v2\/categories?post=6125"},{"taxonomy":"post_tag","embeddable":true,"href":"https:\/\/bisbalpenedes.com\/web\/wp-json\/wp\/v2\/tags?post=6125"}],"curies":[{"name":"wp","href":"https:\/\/api.w.org\/{rel}","templated":true}]}}