{"id":6113,"date":"2018-06-18T17:09:14","date_gmt":"2018-06-18T16:09:14","guid":{"rendered":"http:\/\/bisbalpenedes.com\/web\/?p=6113"},"modified":"2018-06-18T17:11:11","modified_gmt":"2018-06-18T16:11:11","slug":"aquest-cap-de-setmana-han-arrencat-mobiliari-urba-i-lhan-llencat-al-pati-de-linstitut","status":"publish","type":"post","link":"https:\/\/bisbalpenedes.com\/web\/2018\/06\/18\/aquest-cap-de-setmana-han-arrencat-mobiliari-urba-i-lhan-llencat-al-pati-de-linstitut\/","title":{"rendered":"Aquest cap de setmana han arrencat mobiliari urb\u00e0 i l&#8217;han llen\u00e7at al pati de l&#8217;institut"},"content":{"rendered":"<p><a href=\"http:\/\/bisbalpenedes.com\/web\/wp-content\/uploads\/2018\/06\/ba1d9188-ba98-4d9d-8d53-00524f433834.jpg\"><br \/>\n<\/a> <a href=\"http:\/\/bisbalpenedes.com\/web\/wp-content\/uploads\/2018\/06\/ba4cb3a9-746f-4e3f-9a98-642e69d29d83.jpg\"><img loading=\"lazy\" class=\"aligncenter size-large wp-image-6115\" src=\"http:\/\/bisbalpenedes.com\/web\/wp-content\/uploads\/2018\/06\/ba4cb3a9-746f-4e3f-9a98-642e69d29d83-1024x576.jpg\" alt=\"ba4cb3a9-746f-4e3f-9a98-642e69d29d83\" width=\"630\" height=\"354\" srcset=\"https:\/\/bisbalpenedes.com\/web\/wp-content\/uploads\/2018\/06\/ba4cb3a9-746f-4e3f-9a98-642e69d29d83-1024x576.jpg 1024w, https:\/\/bisbalpenedes.com\/web\/wp-content\/uploads\/2018\/06\/ba4cb3a9-746f-4e3f-9a98-642e69d29d83-600x338.jpg 600w, https:\/\/bisbalpenedes.com\/web\/wp-content\/uploads\/2018\/06\/ba4cb3a9-746f-4e3f-9a98-642e69d29d83-300x169.jpg 300w, https:\/\/bisbalpenedes.com\/web\/wp-content\/uploads\/2018\/06\/ba4cb3a9-746f-4e3f-9a98-642e69d29d83-768x432.jpg 768w, https:\/\/bisbalpenedes.com\/web\/wp-content\/uploads\/2018\/06\/ba4cb3a9-746f-4e3f-9a98-642e69d29d83.jpg 1600w\" sizes=\"(max-width: 630px) 100vw, 630px\" \/><\/a> <a href=\"http:\/\/bisbalpenedes.com\/web\/wp-content\/uploads\/2018\/06\/e8cc8c9f-d46c-4a02-913f-5aa9a6b4dd31.jpg\"><img loading=\"lazy\" class=\"aligncenter size-large wp-image-6116\" src=\"http:\/\/bisbalpenedes.com\/web\/wp-content\/uploads\/2018\/06\/e8cc8c9f-d46c-4a02-913f-5aa9a6b4dd31-1024x576.jpg\" alt=\"e8cc8c9f-d46c-4a02-913f-5aa9a6b4dd31\" width=\"630\" height=\"354\" srcset=\"https:\/\/bisbalpenedes.com\/web\/wp-content\/uploads\/2018\/06\/e8cc8c9f-d46c-4a02-913f-5aa9a6b4dd31-1024x576.jpg 1024w, https:\/\/bisbalpenedes.com\/web\/wp-content\/uploads\/2018\/06\/e8cc8c9f-d46c-4a02-913f-5aa9a6b4dd31-600x338.jpg 600w, https:\/\/bisbalpenedes.com\/web\/wp-content\/uploads\/2018\/06\/e8cc8c9f-d46c-4a02-913f-5aa9a6b4dd31-300x169.jpg 300w, https:\/\/bisbalpenedes.com\/web\/wp-content\/uploads\/2018\/06\/e8cc8c9f-d46c-4a02-913f-5aa9a6b4dd31-768x432.jpg 768w, https:\/\/bisbalpenedes.com\/web\/wp-content\/uploads\/2018\/06\/e8cc8c9f-d46c-4a02-913f-5aa9a6b4dd31.jpg 1600w\" sizes=\"(max-width: 630px) 100vw, 630px\" \/><\/a><\/p>\n<p><span style=\"color: #000000;\">Aquest cap de setmana alg\u00fa ha arrencat un senyal de tr\u00e0nsit i diverses papereres de l\u2019exterior de l\u2019<a class=\"profileLink\" style=\"color: #000000;\" href=\"https:\/\/www.facebook.com\/CosterdelaTorre\/?fref=mentions\" data-hovercard=\"\/ajax\/hovercard\/page.php?id=348501732263195&amp;extragetparams=%7B%22fref%22%3A%22mentions%22%7D\" data-hovercard-prefer-more-content-show=\"1\">Institut Coster de la Torre<\/a>\u00a0i les ha llan\u00e7at al pati del centre. Tamb\u00e9 hi han llen\u00e7at diverses escombraries i vegetaci\u00f3 que, pr\u00e8viament, han arrencat de contornada de l\u2019institut. Es tracta d\u2019uns fets que s\u2019estan investigant, ja que es compta amb proves que podrien conduir-nos cap a l\u2019autor o autors dels fets. Des de l\u2019Ajuntament de la Bisbal us demanem que si heu v<span class=\"text_exposed_show\">ist alguna conducta sospitosa (o la veieu en un futur), telefoneu al servei d\u2019Informaci\u00f3 i inspecci\u00f3 municipal al 678595959. Gr\u00e0cies per la vostra col\u00b7laboraci\u00f3.<\/span><\/span><\/p>\n<div class=\"text_exposed_show\">\n<hr \/>\n<p><span style=\"color: #000000;\"><strong>CASTELLANO<\/strong> | Este fin de semana alguien ha arrancado una se\u00f1al de tr\u00e1fico y varias papeleras del exterior del Instituto Coster de la Torre y las ha tirado en el patio del centro. Tambi\u00e9n han tirado basura y vegetaci\u00f3n que, previamente, han arrancado de los alrededores del instituto. Se trata de unos hechos que se est\u00e1n investigando, ya que se cuenta con pruebas que podr\u00edan conducirnos hacia el autor o los autores de estos hechos. Desde el Ayuntamiento de la Bisbal os pedimos que, si hab\u00e9is visto alguna conducta sospechosa (o la veis en un futuro), telefone\u00e9is al servicio de Informaci\u00f3n e Inspecci\u00f3n municipal, al 678595959. Gracias por vuestra colaboraci\u00f3n.<\/span><\/p>\n<p><a href=\"http:\/\/bisbalpenedes.com\/web\/wp-content\/uploads\/2018\/06\/ba1d9188-ba98-4d9d-8d53-00524f433834.jpg\"><img loading=\"lazy\" class=\"aligncenter size-large wp-image-6114\" src=\"http:\/\/bisbalpenedes.com\/web\/wp-content\/uploads\/2018\/06\/ba1d9188-ba98-4d9d-8d53-00524f433834-1024x576.jpg\" alt=\"ba1d9188-ba98-4d9d-8d53-00524f433834\" width=\"630\" height=\"354\" srcset=\"https:\/\/bisbalpenedes.com\/web\/wp-content\/uploads\/2018\/06\/ba1d9188-ba98-4d9d-8d53-00524f433834-1024x576.jpg 1024w, https:\/\/bisbalpenedes.com\/web\/wp-content\/uploads\/2018\/06\/ba1d9188-ba98-4d9d-8d53-00524f433834-600x338.jpg 600w, https:\/\/bisbalpenedes.com\/web\/wp-content\/uploads\/2018\/06\/ba1d9188-ba98-4d9d-8d53-00524f433834-300x169.jpg 300w, https:\/\/bisbalpenedes.com\/web\/wp-content\/uploads\/2018\/06\/ba1d9188-ba98-4d9d-8d53-00524f433834-768x432.jpg 768w, https:\/\/bisbalpenedes.com\/web\/wp-content\/uploads\/2018\/06\/ba1d9188-ba98-4d9d-8d53-00524f433834.jpg 1600w\" sizes=\"(max-width: 630px) 100vw, 630px\" \/><\/a><\/p>\n<\/div>\n","protected":false},"excerpt":{"rendered":"<p>Aquest cap de setmana alg\u00fa ha arrencat un senyal de tr\u00e0nsit i diverses papereres de l\u2019exterior de l\u2019Institut Coster de la Torre\u00a0i les ha llan\u00e7at al pati del centre. Tamb\u00e9 &hellip; <a href=\"https:\/\/bisbalpenedes.com\/web\/2018\/06\/18\/aquest-cap-de-setmana-han-arrencat-mobiliari-urba-i-lhan-llencat-al-pati-de-linstitut\/\" class=\"more-link\">Read More<\/a><\/p>\n","protected":false},"author":4,"featured_media":6116,"comment_status":"closed","ping_status":"closed","sticky":false,"template":"","format":"standard","meta":[],"categories":[4],"tags":[566,1984,1335,1652],"_links":{"self":[{"href":"https:\/\/bisbalpenedes.com\/web\/wp-json\/wp\/v2\/posts\/6113"}],"collection":[{"href":"https:\/\/bisbalpenedes.com\/web\/wp-json\/wp\/v2\/posts"}],"about":[{"href":"https:\/\/bisbalpenedes.com\/web\/wp-json\/wp\/v2\/types\/post"}],"author":[{"embeddable":true,"href":"https:\/\/bisbalpenedes.com\/web\/wp-json\/wp\/v2\/users\/4"}],"replies":[{"embeddable":true,"href":"https:\/\/bisbalpenedes.com\/web\/wp-json\/wp\/v2\/comments?post=6113"}],"version-history":[{"count":4,"href":"https:\/\/bisbalpenedes.com\/web\/wp-json\/wp\/v2\/posts\/6113\/revisions"}],"predecessor-version":[{"id":6120,"href":"https:\/\/bisbalpenedes.com\/web\/wp-json\/wp\/v2\/posts\/6113\/revisions\/6120"}],"wp:featuredmedia":[{"embeddable":true,"href":"https:\/\/bisbalpenedes.com\/web\/wp-json\/wp\/v2\/media\/6116"}],"wp:attachment":[{"href":"https:\/\/bisbalpenedes.com\/web\/wp-json\/wp\/v2\/media?parent=6113"}],"wp:term":[{"taxonomy":"category","embeddable":true,"href":"https:\/\/bisbalpenedes.com\/web\/wp-json\/wp\/v2\/categories?post=6113"},{"taxonomy":"post_tag","embeddable":true,"href":"https:\/\/bisbalpenedes.com\/web\/wp-json\/wp\/v2\/tags?post=6113"}],"curies":[{"name":"wp","href":"https:\/\/api.w.org\/{rel}","templated":true}]}}