{"id":6104,"date":"2018-06-16T10:06:09","date_gmt":"2018-06-16T09:06:09","guid":{"rendered":"http:\/\/bisbalpenedes.com\/web\/?p=6104"},"modified":"2018-06-16T10:06:09","modified_gmt":"2018-06-16T09:06:09","slug":"gaudiu-de-la-celebracio-de-sant-joan-amb-precaucio","status":"publish","type":"post","link":"https:\/\/bisbalpenedes.com\/web\/2018\/06\/16\/gaudiu-de-la-celebracio-de-sant-joan-amb-precaucio\/","title":{"rendered":"Gaudiu de la celebraci\u00f3 de Sant Joan amb precauci\u00f3"},"content":{"rendered":"<div class=\"\" data-block=\"true\" data-editor=\"19b4m\" data-offset-key=\"82pmf-0-0\">\n<div class=\"_1mf _1mj\" data-offset-key=\"82pmf-0-0\"><span style=\"color: #000000;\">S&#8217;apropa una de les celebracions m\u00e9s esperades de l&#8217;any per\u00f2 \u00e9s important que gaudim de la festa amb precauci\u00f3. Seguiu els consells de Protecci\u00f3 Civil i, si veieu foc, truqueu al 112.<\/span><\/div>\n<\/div>\n<div class=\"\" data-block=\"true\" data-editor=\"19b4m\" data-offset-key=\"7ua3j-0-0\">\n<div class=\"_1mf _1mj\" data-offset-key=\"7ua3j-0-0\"><\/div>\n<\/div>\n<div class=\"\" data-block=\"true\" data-editor=\"19b4m\" data-offset-key=\"dknnd-0-0\">\n<div class=\"_1mf _1mj\" data-offset-key=\"dknnd-0-0\"><span style=\"color: #000000;\">&#8212;<\/span><\/div>\n<\/div>\n<div class=\"\" data-block=\"true\" data-editor=\"19b4m\" data-offset-key=\"5vo2q-0-0\">\n<div class=\"_1mf _1mj\" data-offset-key=\"5vo2q-0-0\"><\/div>\n<\/div>\n<div class=\"\" data-block=\"true\" data-editor=\"19b4m\" data-offset-key=\"3q6hi-0-0\">\n<div class=\"_1mf _1mj\" data-offset-key=\"3q6hi-0-0\"><span style=\"color: #000000;\">CASTELLANO | Se acerca una de las celebraciones m\u00e1s esperadas del a\u00f1o pero es importante que disfrutemos de la fiesta con precauci\u00f3n. Seguid los consejos de Protecci\u00f3 Civil y, si veis fuego, llamad al 112.<\/span><\/div>\n<div class=\"_1mf _1mj\" data-offset-key=\"3q6hi-0-0\"><a href=\"http:\/\/bisbalpenedes.com\/web\/wp-content\/uploads\/2018\/06\/Flyer_Revetlles_2018-001.jpg\"><img loading=\"lazy\" class=\"aligncenter size-large wp-image-6105\" src=\"http:\/\/bisbalpenedes.com\/web\/wp-content\/uploads\/2018\/06\/Flyer_Revetlles_2018-001-741x1024.jpg\" alt=\"Flyer_Revetlles_2018-001\" width=\"630\" height=\"871\" srcset=\"https:\/\/bisbalpenedes.com\/web\/wp-content\/uploads\/2018\/06\/Flyer_Revetlles_2018-001-741x1024.jpg 741w, https:\/\/bisbalpenedes.com\/web\/wp-content\/uploads\/2018\/06\/Flyer_Revetlles_2018-001-600x829.jpg 600w, https:\/\/bisbalpenedes.com\/web\/wp-content\/uploads\/2018\/06\/Flyer_Revetlles_2018-001-217x300.jpg 217w, https:\/\/bisbalpenedes.com\/web\/wp-content\/uploads\/2018\/06\/Flyer_Revetlles_2018-001-768x1061.jpg 768w, https:\/\/bisbalpenedes.com\/web\/wp-content\/uploads\/2018\/06\/Flyer_Revetlles_2018-001.jpg 923w\" sizes=\"(max-width: 630px) 100vw, 630px\" \/><\/a><a href=\"http:\/\/bisbalpenedes.com\/web\/wp-content\/uploads\/2018\/06\/Flyer_Revetlles_2018-002.jpg\"><img loading=\"lazy\" class=\"aligncenter size-large wp-image-6106\" src=\"http:\/\/bisbalpenedes.com\/web\/wp-content\/uploads\/2018\/06\/Flyer_Revetlles_2018-002-741x1024.jpg\" alt=\"Flyer_Revetlles_2018-002\" width=\"630\" height=\"871\" srcset=\"https:\/\/bisbalpenedes.com\/web\/wp-content\/uploads\/2018\/06\/Flyer_Revetlles_2018-002-741x1024.jpg 741w, https:\/\/bisbalpenedes.com\/web\/wp-content\/uploads\/2018\/06\/Flyer_Revetlles_2018-002-600x829.jpg 600w, https:\/\/bisbalpenedes.com\/web\/wp-content\/uploads\/2018\/06\/Flyer_Revetlles_2018-002-217x300.jpg 217w, https:\/\/bisbalpenedes.com\/web\/wp-content\/uploads\/2018\/06\/Flyer_Revetlles_2018-002-768x1061.jpg 768w, https:\/\/bisbalpenedes.com\/web\/wp-content\/uploads\/2018\/06\/Flyer_Revetlles_2018-002.jpg 923w\" sizes=\"(max-width: 630px) 100vw, 630px\" \/><\/a><\/div>\n<\/div>\n","protected":false},"excerpt":{"rendered":"<p>S&#8217;apropa una de les celebracions m\u00e9s esperades de l&#8217;any per\u00f2 \u00e9s important que gaudim de la festa amb precauci\u00f3. Seguiu els consells de Protecci\u00f3 Civil i, si veieu foc, truqueu &hellip; <a href=\"https:\/\/bisbalpenedes.com\/web\/2018\/06\/16\/gaudiu-de-la-celebracio-de-sant-joan-amb-precaucio\/\" class=\"more-link\">Read More<\/a><\/p>\n","protected":false},"author":4,"featured_media":6105,"comment_status":"closed","ping_status":"closed","sticky":false,"template":"","format":"standard","meta":[],"categories":[4],"tags":[1983,557,551,1189,78,555,1190,556,537],"_links":{"self":[{"href":"https:\/\/bisbalpenedes.com\/web\/wp-json\/wp\/v2\/posts\/6104"}],"collection":[{"href":"https:\/\/bisbalpenedes.com\/web\/wp-json\/wp\/v2\/posts"}],"about":[{"href":"https:\/\/bisbalpenedes.com\/web\/wp-json\/wp\/v2\/types\/post"}],"author":[{"embeddable":true,"href":"https:\/\/bisbalpenedes.com\/web\/wp-json\/wp\/v2\/users\/4"}],"replies":[{"embeddable":true,"href":"https:\/\/bisbalpenedes.com\/web\/wp-json\/wp\/v2\/comments?post=6104"}],"version-history":[{"count":1,"href":"https:\/\/bisbalpenedes.com\/web\/wp-json\/wp\/v2\/posts\/6104\/revisions"}],"predecessor-version":[{"id":6107,"href":"https:\/\/bisbalpenedes.com\/web\/wp-json\/wp\/v2\/posts\/6104\/revisions\/6107"}],"wp:featuredmedia":[{"embeddable":true,"href":"https:\/\/bisbalpenedes.com\/web\/wp-json\/wp\/v2\/media\/6105"}],"wp:attachment":[{"href":"https:\/\/bisbalpenedes.com\/web\/wp-json\/wp\/v2\/media?parent=6104"}],"wp:term":[{"taxonomy":"category","embeddable":true,"href":"https:\/\/bisbalpenedes.com\/web\/wp-json\/wp\/v2\/categories?post=6104"},{"taxonomy":"post_tag","embeddable":true,"href":"https:\/\/bisbalpenedes.com\/web\/wp-json\/wp\/v2\/tags?post=6104"}],"curies":[{"name":"wp","href":"https:\/\/api.w.org\/{rel}","templated":true}]}}