{"id":6101,"date":"2018-06-16T09:42:41","date_gmt":"2018-06-16T08:42:41","guid":{"rendered":"http:\/\/bisbalpenedes.com\/web\/?p=6101"},"modified":"2018-06-16T09:42:41","modified_gmt":"2018-06-16T08:42:41","slug":"el-club-segle-xx-organitza-un-sopar-per-la-revetlla-de-sant-joan","status":"publish","type":"post","link":"https:\/\/bisbalpenedes.com\/web\/2018\/06\/16\/el-club-segle-xx-organitza-un-sopar-per-la-revetlla-de-sant-joan\/","title":{"rendered":"El Club Segle XX organitza un sopar per la revetlla de Sant Joan"},"content":{"rendered":"<div class=\"\" data-block=\"true\" data-editor=\"d5s2t\" data-offset-key=\"5ea3j-0-0\">\n<div class=\"_1mf _1mj\" data-offset-key=\"5ea3j-0-0\"><span style=\"color: #000000;\">El Club Segle XX organitza un sopar que tindr\u00e0 lloc el dissabte 23 de juny amb motiu de la revetlla de Sant Joan. Per apuntar-vos-hi cal que us adreceu al conserge del Poliesportiu: 977688126<\/span><\/div>\n<\/div>\n<div class=\"\" data-block=\"true\" data-editor=\"d5s2t\" data-offset-key=\"fk7ru-0-0\">\n<div class=\"_1mf _1mj\" data-offset-key=\"fk7ru-0-0\"><\/div>\n<\/div>\n<div class=\"\" data-block=\"true\" data-editor=\"d5s2t\" data-offset-key=\"aeba3-0-0\">\n<div class=\"_1mf _1mj\" data-offset-key=\"aeba3-0-0\"><span style=\"color: #000000;\">&#8212;<\/span><\/div>\n<\/div>\n<div class=\"\" data-block=\"true\" data-editor=\"d5s2t\" data-offset-key=\"dfklh-0-0\">\n<div class=\"_1mf _1mj\" data-offset-key=\"dfklh-0-0\"><\/div>\n<\/div>\n<div class=\"\" data-block=\"true\" data-editor=\"d5s2t\" data-offset-key=\"cptap-0-0\">\n<div class=\"_1mf _1mj\" data-offset-key=\"cptap-0-0\"><span style=\"color: #000000;\">CASTELLANO | El Club Segle XX organiza una cena que tendr\u00e1 lugar el s\u00e1bado 23 de junio con motivo de la verbena de San Juan. Para apuntarse ten\u00e9is que dirigiros al conserje del Polideportivo: 977688126<\/span><\/div>\n<div class=\"_1mf _1mj\" data-offset-key=\"cptap-0-0\"><\/div>\n<div class=\"_1mf _1mj\" data-offset-key=\"cptap-0-0\"><a href=\"http:\/\/bisbalpenedes.com\/web\/wp-content\/uploads\/2018\/06\/CARTELL-POLI-SANT-JOAN-2018.jpg\"><img loading=\"lazy\" class=\"aligncenter size-medium wp-image-6102\" src=\"http:\/\/bisbalpenedes.com\/web\/wp-content\/uploads\/2018\/06\/CARTELL-POLI-SANT-JOAN-2018-206x300.jpg\" alt=\"CARTELL POLI SANT JOAN 2018\" width=\"206\" height=\"300\" srcset=\"https:\/\/bisbalpenedes.com\/web\/wp-content\/uploads\/2018\/06\/CARTELL-POLI-SANT-JOAN-2018-206x300.jpg 206w, https:\/\/bisbalpenedes.com\/web\/wp-content\/uploads\/2018\/06\/CARTELL-POLI-SANT-JOAN-2018.jpg 425w\" sizes=\"(max-width: 206px) 100vw, 206px\" \/><\/a><\/div>\n<\/div>\n","protected":false},"excerpt":{"rendered":"<p>El Club Segle XX organitza un sopar que tindr\u00e0 lloc el dissabte 23 de juny amb motiu de la revetlla de Sant Joan. Per apuntar-vos-hi cal que us adreceu al &hellip; <a href=\"https:\/\/bisbalpenedes.com\/web\/2018\/06\/16\/el-club-segle-xx-organitza-un-sopar-per-la-revetlla-de-sant-joan\/\" class=\"more-link\">Read More<\/a><\/p>\n","protected":false},"author":4,"featured_media":6102,"comment_status":"closed","ping_status":"closed","sticky":false,"template":"","format":"standard","meta":[],"categories":[20],"tags":[1086,204,556,1982,537,126],"_links":{"self":[{"href":"https:\/\/bisbalpenedes.com\/web\/wp-json\/wp\/v2\/posts\/6101"}],"collection":[{"href":"https:\/\/bisbalpenedes.com\/web\/wp-json\/wp\/v2\/posts"}],"about":[{"href":"https:\/\/bisbalpenedes.com\/web\/wp-json\/wp\/v2\/types\/post"}],"author":[{"embeddable":true,"href":"https:\/\/bisbalpenedes.com\/web\/wp-json\/wp\/v2\/users\/4"}],"replies":[{"embeddable":true,"href":"https:\/\/bisbalpenedes.com\/web\/wp-json\/wp\/v2\/comments?post=6101"}],"version-history":[{"count":1,"href":"https:\/\/bisbalpenedes.com\/web\/wp-json\/wp\/v2\/posts\/6101\/revisions"}],"predecessor-version":[{"id":6103,"href":"https:\/\/bisbalpenedes.com\/web\/wp-json\/wp\/v2\/posts\/6101\/revisions\/6103"}],"wp:featuredmedia":[{"embeddable":true,"href":"https:\/\/bisbalpenedes.com\/web\/wp-json\/wp\/v2\/media\/6102"}],"wp:attachment":[{"href":"https:\/\/bisbalpenedes.com\/web\/wp-json\/wp\/v2\/media?parent=6101"}],"wp:term":[{"taxonomy":"category","embeddable":true,"href":"https:\/\/bisbalpenedes.com\/web\/wp-json\/wp\/v2\/categories?post=6101"},{"taxonomy":"post_tag","embeddable":true,"href":"https:\/\/bisbalpenedes.com\/web\/wp-json\/wp\/v2\/tags?post=6101"}],"curies":[{"name":"wp","href":"https:\/\/api.w.org\/{rel}","templated":true}]}}