{"id":6094,"date":"2018-06-15T10:57:29","date_gmt":"2018-06-15T09:57:29","guid":{"rendered":"http:\/\/bisbalpenedes.com\/web\/?p=6094"},"modified":"2018-06-15T11:16:32","modified_gmt":"2018-06-15T10:16:32","slug":"els-dies-23-i-30-de-juny-podreu-vacunar-els-vostres-gossos-contra-la-rabia-a-la-bisbal","status":"publish","type":"post","link":"https:\/\/bisbalpenedes.com\/web\/2018\/06\/15\/els-dies-23-i-30-de-juny-podreu-vacunar-els-vostres-gossos-contra-la-rabia-a-la-bisbal\/","title":{"rendered":"Els dies 23 i 30 de juny podreu vacunar els vostres gossos contra la r\u00e0bia a la Bisbal"},"content":{"rendered":"<p><span style=\"color: #000000;\">Els dies 23 i 30 de juny es du a terme la campanya de vacunaci\u00f3 antir\u00e0bica de gossos a la Bisbal. La vacunaci\u00f3 anir\u00e0 a c\u00e0rrec d&#8217;un veterinari del Col\u00b7legi Oficial de Veterinaris de la prov\u00edncia de Tarragona, que cobrar\u00e0 les taxes pertinents. Si se sol\u00b7licita, tamb\u00e9 es posaran xips. Cal que\u00a0presenteu la cartilla de vacunacions (si se&#8217;n disposa). Les vacunes es posaran els seg\u00fcents dies i llocs:<\/span><\/p>\n<p style=\"padding-left: 30px;\"><span style=\"text-decoration: underline; color: #000000;\"><strong>Dissabte 23 de juny de 2018:<\/strong><\/span><\/p>\n<p style=\"padding-left: 30px;\"><span style=\"color: #000000;\">De 9.00 a 9.30h a la Pl. Pau Casals (la pista) de la Bisbal<\/span><\/p>\n<p style=\"padding-left: 30px;\"><span style=\"color: #000000;\">De 9.45 a 10.14h al Local Social del Priorat de la Bisbal<\/span><\/p>\n<p style=\"padding-left: 30px;\"><span style=\"color: #000000;\"><strong><span style=\"text-decoration: underline;\">Dissabte 30 de juny de 2018:<\/span><\/strong><\/span><\/p>\n<p style=\"padding-left: 30px;\"><span style=\"color: #000000;\">De 10.00 a 10.30h al Local Social de Can Gordei (Avda. Can Gordei)<\/span><\/p>\n<p style=\"padding-left: 30px;\"><span style=\"color: #000000;\">De 10.30h a 11.00h al Local Social de l&#8217;Esplai (Avda. Esplai)<\/span><\/p>\n<p style=\"padding-left: 30px;\"><span style=\"color: #000000;\">De 11.00h a 11.30h al Local Social de la Masieta<\/span><\/p>\n<p><span style=\"color: #000000;\">M\u00e9s informaci\u00f3 sobre la r\u00e0bia:\u00a0<a style=\"color: #000000;\" href=\"http:\/\/canalsalut.gencat.cat\/ca\/detalls\/article\/rabia\" target=\"_blank\">http:\/\/canalsalut.gencat.cat\/ca\/detalls\/article\/rabia<\/a><\/span><\/p>\n<hr \/>\n<p><span style=\"color: #000000;\"><strong>CASTELLANO<\/strong> | Los d\u00edas 23 y 30 de junio se lleva a cabo la campa\u00f1a de vacunaci\u00f3n antirr\u00e1bica de perros en la Bisbal. La vacunaci\u00f3n ir\u00e1 a cargo de un veterinario del Col\u00b7legi Oficial de Veterinaris de la provincia de Tarragona, que cobrar\u00e1 las tasas pertinentes. Si se solicita, tambi\u00e9n se pondr\u00e1n chips. Deb\u00e9is presentar la cartilla de vacunas (si dispon\u00e9is de ella). Las vacunas se pondr\u00e1n en los siguientes lugares y fechas:<\/span><\/p>\n<p style=\"padding-left: 30px;\"><span style=\"color: #000000;\"><strong>S\u00e1bado 23 de junio del 2018:<\/strong><\/span><\/p>\n<p style=\"padding-left: 30px;\"><span style=\"color: #000000;\">De 9.00 a 9.30h en la Pl. Pau Casals (la pista) de la Bisbal<\/span><\/p>\n<p style=\"padding-left: 30px;\"><span style=\"color: #000000;\">De 9.45 a 10.14h en el Local Social del Priorat de la Bisbal<\/span><\/p>\n<p style=\"padding-left: 30px;\"><span style=\"color: #000000;\"><strong>S\u00e1bado 30 de junio del 2018:<\/strong><\/span><\/p>\n<p style=\"padding-left: 30px;\"><span style=\"color: #000000;\">De 10.00 a 10.30h en el Local Social de Can Gordei (Avda. Can Gordei)<\/span><\/p>\n<p style=\"padding-left: 30px;\"><span style=\"color: #000000;\">De 10.30h a 11.00h en el Local Social de l&#8217;Esplai (Avda. Esplai)<\/span><\/p>\n<p style=\"padding-left: 30px;\"><span style=\"color: #000000;\">De 11.00h a 11.30h en el Local Social de la Masieta<\/span><\/p>\n<p><span style=\"color: #000000;\">M\u00e1s informaci\u00f3n sobre la rabia:\u00a0<a style=\"color: #000000;\" href=\"http:\/\/canalsalut.gencat.cat\/ca\/detalls\/article\/rabia\" target=\"_blank\">http:\/\/canalsalut.gencat.cat\/ca\/detalls\/article\/rabia<\/a><\/span><\/p>\n","protected":false},"excerpt":{"rendered":"<p>Els dies 23 i 30 de juny es du a terme la campanya de vacunaci\u00f3 antir\u00e0bica de gossos a la Bisbal. La vacunaci\u00f3 anir\u00e0 a c\u00e0rrec d&#8217;un veterinari del Col\u00b7legi &hellip; <a href=\"https:\/\/bisbalpenedes.com\/web\/2018\/06\/15\/els-dies-23-i-30-de-juny-podreu-vacunar-els-vostres-gossos-contra-la-rabia-a-la-bisbal\/\" class=\"more-link\">Read More<\/a><\/p>\n","protected":false},"author":4,"featured_media":6095,"comment_status":"closed","ping_status":"closed","sticky":false,"template":"","format":"standard","meta":[],"categories":[32],"tags":[198,1594,435,276,318,587,520,432,434,431],"_links":{"self":[{"href":"https:\/\/bisbalpenedes.com\/web\/wp-json\/wp\/v2\/posts\/6094"}],"collection":[{"href":"https:\/\/bisbalpenedes.com\/web\/wp-json\/wp\/v2\/posts"}],"about":[{"href":"https:\/\/bisbalpenedes.com\/web\/wp-json\/wp\/v2\/types\/post"}],"author":[{"embeddable":true,"href":"https:\/\/bisbalpenedes.com\/web\/wp-json\/wp\/v2\/users\/4"}],"replies":[{"embeddable":true,"href":"https:\/\/bisbalpenedes.com\/web\/wp-json\/wp\/v2\/comments?post=6094"}],"version-history":[{"count":2,"href":"https:\/\/bisbalpenedes.com\/web\/wp-json\/wp\/v2\/posts\/6094\/revisions"}],"predecessor-version":[{"id":6097,"href":"https:\/\/bisbalpenedes.com\/web\/wp-json\/wp\/v2\/posts\/6094\/revisions\/6097"}],"wp:featuredmedia":[{"embeddable":true,"href":"https:\/\/bisbalpenedes.com\/web\/wp-json\/wp\/v2\/media\/6095"}],"wp:attachment":[{"href":"https:\/\/bisbalpenedes.com\/web\/wp-json\/wp\/v2\/media?parent=6094"}],"wp:term":[{"taxonomy":"category","embeddable":true,"href":"https:\/\/bisbalpenedes.com\/web\/wp-json\/wp\/v2\/categories?post=6094"},{"taxonomy":"post_tag","embeddable":true,"href":"https:\/\/bisbalpenedes.com\/web\/wp-json\/wp\/v2\/tags?post=6094"}],"curies":[{"name":"wp","href":"https:\/\/api.w.org\/{rel}","templated":true}]}}