{"id":6090,"date":"2018-06-15T10:22:24","date_gmt":"2018-06-15T09:22:24","guid":{"rendered":"http:\/\/bisbalpenedes.com\/web\/?p=6090"},"modified":"2018-06-15T10:22:24","modified_gmt":"2018-06-15T09:22:24","slug":"la-bisbal-del-penedes-ha-estat-present-a-la-feria-internacional-del-urbanismo-y-del-medioambiente","status":"publish","type":"post","link":"https:\/\/bisbalpenedes.com\/web\/2018\/06\/15\/la-bisbal-del-penedes-ha-estat-present-a-la-feria-internacional-del-urbanismo-y-del-medioambiente\/","title":{"rendered":"La Bisbal del Pened\u00e8s ha estat present a la Feria Internacional del Urbanismo y del Medioambiente"},"content":{"rendered":"<p style=\"text-align: justify;\"><a href=\"http:\/\/bisbalpenedes.com\/web\/wp-content\/uploads\/2018\/06\/PHOTO-2018-06-14-18-08-23.jpg\"><img loading=\"lazy\" class=\"aligncenter size-medium wp-image-6091\" src=\"http:\/\/bisbalpenedes.com\/web\/wp-content\/uploads\/2018\/06\/PHOTO-2018-06-14-18-08-23-300x225.jpg\" alt=\"leo i agnes fira medi ambient\" width=\"300\" height=\"225\" srcset=\"https:\/\/bisbalpenedes.com\/web\/wp-content\/uploads\/2018\/06\/PHOTO-2018-06-14-18-08-23-300x225.jpg 300w, https:\/\/bisbalpenedes.com\/web\/wp-content\/uploads\/2018\/06\/PHOTO-2018-06-14-18-08-23-600x450.jpg 600w, https:\/\/bisbalpenedes.com\/web\/wp-content\/uploads\/2018\/06\/PHOTO-2018-06-14-18-08-23-768x576.jpg 768w, https:\/\/bisbalpenedes.com\/web\/wp-content\/uploads\/2018\/06\/PHOTO-2018-06-14-18-08-23-1024x768.jpg 1024w, https:\/\/bisbalpenedes.com\/web\/wp-content\/uploads\/2018\/06\/PHOTO-2018-06-14-18-08-23.jpg 1296w\" sizes=\"(max-width: 300px) 100vw, 300px\" \/><\/a><\/p>\n<p style=\"text-align: justify;\"><span style=\"color: #000000;\">L&#8217;alcaldessa de la Bisbal del Pened\u00e8s, Agn\u00e8s Ferr\u00e9, i la regidora de Medi Ambient, Leo Uceda, han\u00a0viatjat aquest dijous a IFEMA &#8211; Feria de Madrid per\u00a0visitar el\u00a0Foro de Soluciones Medioambientales Sostenibles (FSMS) i, m\u00e9s concretament, la <a style=\"color: #000000;\" href=\"http:\/\/www.ifema.es\/tecma_01\/Informacion_general\/presentacion\/index.htm\" target=\"_blank\">Feria Internacional del Urbanismo y del Medioambiente.<\/a><\/span><\/p>\n<p style=\"text-align: justify;\"><a href=\"http:\/\/bisbalpenedes.com\/web\/wp-content\/uploads\/2018\/06\/PHOTO-2018-06-14-18-08-41.jpg\"><img loading=\"lazy\" class=\"aligncenter size-medium wp-image-6092\" src=\"http:\/\/bisbalpenedes.com\/web\/wp-content\/uploads\/2018\/06\/PHOTO-2018-06-14-18-08-41-300x225.jpg\" alt=\"PHOTO-2018-06-14-18-08-41\" width=\"300\" height=\"225\" srcset=\"https:\/\/bisbalpenedes.com\/web\/wp-content\/uploads\/2018\/06\/PHOTO-2018-06-14-18-08-41-300x225.jpg 300w, https:\/\/bisbalpenedes.com\/web\/wp-content\/uploads\/2018\/06\/PHOTO-2018-06-14-18-08-41-600x450.jpg 600w, https:\/\/bisbalpenedes.com\/web\/wp-content\/uploads\/2018\/06\/PHOTO-2018-06-14-18-08-41-768x576.jpg 768w, https:\/\/bisbalpenedes.com\/web\/wp-content\/uploads\/2018\/06\/PHOTO-2018-06-14-18-08-41-1024x768.jpg 1024w, https:\/\/bisbalpenedes.com\/web\/wp-content\/uploads\/2018\/06\/PHOTO-2018-06-14-18-08-41.jpg 1599w\" sizes=\"(max-width: 300px) 100vw, 300px\" \/><\/a><\/p>\n<p style=\"text-align: justify;\"><span style=\"color: #000000;\">Cepsa, l&#8217;empresa concession\u00e0ria que fa el servei de recollida de residus a la Bisbal, ha estat qui ha convidat l&#8217;alcaldessa i la regidora, aix\u00ed com altres alcaldes i regidors de Medi Ambient de municipis on tamb\u00e9 fan la recollida, perqu\u00e8 puguin actualitzar-se quant a novetats en l&#8217;\u00e0mbit de la recollida de residus.<\/span><\/p>\n<hr \/>\n<p style=\"text-align: justify;\"><a href=\"http:\/\/bisbalpenedes.com\/web\/wp-content\/uploads\/2018\/06\/PHOTO-2018-06-14-18-08-23.jpg\"><img loading=\"lazy\" class=\"aligncenter size-medium wp-image-6091\" src=\"http:\/\/bisbalpenedes.com\/web\/wp-content\/uploads\/2018\/06\/PHOTO-2018-06-14-18-08-23-300x225.jpg\" alt=\"leo i agnes fira medi ambient\" width=\"300\" height=\"225\" srcset=\"https:\/\/bisbalpenedes.com\/web\/wp-content\/uploads\/2018\/06\/PHOTO-2018-06-14-18-08-23-300x225.jpg 300w, https:\/\/bisbalpenedes.com\/web\/wp-content\/uploads\/2018\/06\/PHOTO-2018-06-14-18-08-23-600x450.jpg 600w, https:\/\/bisbalpenedes.com\/web\/wp-content\/uploads\/2018\/06\/PHOTO-2018-06-14-18-08-23-768x576.jpg 768w, https:\/\/bisbalpenedes.com\/web\/wp-content\/uploads\/2018\/06\/PHOTO-2018-06-14-18-08-23-1024x768.jpg 1024w, https:\/\/bisbalpenedes.com\/web\/wp-content\/uploads\/2018\/06\/PHOTO-2018-06-14-18-08-23.jpg 1296w\" sizes=\"(max-width: 300px) 100vw, 300px\" \/><\/a><\/p>\n<p style=\"text-align: justify;\"><span style=\"color: #000000;\"><strong>CASTELLANO<\/strong> | La alcaldesa de la Bisbal del Pened\u00e8s, Agn\u00e8s Ferr\u00e9, y la regidora de Medio Ambiente, Leo Uceda, han\u00a0viajado\u00a0este jueves a IFEMA &#8211; Feria de Madrid para visitar el foro de Soluciones Medioambientales Sostenibles (FSMS) y, m\u00e1s concretamente,\u00a0 la Feria Internacional del Urbanismo y del Medioambiente.<\/span><\/p>\n<p style=\"text-align: justify;\"><a href=\"http:\/\/bisbalpenedes.com\/web\/wp-content\/uploads\/2018\/06\/PHOTO-2018-06-14-18-08-41.jpg\"><img loading=\"lazy\" class=\"aligncenter size-medium wp-image-6092\" src=\"http:\/\/bisbalpenedes.com\/web\/wp-content\/uploads\/2018\/06\/PHOTO-2018-06-14-18-08-41-300x225.jpg\" alt=\"PHOTO-2018-06-14-18-08-41\" width=\"300\" height=\"225\" srcset=\"https:\/\/bisbalpenedes.com\/web\/wp-content\/uploads\/2018\/06\/PHOTO-2018-06-14-18-08-41-300x225.jpg 300w, https:\/\/bisbalpenedes.com\/web\/wp-content\/uploads\/2018\/06\/PHOTO-2018-06-14-18-08-41-600x450.jpg 600w, https:\/\/bisbalpenedes.com\/web\/wp-content\/uploads\/2018\/06\/PHOTO-2018-06-14-18-08-41-768x576.jpg 768w, https:\/\/bisbalpenedes.com\/web\/wp-content\/uploads\/2018\/06\/PHOTO-2018-06-14-18-08-41-1024x768.jpg 1024w, https:\/\/bisbalpenedes.com\/web\/wp-content\/uploads\/2018\/06\/PHOTO-2018-06-14-18-08-41.jpg 1599w\" sizes=\"(max-width: 300px) 100vw, 300px\" \/><\/a><\/p>\n<p style=\"text-align: justify;\"><span style=\"color: #000000;\">Cepsa, la empresa concesionaria que hace el servicio de recogida de residuos en la Bisbal, ha sido quien ha invitado a la alcaldesa y a la regidora, as\u00ed como a otros alcaldes y concejales de Medio Ambiente de municipios donde tambi\u00e9n hacen la recogida, para que puedan actualizarse en cuanto a novedades en el \u00e1mbito de la recogida de residuos.<\/span><\/p>\n<p style=\"text-align: justify;\">\n","protected":false},"excerpt":{"rendered":"<p>L&#8217;alcaldessa de la Bisbal del Pened\u00e8s, Agn\u00e8s Ferr\u00e9, i la regidora de Medi Ambient, Leo Uceda, han\u00a0viatjat aquest dijous a IFEMA &#8211; Feria de Madrid per\u00a0visitar el\u00a0Foro de Soluciones Medioambientales &hellip; <a href=\"https:\/\/bisbalpenedes.com\/web\/2018\/06\/15\/la-bisbal-del-penedes-ha-estat-present-a-la-feria-internacional-del-urbanismo-y-del-medioambiente\/\" class=\"more-link\">Read More<\/a><\/p>\n","protected":false},"author":4,"featured_media":6091,"comment_status":"closed","ping_status":"closed","sticky":false,"template":"","format":"standard","meta":[],"categories":[32],"tags":[1980,1979,220,1977,1978,1981],"_links":{"self":[{"href":"https:\/\/bisbalpenedes.com\/web\/wp-json\/wp\/v2\/posts\/6090"}],"collection":[{"href":"https:\/\/bisbalpenedes.com\/web\/wp-json\/wp\/v2\/posts"}],"about":[{"href":"https:\/\/bisbalpenedes.com\/web\/wp-json\/wp\/v2\/types\/post"}],"author":[{"embeddable":true,"href":"https:\/\/bisbalpenedes.com\/web\/wp-json\/wp\/v2\/users\/4"}],"replies":[{"embeddable":true,"href":"https:\/\/bisbalpenedes.com\/web\/wp-json\/wp\/v2\/comments?post=6090"}],"version-history":[{"count":1,"href":"https:\/\/bisbalpenedes.com\/web\/wp-json\/wp\/v2\/posts\/6090\/revisions"}],"predecessor-version":[{"id":6093,"href":"https:\/\/bisbalpenedes.com\/web\/wp-json\/wp\/v2\/posts\/6090\/revisions\/6093"}],"wp:featuredmedia":[{"embeddable":true,"href":"https:\/\/bisbalpenedes.com\/web\/wp-json\/wp\/v2\/media\/6091"}],"wp:attachment":[{"href":"https:\/\/bisbalpenedes.com\/web\/wp-json\/wp\/v2\/media?parent=6090"}],"wp:term":[{"taxonomy":"category","embeddable":true,"href":"https:\/\/bisbalpenedes.com\/web\/wp-json\/wp\/v2\/categories?post=6090"},{"taxonomy":"post_tag","embeddable":true,"href":"https:\/\/bisbalpenedes.com\/web\/wp-json\/wp\/v2\/tags?post=6090"}],"curies":[{"name":"wp","href":"https:\/\/api.w.org\/{rel}","templated":true}]}}