{"id":6082,"date":"2018-06-14T15:33:09","date_gmt":"2018-06-14T14:33:09","guid":{"rendered":"http:\/\/bisbalpenedes.com\/web\/?p=6082"},"modified":"2018-06-14T15:37:45","modified_gmt":"2018-06-14T14:37:45","slug":"lajuntament-estudiara-la-viabilitat-del-servei-de-menjador-durant-el-casal-destiu","status":"publish","type":"post","link":"https:\/\/bisbalpenedes.com\/web\/2018\/06\/14\/lajuntament-estudiara-la-viabilitat-del-servei-de-menjador-durant-el-casal-destiu\/","title":{"rendered":"L&#8217;Ajuntament estudiar\u00e0 la viabilitat d&#8217;oferir el servei de menjador al Casal d&#8217;Estiu a partir de l&#8217;inter\u00e8s que demostrin les fam\u00edlies per aquest servei"},"content":{"rendered":"<p style=\"text-align: justify;\"><span style=\"color: #000000;\">L\u2019horari del Casal d\u2019Estiu d\u2019enguany \u00e9s de 8.00 a 13.30h. L\u2019Ajuntament ha rebut diverses peticions, a trav\u00e9s de les xarxes socials i a les oficines municipals, de fam\u00edlies interessades en una ampliaci\u00f3 de l\u2019horari del Casal d\u2019Estiu per poder comptar amb el servei de menjador durant les hores el migdia.<\/span><\/p>\n<p style=\"text-align: justify;\"><span style=\"color: #000000;\">Fins al dia 27 de juny l\u2019Ajuntament realitzar\u00e0 una enquesta per estudiar la viabilitat del servei de menjador i, si hi ha suficients fam\u00edlies interessades, oferir\u00e0 el servei entre les 13.30h i les 15.30h. Aquesta enquesta es tirar\u00e0 endavant perqu\u00e8 en anys anteriors ja s\u2019havia ofert aquest servei per\u00f2 no s\u2019havia comptat amb suficients nens i nenes. Aix\u00ed, en cas de comptar amb un m\u00ednim de 8 nens o nenes per setmana, l\u2019Ajuntament oferir\u00e0 aquesta ampliaci\u00f3 hor\u00e0ria a partir de la primera setmana de juliol, sempre que aquesta setmana hi hagi nens per fer aquest horari.<\/span><\/p>\n<p style=\"text-align: justify;\"><span style=\"color: #000000;\">Val a dir que, per oferir aquest servei, l\u2019Ajuntament ha de comptar amb personal qualificat i \u00e9s per aix\u00f2 que el cost del Casal d\u2019Estiu es veuria ampliat amb la quantitat de 16 euros m\u00e9s, per setmana i nen, amb dinar de carmanyola (cada nen i nena es portaria el seu dinar de casa) per a les fam\u00edlies que optin per acollir-se a aquesta ampliaci\u00f3 hor\u00e0ria (sempre que hi hagi un m\u00ednim de 8 infants per setmana). Nom\u00e9s podran accedir a aquest servei les persones que hagin abonat el pagament de les setmanes senceres amb el suplement dels 16 euros.<\/span><\/p>\n<p style=\"text-align: justify;\"><span style=\"color: #000000;\">Demanem que les fam\u00edlies interessades s\u2019adrecin a les oficines municipals durant el mes de juny per poder recollir les dades necess\u00e0ries (dades personals i setmanes en les quals hi ha inter\u00e8s en comptar amb el servei) per valorar si \u00e9s viable tirar endavant aquesta ampliaci\u00f3 hor\u00e0ria. L\u2019Ajuntament contactar\u00e0 amb les fam\u00edlies, com a m\u00e0xim, el dia 27 de juny per indicar en quines setmanes s\u2019arriba al m\u00ednim d\u2019inscrits i, per tant, es pot oferir el servei de menjador.<\/span><\/p>\n<hr \/>\n<p style=\"text-align: justify;\"><span style=\"color: #000000;\"><strong>CASTELLANO<\/strong> | El horario del Casal d&#8217;Estiu de este a\u00f1o es de 8.00 a 13.30h. El Ayuntamiento ha recibido varias peticiones, a trav\u00e9s de las redes sociales y en las oficinas municipales, de familias interesadas en una ampliaci\u00f3n del horario del Casal d&#8217;Estiu para poder contar con el servicio de comedor durante las horas del mediod\u00eda.<\/span><\/p>\n<p style=\"text-align: justify;\"><span style=\"color: #000000;\">Hasta el d\u00eda 27 de junio el Ayuntamiento realizar\u00e1 una encuesta para estudiar la viabilidad del servicio de comedor y, si hay suficientes familias interesadas, se ofrecer\u00e1 el servicio entre las 13.30h y las 15.30h. Esta encuesta se llevar\u00e1 a cabo porqu\u00e9 en a\u00f1os anteriores ya se hab\u00eda ofrecido este servicio pero no se hab\u00eda contado con suficientes ni\u00f1os y ni\u00f1as. As\u00ed, en caso de contar con un m\u00ednimo de 8 ni\u00f1os o ni\u00f1as por semana, el Ayuntamiento ofrecer\u00e1 esta ampliaci\u00f3n horaria a partir de la primera semana de julio, siempre que esa semana haya ni\u00f1os para hacer este horario.<\/span><\/p>\n<p style=\"text-align: justify;\"><span style=\"color: #000000;\">Cabe decir que, para ofrecer este servicio, el Ayuntamiento debe contar con personal cualificado y es por este motivo que el coste del Casal d&#8217;Estiu se ver\u00eda ampliado con la cantidad de 16 euros m\u00e1s, por semana y ni\u00f1o, con comida de fiambrera (cada ni\u00f1o y ni\u00f1a se traer\u00eda su comida de casa) para las familias que opten por acogerse a esta ampliaci\u00f3n horaria (siempre y cuando haya un m\u00ednimo de 8 ni\u00f1os por semana). Solo podr\u00e1n acceder a este servicio las personas que hayan abonado el pago de las semanas enteras con el suplemento de 16 euros.<\/span><\/p>\n<p style=\"text-align: justify;\"><span style=\"color: #000000;\">Pedimos que las familias interesadas se dirijan a las oficinas municipales durante el mes de junio para poder recoger los datos necesarios (datos personales y semanas en las cuales hay inter\u00e9s en contar con el servicio) para valorar si es viable tirar adelante esta ampliaci\u00f3n horaria. El Ayuntamiento contactar\u00e1 con las familias, como m\u00e1ximo, el d\u00eda 27 de junio para indicar en qu\u00e9 semanas se llega al m\u00ednimo de inscritos y, por lo tanto, se puede ofrecer el servicio de comedor.<\/span><\/p>\n<p>&nbsp;<\/p>\n","protected":false},"excerpt":{"rendered":"<p>L\u2019horari del Casal d\u2019Estiu d\u2019enguany \u00e9s de 8.00 a 13.30h. L\u2019Ajuntament ha rebut diverses peticions, a trav\u00e9s de les xarxes socials i a les oficines municipals, de fam\u00edlies interessades en &hellip; <a href=\"https:\/\/bisbalpenedes.com\/web\/2018\/06\/14\/lajuntament-estudiara-la-viabilitat-del-servei-de-menjador-durant-el-casal-destiu\/\" class=\"more-link\">Read More<\/a><\/p>\n","protected":false},"author":4,"featured_media":6075,"comment_status":"closed","ping_status":"closed","sticky":false,"template":"","format":"standard","meta":[],"categories":[398],"tags":[230,244,113,1976],"_links":{"self":[{"href":"https:\/\/bisbalpenedes.com\/web\/wp-json\/wp\/v2\/posts\/6082"}],"collection":[{"href":"https:\/\/bisbalpenedes.com\/web\/wp-json\/wp\/v2\/posts"}],"about":[{"href":"https:\/\/bisbalpenedes.com\/web\/wp-json\/wp\/v2\/types\/post"}],"author":[{"embeddable":true,"href":"https:\/\/bisbalpenedes.com\/web\/wp-json\/wp\/v2\/users\/4"}],"replies":[{"embeddable":true,"href":"https:\/\/bisbalpenedes.com\/web\/wp-json\/wp\/v2\/comments?post=6082"}],"version-history":[{"count":6,"href":"https:\/\/bisbalpenedes.com\/web\/wp-json\/wp\/v2\/posts\/6082\/revisions"}],"predecessor-version":[{"id":6089,"href":"https:\/\/bisbalpenedes.com\/web\/wp-json\/wp\/v2\/posts\/6082\/revisions\/6089"}],"wp:featuredmedia":[{"embeddable":true,"href":"https:\/\/bisbalpenedes.com\/web\/wp-json\/wp\/v2\/media\/6075"}],"wp:attachment":[{"href":"https:\/\/bisbalpenedes.com\/web\/wp-json\/wp\/v2\/media?parent=6082"}],"wp:term":[{"taxonomy":"category","embeddable":true,"href":"https:\/\/bisbalpenedes.com\/web\/wp-json\/wp\/v2\/categories?post=6082"},{"taxonomy":"post_tag","embeddable":true,"href":"https:\/\/bisbalpenedes.com\/web\/wp-json\/wp\/v2\/tags?post=6082"}],"curies":[{"name":"wp","href":"https:\/\/api.w.org\/{rel}","templated":true}]}}