{"id":6078,"date":"2018-06-14T12:20:58","date_gmt":"2018-06-14T11:20:58","guid":{"rendered":"http:\/\/bisbalpenedes.com\/web\/?p=6078"},"modified":"2018-06-14T15:33:28","modified_gmt":"2018-06-14T14:33:28","slug":"voleu-participar-en-una-exposicio-de-fotografies-del-priorat-de-la-bisbal","status":"publish","type":"post","link":"https:\/\/bisbalpenedes.com\/web\/2018\/06\/14\/voleu-participar-en-una-exposicio-de-fotografies-del-priorat-de-la-bisbal\/","title":{"rendered":"Voleu participar en una exposici\u00f3 de fotografies del Priorat de la Bisbal?"},"content":{"rendered":"<p><a href=\"http:\/\/bisbalpenedes.com\/web\/wp-content\/uploads\/2018\/06\/IMG_20180607_181300-e1528970705953.jpg\"><img loading=\"lazy\" class=\"size-large wp-image-6079 aligncenter\" src=\"http:\/\/bisbalpenedes.com\/web\/wp-content\/uploads\/2018\/06\/IMG_20180607_181300-e1528970705953-1024x869.jpg\" alt=\"cof\" width=\"630\" height=\"535\" srcset=\"https:\/\/bisbalpenedes.com\/web\/wp-content\/uploads\/2018\/06\/IMG_20180607_181300-e1528970705953-1024x869.jpg 1024w, https:\/\/bisbalpenedes.com\/web\/wp-content\/uploads\/2018\/06\/IMG_20180607_181300-e1528970705953-600x509.jpg 600w, https:\/\/bisbalpenedes.com\/web\/wp-content\/uploads\/2018\/06\/IMG_20180607_181300-e1528970705953-300x254.jpg 300w, https:\/\/bisbalpenedes.com\/web\/wp-content\/uploads\/2018\/06\/IMG_20180607_181300-e1528970705953-768x651.jpg 768w\" sizes=\"(max-width: 630px) 100vw, 630px\" \/><\/a><\/p>\n<p style=\"text-align: justify;\"><span style=\"color: #000000;\">La Regidoria de Cultura de l\u2019Ajuntament de la Bisbal del Pened\u00e8s\u00a0t\u00e9 la intenci\u00f3 de\u00a0preparar una exposici\u00f3 fotogr\u00e0fica sobre la creaci\u00f3 i l&#8217;evoluci\u00f3 de la urbanitzaci\u00f3 del Priorat de la Bisbal, per tal d\u2019inaugurar-la en el marc de la seva festa major, el pr\u00f2xim 11 d\u2019agost.<\/span><\/p>\n<p style=\"text-align: justify;\"><span style=\"color: #000000;\">La proposta consisteix a crear un espai expositiu semipermanent que reculli el pas dels anys i l\u2019evoluci\u00f3 de\u00a0la urbanitzaci\u00f3, des de les primeres edificacions i serveis, fins a les seves festes i fets assenyalats, tot passant per les instant\u00e0nies i viv\u00e8ncies del dia a dia que els ve\u00efns vulguin aportar com a reflex de la vida a la urbanitzaci\u00f3 en les passades d\u00e8cades.<\/span><\/p>\n<p style=\"text-align: justify;\"><span style=\"color: #000000;\">\u00c9s per aquest motiu que des de l\u2019Ajuntament de la Bisbal del Pened\u00e8s es demana la col\u00b7laboraci\u00f3 ve\u00efnal per tal que, els qui ho desitgin, aportin fotografies de:<\/span><\/p>\n<ul style=\"text-align: justify;\">\n<li><span style=\"color: #000000;\">Construcci\u00f3 de carrers, cases particulars, serveis i el local<\/span><\/li>\n<li><span style=\"color: #000000;\">Festes i celebracions populars<\/span><\/li>\n<li><span style=\"color: #000000;\">Fets extraordinaris<\/span><\/li>\n<li><span style=\"color: #000000;\">Imatges ve\u00efnals de la vida di\u00e0ria, com ara jocs, reunions&#8230;<\/span><\/li>\n<\/ul>\n<p style=\"text-align: justify;\"><span style=\"color: #000000;\">Es demana als ve\u00efns interessats que portin les seves fotografies a la Biblioteca Municipal, on seran recollides per uns dies, digitalitzades i retornades als seus propietaris.<\/span><\/p>\n<p style=\"text-align: justify;\"><span style=\"color: #000000;\">L\u2019horari d\u2019obertura de la Biblioteca \u00e9s de totes les tardes de dilluns a divendres, de 16.30 a 20.30h, i els dissabtes 16 i 30 de juny i\u00a0 tots els dissabtes de juliol de 10.00h a 14.00h.<\/span><\/p>\n<hr \/>\n<p style=\"text-align: justify;\"><span style=\"color: #000000;\"><strong>CASTELLANO<\/strong> | La Concejal\u00eda de Cultura del Ayuntamiento de la Bisbal del Pened\u00e8s\u00a0tiene la intenci\u00f3n de\u00a0 preparar una exposici\u00f3n fotogr\u00e1fica sobre la creaci\u00f3n y la evoluci\u00f3n de la urbanizaci\u00f3n del Priorato de la Bisbal, para inaugurarla en el marco de su fiesta mayor, el pr\u00f3ximo 11 de agosto. <\/span><\/p>\n<p><span style=\"color: #000000;\"> La propuesta consiste al crear un espacio expositivo semipermanente que recoja el paso de los a\u00f1os y la evoluci\u00f3n de\u00a0la urbanizaci\u00f3n, desde las primeras edificaciones y servicios, hasta sus fiestas y hechos se\u00f1alados, pasando por las instant\u00e1neas y vivencias del d\u00eda a d\u00eda que los vecinos quieran aportar como reflejo de la vida en la urbanizaci\u00f3n en las pasadas d\u00e9cadas. <\/span><\/p>\n<p><span style=\"color: #000000;\"> Es por este motivo que desde el Ayuntamiento de la Bisbal del Pened\u00e8s se pide la colaboraci\u00f3n vecinal para que, quienes lo deseen, aporten fotograf\u00edas de: <\/span><\/p>\n<p style=\"padding-left: 30px; text-align: justify;\"><span style=\"color: #000000;\"> &#8211; Construcci\u00f3n de calles, casas particulares, servicios y el local<\/span><br \/>\n<span style=\"color: #000000;\"> &#8211; Fiestas y celebraciones populares <\/span><br \/>\n<span style=\"color: #000000;\"> &#8211; Hechos extraordinarios <\/span><br \/>\n<span style=\"color: #000000;\"> &#8211; Im\u00e1genes vecinales de la vida diaria, como por ejemplo juegos, reuniones&#8230; <\/span><\/p>\n<p style=\"text-align: justify;\"><span style=\"color: #000000;\"> Se pide a los vecinos interesados que traigan sus fotograf\u00edas a la Biblioteca Municipal, donde ser\u00e1n recogidas por unos d\u00edas, digitalizadas y devueltas a sus propietarios. <\/span><\/p>\n<p><span style=\"color: #000000;\"> El horario de apertura de la Biblioteca es de todas las tardes de lunes a viernes, de 16.30 a 20.30h, y los s\u00e1bados 16 y 30 de junio y todos los s\u00e1bados de julio de 10.00h a 14.00h.<\/span><\/p>\n","protected":false},"excerpt":{"rendered":"<p>La Regidoria de Cultura de l\u2019Ajuntament de la Bisbal del Pened\u00e8s\u00a0t\u00e9 la intenci\u00f3 de\u00a0preparar una exposici\u00f3 fotogr\u00e0fica sobre la creaci\u00f3 i l&#8217;evoluci\u00f3 de la urbanitzaci\u00f3 del Priorat de la Bisbal, &hellip; <a href=\"https:\/\/bisbalpenedes.com\/web\/2018\/06\/14\/voleu-participar-en-una-exposicio-de-fotografies-del-priorat-de-la-bisbal\/\" class=\"more-link\">Read More<\/a><\/p>\n","protected":false},"author":4,"featured_media":6079,"comment_status":"closed","ping_status":"closed","sticky":false,"template":"","format":"standard","meta":[],"categories":[13],"tags":[86,193,1975,852,520],"_links":{"self":[{"href":"https:\/\/bisbalpenedes.com\/web\/wp-json\/wp\/v2\/posts\/6078"}],"collection":[{"href":"https:\/\/bisbalpenedes.com\/web\/wp-json\/wp\/v2\/posts"}],"about":[{"href":"https:\/\/bisbalpenedes.com\/web\/wp-json\/wp\/v2\/types\/post"}],"author":[{"embeddable":true,"href":"https:\/\/bisbalpenedes.com\/web\/wp-json\/wp\/v2\/users\/4"}],"replies":[{"embeddable":true,"href":"https:\/\/bisbalpenedes.com\/web\/wp-json\/wp\/v2\/comments?post=6078"}],"version-history":[{"count":3,"href":"https:\/\/bisbalpenedes.com\/web\/wp-json\/wp\/v2\/posts\/6078\/revisions"}],"predecessor-version":[{"id":6084,"href":"https:\/\/bisbalpenedes.com\/web\/wp-json\/wp\/v2\/posts\/6078\/revisions\/6084"}],"wp:featuredmedia":[{"embeddable":true,"href":"https:\/\/bisbalpenedes.com\/web\/wp-json\/wp\/v2\/media\/6079"}],"wp:attachment":[{"href":"https:\/\/bisbalpenedes.com\/web\/wp-json\/wp\/v2\/media?parent=6078"}],"wp:term":[{"taxonomy":"category","embeddable":true,"href":"https:\/\/bisbalpenedes.com\/web\/wp-json\/wp\/v2\/categories?post=6078"},{"taxonomy":"post_tag","embeddable":true,"href":"https:\/\/bisbalpenedes.com\/web\/wp-json\/wp\/v2\/tags?post=6078"}],"curies":[{"name":"wp","href":"https:\/\/api.w.org\/{rel}","templated":true}]}}