{"id":6074,"date":"2018-06-14T10:55:09","date_gmt":"2018-06-14T09:55:09","guid":{"rendered":"http:\/\/bisbalpenedes.com\/web\/?p=6074"},"modified":"2018-06-14T10:55:09","modified_gmt":"2018-06-14T09:55:09","slug":"aquest-divendres-15-de-juny-finalitza-el-periode-dinscripcions-per-al-casal-destiu","status":"publish","type":"post","link":"https:\/\/bisbalpenedes.com\/web\/2018\/06\/14\/aquest-divendres-15-de-juny-finalitza-el-periode-dinscripcions-per-al-casal-destiu\/","title":{"rendered":"Aquest divendres 15 de juny finalitza el per\u00edode d&#8217;inscripcions per al Casal d&#8217;Estiu"},"content":{"rendered":"<div id='gallery-1' class='gallery galleryid-6074 gallery-columns-2 gallery-size-medium'><figure class='gallery-item'>\n\t\t\t<div class='gallery-icon landscape'>\n\t\t\t\t<a href='https:\/\/bisbalpenedes.com\/web\/2018\/06\/14\/aquest-divendres-15-de-juny-finalitza-el-periode-dinscripcions-per-al-casal-destiu\/cartell-casal-18-poort-a\/'><img width=\"300\" height=\"212\" src=\"https:\/\/bisbalpenedes.com\/web\/wp-content\/uploads\/2018\/06\/cartell-casal-18-poort-a-300x212.jpg\" class=\"attachment-medium size-medium\" alt=\"\" loading=\"lazy\" srcset=\"https:\/\/bisbalpenedes.com\/web\/wp-content\/uploads\/2018\/06\/cartell-casal-18-poort-a-300x212.jpg 300w, https:\/\/bisbalpenedes.com\/web\/wp-content\/uploads\/2018\/06\/cartell-casal-18-poort-a-600x424.jpg 600w, https:\/\/bisbalpenedes.com\/web\/wp-content\/uploads\/2018\/06\/cartell-casal-18-poort-a-768x543.jpg 768w, https:\/\/bisbalpenedes.com\/web\/wp-content\/uploads\/2018\/06\/cartell-casal-18-poort-a-1024x724.jpg 1024w, https:\/\/bisbalpenedes.com\/web\/wp-content\/uploads\/2018\/06\/cartell-casal-18-poort-a.jpg 1169w\" sizes=\"(max-width: 300px) 100vw, 300px\" \/><\/a>\n\t\t\t<\/div><\/figure><figure class='gallery-item'>\n\t\t\t<div class='gallery-icon landscape'>\n\t\t\t\t<a href='https:\/\/bisbalpenedes.com\/web\/2018\/06\/14\/aquest-divendres-15-de-juny-finalitza-el-periode-dinscripcions-per-al-casal-destiu\/cartell-casal-18-int-a\/'><img width=\"300\" height=\"212\" src=\"https:\/\/bisbalpenedes.com\/web\/wp-content\/uploads\/2018\/06\/cartell-casal-18-int-a-300x212.jpg\" class=\"attachment-medium size-medium\" alt=\"\" loading=\"lazy\" srcset=\"https:\/\/bisbalpenedes.com\/web\/wp-content\/uploads\/2018\/06\/cartell-casal-18-int-a-300x212.jpg 300w, https:\/\/bisbalpenedes.com\/web\/wp-content\/uploads\/2018\/06\/cartell-casal-18-int-a-600x424.jpg 600w, https:\/\/bisbalpenedes.com\/web\/wp-content\/uploads\/2018\/06\/cartell-casal-18-int-a-768x543.jpg 768w, https:\/\/bisbalpenedes.com\/web\/wp-content\/uploads\/2018\/06\/cartell-casal-18-int-a-1024x724.jpg 1024w, https:\/\/bisbalpenedes.com\/web\/wp-content\/uploads\/2018\/06\/cartell-casal-18-int-a.jpg 1169w\" sizes=\"(max-width: 300px) 100vw, 300px\" \/><\/a>\n\t\t\t<\/div><\/figure>\n\t\t<\/div>\n\n<p style=\"text-align: justify;\"><span style=\"color: #000000;\">La Regidoria de Lleure informa que el servei de Casal d\u2019Estiu s\u2019adre\u00e7a a majors de 3 anys i enguany comen\u00e7ar\u00e0 el dilluns 25 de juny i estar\u00e0 en funcionament fins al divendres 7 de setembre. L\u2019horari ser\u00e0 de 8 a 13.30h (de 8 a 9h l\u2019arribada dels nens pot ser progressiva). El fil conductor seran els detectius i s\u2019oferiran diverses activitats, gimcanes, sortides i tallers en relaci\u00f3 amb aquesta tem\u00e0tica. El preu per als participants ser\u00e0 de 35\u20ac la setmana o 60\u20ac la quinzena (sempre que es facin dues setmanes seguides, no separades) i\u00a0<b>les inscripcions es poden fer a les oficines municipals fins al 15 de juny de 2018.\u00a0<\/b><\/span><\/p>\n<p style=\"text-align: justify;\"><span style=\"color: #000000;\">La Regidoria de Serveis Socials informa que els alumnes de P3 a 6\u00e8 de prim\u00e0ria contemplats als Serveis Socials municipals tindran dret al Casal d&#8217;Estiu Solidari, garantint d&#8217;aquesta manera la igualtat d&#8217;oportunitats des de la infantesa.\u00a0<\/span><\/p>\n<p style=\"text-align: justify;\"><span style=\"color: #000000;\"><strong>&#8212;<\/strong><\/span><\/p>\n<p style=\"text-align: justify;\"><span style=\"color: #000000;\"><strong>CASTELLANO<\/strong>\u00a0| La Regidoria de Lleure informa que el servicio de Casal d\u2019Estiu est\u00e1 dirigido a mayores de 3 a\u00f1os y este a\u00f1o empezar\u00e1 el lunes 25 de junio y estar\u00e1 en funcionamiento hasta el viernes 7 de septiembre. El horario ser\u00e1 de 8 a 13.30h (de 8 a 9h la llegada de los ni\u00f1os puede ser progresiva). El hilo conductor ser\u00e1n los detectives y se ofrecer\u00e1n varias actividades, gincanas, salidas y talleres en relaci\u00f3n con esta tem\u00e1tica. El precio para los participantes ser\u00e1 de 35\u20ac la semana o 60\u20ac la quincena (siempre que se hagan dos semanas seguidas, no separadas) y\u00a0<b>las inscripciones se podr\u00e1n hacer en las oficinas municipales hasta el 15 de junio del 2018.\u00a0<\/b><\/span><\/p>\n<div class=\"text_exposed_show\">\n<p style=\"text-align: justify;\"><span style=\"color: #000000;\">La Regidoria de Servicios Sociales informa de que los alumnos de P3 a 6\u00ba de primaria contemplados en los Servicios Sociales municipales tendr\u00e1n derecho al Casal d&#8217;Estiu Solidario, garantizando de esta manera la igualdad de oportunidades desde la infancia.\u00a0<\/span><\/p>\n<\/div>\n","protected":false},"excerpt":{"rendered":"<p>La Regidoria de Lleure informa que el servei de Casal d\u2019Estiu s\u2019adre\u00e7a a majors de 3 anys i enguany comen\u00e7ar\u00e0 el dilluns 25 de juny i estar\u00e0 en funcionament fins &hellip; <a href=\"https:\/\/bisbalpenedes.com\/web\/2018\/06\/14\/aquest-divendres-15-de-juny-finalitza-el-periode-dinscripcions-per-al-casal-destiu\/\" class=\"more-link\">Read More<\/a><\/p>\n","protected":false},"author":4,"featured_media":6076,"comment_status":"closed","ping_status":"closed","sticky":false,"template":"","format":"standard","meta":[],"categories":[398],"tags":[230,244,1973,181,245,816,1974],"_links":{"self":[{"href":"https:\/\/bisbalpenedes.com\/web\/wp-json\/wp\/v2\/posts\/6074"}],"collection":[{"href":"https:\/\/bisbalpenedes.com\/web\/wp-json\/wp\/v2\/posts"}],"about":[{"href":"https:\/\/bisbalpenedes.com\/web\/wp-json\/wp\/v2\/types\/post"}],"author":[{"embeddable":true,"href":"https:\/\/bisbalpenedes.com\/web\/wp-json\/wp\/v2\/users\/4"}],"replies":[{"embeddable":true,"href":"https:\/\/bisbalpenedes.com\/web\/wp-json\/wp\/v2\/comments?post=6074"}],"version-history":[{"count":1,"href":"https:\/\/bisbalpenedes.com\/web\/wp-json\/wp\/v2\/posts\/6074\/revisions"}],"predecessor-version":[{"id":6077,"href":"https:\/\/bisbalpenedes.com\/web\/wp-json\/wp\/v2\/posts\/6074\/revisions\/6077"}],"wp:featuredmedia":[{"embeddable":true,"href":"https:\/\/bisbalpenedes.com\/web\/wp-json\/wp\/v2\/media\/6076"}],"wp:attachment":[{"href":"https:\/\/bisbalpenedes.com\/web\/wp-json\/wp\/v2\/media?parent=6074"}],"wp:term":[{"taxonomy":"category","embeddable":true,"href":"https:\/\/bisbalpenedes.com\/web\/wp-json\/wp\/v2\/categories?post=6074"},{"taxonomy":"post_tag","embeddable":true,"href":"https:\/\/bisbalpenedes.com\/web\/wp-json\/wp\/v2\/tags?post=6074"}],"curies":[{"name":"wp","href":"https:\/\/api.w.org\/{rel}","templated":true}]}}