{"id":6067,"date":"2018-06-13T21:27:06","date_gmt":"2018-06-13T20:27:06","guid":{"rendered":"http:\/\/bisbalpenedes.com\/web\/?p=6067"},"modified":"2018-06-13T21:27:06","modified_gmt":"2018-06-13T20:27:06","slug":"el-proper-dilluns-18-de-juny-a-les-19h-se-celebrara-el-ple-ordinari-de-lajuntament-de-la-bisbal-del-penedes","status":"publish","type":"post","link":"https:\/\/bisbalpenedes.com\/web\/2018\/06\/13\/el-proper-dilluns-18-de-juny-a-les-19h-se-celebrara-el-ple-ordinari-de-lajuntament-de-la-bisbal-del-penedes\/","title":{"rendered":"El proper dilluns 18 de juny a les 19h se celebrar\u00e0 el Ple Ordinari de l&#8217;Ajuntament de la Bisbal del Pened\u00e8s"},"content":{"rendered":"<p>El proper dilluns 18 de juny a les 19h se celebrar\u00e0 el Ple Ordinari de l&#8217;Ajuntament de la Bisbal del Pened\u00e8s.<\/p>\n<p><strong>ORDRE DEL DIA<\/strong><\/p>\n<ol>\n<li>Aprovaci\u00f3 de l&#8217;acta de l&#8217;anterior sessi\u00f3 ordin\u00e0ria del 19\/03\/2018<\/li>\n<li>Aprovaci\u00f3 de l&#8217;acta de l&#8217;anterior sessi\u00f3 extraordin\u00e0ria del 10\/05\/2018<\/li>\n<li>Aprovaci\u00f3 de l&#8217;acta de l&#8217;anterior sessi\u00f3 extraordin\u00e0ria del 04\/06\/2018<\/li>\n<li>Aprovaci\u00f3 de l&#8217;ordenan\u00e7a reguladora de les bases generals per l&#8217;atorgament d&#8217;ajuts individualitzats a fam\u00edlies en situacions socioecon\u00f2miques desafavorides llar d&#8217;infants curs 2018-2019<\/li>\n<li>Aprovaci\u00f3 inicial del reglament de funcionament de la biblioteca p\u00fablica de la Bisbal del Pened\u00e8s<\/li>\n<li>Aprovaci\u00f3 de la modificaci\u00f3 de l&#8217;Ordenan\u00e7a fiscal reguladora de la taxa per prestaci\u00f3 de serveis culturals<\/li>\n<li>Modificaci\u00f3 de l&#8217;Ordenan\u00e7a fiscal reguladora de la taxa per prestaci\u00f3 de servei de l&#8217;Escola Bressol<\/li>\n<li>Aprovaci\u00f3 inicial de l&#8217;expedient de modificaci\u00f3 de cr\u00e8dits<\/li>\n<li>Aprovaci\u00f3 instrucci\u00f3 de la fiscalitzaci\u00f3 limitada pr\u00e8via de la despesa subjectes a funci\u00f3 interventora<\/li>\n<li>Aprovaci\u00f3 rectificaci\u00f3 error material aprovaci\u00f3 inicial modificaci\u00f3 de cr\u00e8dit del finan\u00e7ament d&#8217;inversions financerament sostenibles<\/li>\n<li>Donar compte dels decrets d&#8217;Alcaldia<\/li>\n<li>Precs i preguntes<\/li>\n<\/ol>\n<p>Us recordem que segons el\u00a0<a href=\"http:\/\/bisbalpenedes.com\/web\/2017\/06\/22\/el-ple-ordinari-del-passat-19-de-juny-va-aprovar-el-primer-rom-de-lajuntament-de-la-bisbal-del-penedes\/\" target=\"_blank\">ROM<\/a>\u00a0aprovat al Ple de l\u2019Ajuntament de la Bisbal el passat 19 de juny de 2017, la ciutadania pot participar en els Plens Ordinaris. Tot seguit us detallem el funcionament d\u2019aquest sup\u00f2sit:<\/p>\n<p>Totes les persones tenen dret a intervenir en les sessions ordin\u00e0ries del Ple en el punt de l\u2019ordre del dia de \u2018Precs i preguntes\u2019, d\u2019acord amb les prescripcions seg\u00fcents:<\/p>\n<ul>\n<li>El prec o pregunta s\u2019haur\u00e0 de sol\u00b7licitar a l\u2019Alcaldia:\n<ul>\n<li>per escrit i entrar-lo\/a al Registre General com a m\u00e0xim 24 hores abans del Ple Ordinari<\/li>\n<li>Per Twitter a @BisbalPenedes com a m\u00e0xim 24h abans del Ple Ordinari, complint el protocol d\u2019\u00fas de les xarxes socials i emprant l\u2019etiqueta #PleBisbalPened\u00e8s, seguit del prec o pregunta<\/li>\n<\/ul>\n<\/li>\n<li>L\u2019assumpte objecte del prec o pregunta haur\u00e0 de ser de compet\u00e8ncia municipal sobre l\u2019acci\u00f3 de govern o estar directament relacionat amb els punts inclosos a l\u2019ordre del dia<\/li>\n<li>Cada ciutad\u00e0\/ana\u00a0 pot formular un\u00a0 prec i una pregunta en un mateix Ple. La longitud m\u00e0xima de cada piulada \u00e9s de 140 car\u00e0cters i no es pot continuar la pregunta en un segon \u2018tweet\u2019.<\/li>\n<li>L\u2019alcaldia podr\u00e0 no respondre si \u00e9s un assumpte sobre el qual l\u2019Ajuntament no t\u00e9 compet\u00e8ncies o si ja s\u2019ha presentat la mateixa pregunta en una altra sessi\u00f3 plen\u00e0ria en els \u00faltims 6 mesos.<\/li>\n<li>L\u2019alcaldia comunicar\u00e0, acabat el termini m\u00e0xim de presentaci\u00f3 de preguntes, a qui vagin dirigides les preguntes o peticions sol\u00b7licitades perqu\u00e8 les pugui respondre<\/li>\n<li>L\u2019Alcaldia llegir\u00e0 la pregunta en veu alta<\/li>\n<li>L\u2019alcaldia o a qui va adre\u00e7ada la pregunta, la respondr\u00e0 en la mateixa sessi\u00f3 del Ple<\/li>\n<li>El p\u00fablic assistent a les sessions no podr\u00e0 efectuar manifestacions de grat o desgrat. Tampoc es podran proferir comentaris que afectin el normal desenvolupament de la sessi\u00f3.<\/li>\n<\/ul>\n<hr \/>\n<p>El pr\u00f3ximo lunes 18 de junio a las 19h se celebrar\u00e1 el Pleno Ordinario del Ayuntamiento de la Bisbal del Pened\u00e8s<\/p>\n<p><strong>ORDEN DEL D\u00cdA<\/strong><\/p>\n<ol>\n<li>Aprobaci\u00f3n del acta de la anterior sesi\u00f3n ordinaria del 19\/03\/2018<\/li>\n<li>Aprobaci\u00f3n del acta de la anterior sesi\u00f3n extraordinaria del 10\/05\/2018<\/li>\n<li>Aprobaci\u00f3n del acta de la anterior sesi\u00f3n extraordinaria del 04\/06\/2018<\/li>\n<li>Aprobaci\u00f3n de la ordenanza reguladora de las bases generales para el otorgamiento de ayudas individualizadas a familias en situaciones socioecon\u00f3micas desfavorecidas llar d&#8217;infants curso 2018-2019<\/li>\n<li>Aprobaci\u00f3n inicial del reglamento de funcionamiento de la biblioteca p\u00fablica de la Bisbal del Pened\u00e8s<\/li>\n<li>Aprobaci\u00f3n de la modificaci\u00f3n de la Ordenanza fiscal reguladora de la tasa para la prestaci\u00f3n de servicios culturales<\/li>\n<li>Modificaci\u00f3n de la ordenanza fiscal reguladora de la tasa para la prestaci\u00f3n del servicio de Escola Bressol<\/li>\n<li>Aprobaci\u00f3n inicial del expediente de modificaci\u00f3n de cr\u00e9ditos<\/li>\n<li>Aprobaci\u00f3n de la instrucci\u00f3n de la fiscalizaci\u00f3n limitada previa de los gastos sujetos a funci\u00f3n interventora<\/li>\n<li>Aprobaci\u00f3n rectificaci\u00f3n error material aprobaci\u00f3n inicial modificaci\u00f3n de cr\u00e9dito del financiamiento de inversiones financieramente sostenibles<\/li>\n<li>Dar cuenta de los decretos de Alcald\u00eda<\/li>\n<li>Ruegos y preguntas<\/li>\n<\/ol>\n<p>Os recordamos que seg\u00fan el <a href=\"http:\/\/bisbalpenedes.com\/web\/2017\/06\/22\/el-ple-ordinari-del-passat-19-de-juny-va-aprovar-el-primer-rom-de-lajuntament-de-la-bisbal-del-penedes\/\" target=\"_blank\">ROM<\/a>\u00a0aprobado en el Pleno del Ayuntamiento de la Bisbal del Pened\u00e8s el pasado 19 de junio del 2017, la ciudadan\u00eda puede participar en los Plenos Ordinarios. A continuaci\u00f3n os detallamos el funcionamiento de este supuesto:<\/p>\n<p>Todas las personas tienen derecho a intervenir en las sesiones ordinarias del Pleno en el punto de la orden del d\u00eda de &#8216;Ruegos y preguntas&#8217;, de acuerdo con las prescripciones siguientes:<\/p>\n<ul>\n<li>El ruego o pregunta deber\u00e1 solicitarse a Alcald\u00eda:\n<ul>\n<li>Por escrito y entrarlo\/la por escrito como m\u00e1ximo 24 horas antes del Pleno Ordinario<\/li>\n<li>Por Twitter en @BisbalPenedes como m\u00e1ximo 24h antes del Pleno Ordinario, cumpliendo el protocolo de uso de las redes sociales con el formato #PleBisbalPened\u00e8s, seguido del ruego o pregunta.<\/li>\n<\/ul>\n<\/li>\n<li>El asunto objeto del ruego o pregunta deber\u00e1 ser de competencia municipal sobre la acci\u00f3n de gobierno o estar directamente relacionado con los puntos incluidos en el orden del d\u00eda<\/li>\n<li>Cada ciudadano\/na puede formular un ruego y una pregunta en un mismo Pleno. La longitud m\u00e1xima de cada tweet es de 140 caracteres y no se puede continuar la pregunta con un segundo &#8216;tweet.<\/li>\n<li>Alcald\u00eda podr\u00e1 no responder si es un asunto sobre el cual el Ayuntamiento no tiene competencias o si ya se ha presentado la misma pregunta en otra sesi\u00f3n plenaria de los \u00faltimos 6 meses.<\/li>\n<li>Alcald\u00eda comunicar\u00e1, terminado el plazo m\u00e1ximo de presentaci\u00f3n de preguntas, a quien vayan dirigidas las preguntas o peticiones solicitadas para que las pueda responder<\/li>\n<li>Alcald\u00eda leer\u00e1 la pregunta en voz alta<\/li>\n<li>Alcald\u00eda o a quien vaya dirigida la pregunta, la responder\u00e1 en la misma sesi\u00f3n del Pleno<\/li>\n<li>El p\u00fablico asistente a las sesiones no podr\u00e1 efectuar manifestaciones de agrado o desagrado. Tampoco se podr\u00e1n proferir comentarios que afecten el normal desarrollo de la sesi\u00f3n.<\/li>\n<\/ul>\n","protected":false},"excerpt":{"rendered":"<p>El proper dilluns 18 de juny a les 19h se celebrar\u00e0 el Ple Ordinari de l&#8217;Ajuntament de la Bisbal del Pened\u00e8s. ORDRE DEL DIA Aprovaci\u00f3 de l&#8217;acta de l&#8217;anterior sessi\u00f3 &hellip; <a href=\"https:\/\/bisbalpenedes.com\/web\/2018\/06\/13\/el-proper-dilluns-18-de-juny-a-les-19h-se-celebrara-el-ple-ordinari-de-lajuntament-de-la-bisbal-del-penedes\/\" class=\"more-link\">Read More<\/a><\/p>\n","protected":false},"author":4,"featured_media":5726,"comment_status":"closed","ping_status":"closed","sticky":false,"template":"","format":"standard","meta":[],"categories":[4],"tags":[562,561,139,1967],"_links":{"self":[{"href":"https:\/\/bisbalpenedes.com\/web\/wp-json\/wp\/v2\/posts\/6067"}],"collection":[{"href":"https:\/\/bisbalpenedes.com\/web\/wp-json\/wp\/v2\/posts"}],"about":[{"href":"https:\/\/bisbalpenedes.com\/web\/wp-json\/wp\/v2\/types\/post"}],"author":[{"embeddable":true,"href":"https:\/\/bisbalpenedes.com\/web\/wp-json\/wp\/v2\/users\/4"}],"replies":[{"embeddable":true,"href":"https:\/\/bisbalpenedes.com\/web\/wp-json\/wp\/v2\/comments?post=6067"}],"version-history":[{"count":1,"href":"https:\/\/bisbalpenedes.com\/web\/wp-json\/wp\/v2\/posts\/6067\/revisions"}],"predecessor-version":[{"id":6068,"href":"https:\/\/bisbalpenedes.com\/web\/wp-json\/wp\/v2\/posts\/6067\/revisions\/6068"}],"wp:featuredmedia":[{"embeddable":true,"href":"https:\/\/bisbalpenedes.com\/web\/wp-json\/wp\/v2\/media\/5726"}],"wp:attachment":[{"href":"https:\/\/bisbalpenedes.com\/web\/wp-json\/wp\/v2\/media?parent=6067"}],"wp:term":[{"taxonomy":"category","embeddable":true,"href":"https:\/\/bisbalpenedes.com\/web\/wp-json\/wp\/v2\/categories?post=6067"},{"taxonomy":"post_tag","embeddable":true,"href":"https:\/\/bisbalpenedes.com\/web\/wp-json\/wp\/v2\/tags?post=6067"}],"curies":[{"name":"wp","href":"https:\/\/api.w.org\/{rel}","templated":true}]}}