{"id":6036,"date":"2018-06-13T15:07:34","date_gmt":"2018-06-13T14:07:34","guid":{"rendered":"http:\/\/bisbalpenedes.com\/web\/?p=6036"},"modified":"2018-06-13T15:07:40","modified_gmt":"2018-06-13T14:07:40","slug":"lescola-municipal-didiomes-celebra-el-seu-festival-de-fi-de-curs-el-dijous-21-de-juny","status":"publish","type":"post","link":"https:\/\/bisbalpenedes.com\/web\/2018\/06\/13\/lescola-municipal-didiomes-celebra-el-seu-festival-de-fi-de-curs-el-dijous-21-de-juny\/","title":{"rendered":"L&#8217;Escola Municipal d&#8217;Idiomes celebra el seu festival de fi de curs el dijous 21 de juny"},"content":{"rendered":"<p><a href=\"http:\/\/bisbalpenedes.com\/web\/wp-content\/uploads\/2018\/06\/graduacioescola_idiomes_cartell_GRANS.jpg\"><img loading=\"lazy\" class=\"aligncenter size-medium wp-image-6037\" src=\"http:\/\/bisbalpenedes.com\/web\/wp-content\/uploads\/2018\/06\/graduacioescola_idiomes_cartell_GRANS-222x300.jpg\" alt=\"graduacioescola_idiomes_cartell_GRANS\" width=\"222\" height=\"300\" srcset=\"https:\/\/bisbalpenedes.com\/web\/wp-content\/uploads\/2018\/06\/graduacioescola_idiomes_cartell_GRANS-222x300.jpg 222w, https:\/\/bisbalpenedes.com\/web\/wp-content\/uploads\/2018\/06\/graduacioescola_idiomes_cartell_GRANS-600x812.jpg 600w, https:\/\/bisbalpenedes.com\/web\/wp-content\/uploads\/2018\/06\/graduacioescola_idiomes_cartell_GRANS-768x1040.jpg 768w, https:\/\/bisbalpenedes.com\/web\/wp-content\/uploads\/2018\/06\/graduacioescola_idiomes_cartell_GRANS-756x1024.jpg 756w, https:\/\/bisbalpenedes.com\/web\/wp-content\/uploads\/2018\/06\/graduacioescola_idiomes_cartell_GRANS.jpg 814w\" sizes=\"(max-width: 222px) 100vw, 222px\" \/><\/a><\/p>\n<p><span style=\"color: #000000;\">L&#8217;Escola Municipal d&#8217;idiomes celebra la seva festa de fi de curs el dijous 21 de juny a l&#8217;Escola Ull de Vent.<\/span><\/p>\n<p><span style=\"color: #000000;\">A partir de les 18.30h es far\u00e0 la festa amb els alumnes de P2 de la Llar d&#8217;Infants Municipal<\/span><\/p>\n<p><span style=\"color: #000000;\">A partir de les 19.00h tindr\u00e0 lloc la festa amb els grups d&#8217;Angl\u00e8s i Alemany Junior, els <em>teens<\/em> (adolescents) i els adults. Hi haur\u00e0 actuacions, berenar i lliurament de diplomes.<a style=\"color: #000000;\" href=\"http:\/\/bisbalpenedes.com\/web\/wp-content\/uploads\/2018\/06\/graduacioescola_idiomes_cartell_GRANS.jpg\"><br \/>\n<\/a><\/span><\/p>\n<hr \/>\n<p><span style=\"color: #000000;\"><strong>CASTELLANO<\/strong> | La Escuela Municipal de Idiomas celebra su fiesta de fin de curso el jueves 21 de junio en la Escola Ull de Vent.<\/span><\/p>\n<p><span style=\"color: #000000;\">A partir de las 18.30h se har\u00e1 la fiesta con los alumnos de P2 de la Llar d&#8217;Infants Municipal.<\/span><\/p>\n<p><span style=\"color: #000000;\">A partir de las 19.00h tendr\u00e1 lugar la fiesta con los grupos de Ingl\u00e9s y Alem\u00e1n Junior, los <em>teens<\/em> (adolescentes) y los adultos. Habr\u00e1 actuaciones, merienda y\u00a0entrega de diplomas.<\/span><\/p>\n","protected":false},"excerpt":{"rendered":"<p>L&#8217;Escola Municipal d&#8217;idiomes celebra la seva festa de fi de curs el dijous 21 de juny a l&#8217;Escola Ull de Vent. A partir de les 18.30h es far\u00e0 la festa &hellip; <a href=\"https:\/\/bisbalpenedes.com\/web\/2018\/06\/13\/lescola-municipal-didiomes-celebra-el-seu-festival-de-fi-de-curs-el-dijous-21-de-juny\/\" class=\"more-link\">Read More<\/a><\/p>\n","protected":false},"author":4,"featured_media":6037,"comment_status":"closed","ping_status":"closed","sticky":false,"template":"","format":"standard","meta":[],"categories":[16],"tags":[1745,1964,835,834,955,608,274,1596,607,1963],"_links":{"self":[{"href":"https:\/\/bisbalpenedes.com\/web\/wp-json\/wp\/v2\/posts\/6036"}],"collection":[{"href":"https:\/\/bisbalpenedes.com\/web\/wp-json\/wp\/v2\/posts"}],"about":[{"href":"https:\/\/bisbalpenedes.com\/web\/wp-json\/wp\/v2\/types\/post"}],"author":[{"embeddable":true,"href":"https:\/\/bisbalpenedes.com\/web\/wp-json\/wp\/v2\/users\/4"}],"replies":[{"embeddable":true,"href":"https:\/\/bisbalpenedes.com\/web\/wp-json\/wp\/v2\/comments?post=6036"}],"version-history":[{"count":1,"href":"https:\/\/bisbalpenedes.com\/web\/wp-json\/wp\/v2\/posts\/6036\/revisions"}],"predecessor-version":[{"id":6038,"href":"https:\/\/bisbalpenedes.com\/web\/wp-json\/wp\/v2\/posts\/6036\/revisions\/6038"}],"wp:featuredmedia":[{"embeddable":true,"href":"https:\/\/bisbalpenedes.com\/web\/wp-json\/wp\/v2\/media\/6037"}],"wp:attachment":[{"href":"https:\/\/bisbalpenedes.com\/web\/wp-json\/wp\/v2\/media?parent=6036"}],"wp:term":[{"taxonomy":"category","embeddable":true,"href":"https:\/\/bisbalpenedes.com\/web\/wp-json\/wp\/v2\/categories?post=6036"},{"taxonomy":"post_tag","embeddable":true,"href":"https:\/\/bisbalpenedes.com\/web\/wp-json\/wp\/v2\/tags?post=6036"}],"curies":[{"name":"wp","href":"https:\/\/api.w.org\/{rel}","templated":true}]}}