{"id":6028,"date":"2018-06-13T13:33:10","date_gmt":"2018-06-13T12:33:10","guid":{"rendered":"http:\/\/bisbalpenedes.com\/web\/?p=6028"},"modified":"2018-06-13T13:41:34","modified_gmt":"2018-06-13T12:41:34","slug":"oriol-rodriguez-josep-martinez-i-gloria-ruiz-han-assolit-grans-fites-esportives-en-les-darreres-setmanes","status":"publish","type":"post","link":"https:\/\/bisbalpenedes.com\/web\/2018\/06\/13\/oriol-rodriguez-josep-martinez-i-gloria-ruiz-han-assolit-grans-fites-esportives-en-les-darreres-setmanes\/","title":{"rendered":"Oriol Rodr\u00edguez, Josep Mart\u00ednez i Gloria Ruiz han assolit grans fites esportives en les darreres setmanes"},"content":{"rendered":"<p style=\"text-align: justify;\"><span style=\"color: #000000;\">Des de l\u2019Ajuntament de la Bisbal del Pened\u00e8s us volem informar de les fites assolides en les darreres setmanes per esportistes bisbalencs.<\/span><\/p>\n<p style=\"text-align: justify;\"><span style=\"color: #000000;\"><strong>MOTO 4<\/strong><\/span><\/p>\n<p style=\"text-align: justify;\"><span style=\"color: #000000;\">El pilot bisbalenc Oriol Rodr\u00edguez, membre del Toni Elias Moto 4, va aconseguir la vict\u00f2ria absoluta i la de Moto 4 al Campionat d\u2019Espanya Cetelem de Velocitat que es va celebrar al Circuit de Barcelona-Catalunya (Montmel\u00f3). Rodr\u00edguez \u00e9s un dels esportistes patrocinats per l\u2019Ajuntament de la Bisbal i porta l\u2019escut de la vila a la seva moto.<\/span><\/p>\n<p style=\"text-align: justify;\"><span style=\"color: #000000;\"><a style=\"color: #000000;\" href=\"http:\/\/bisbalpenedes.com\/web\/wp-content\/uploads\/2018\/06\/ORIOL-RODRIGUEZ-3.jpg\"><img loading=\"lazy\" class=\"aligncenter size-medium wp-image-6029\" src=\"http:\/\/bisbalpenedes.com\/web\/wp-content\/uploads\/2018\/06\/ORIOL-RODRIGUEZ-3-300x200.jpg\" alt=\"ORIOL RODRIGUEZ 3\" width=\"300\" height=\"200\" srcset=\"https:\/\/bisbalpenedes.com\/web\/wp-content\/uploads\/2018\/06\/ORIOL-RODRIGUEZ-3-300x200.jpg 300w, https:\/\/bisbalpenedes.com\/web\/wp-content\/uploads\/2018\/06\/ORIOL-RODRIGUEZ-3-600x399.jpg 600w, https:\/\/bisbalpenedes.com\/web\/wp-content\/uploads\/2018\/06\/ORIOL-RODRIGUEZ-3-768x511.jpg 768w, https:\/\/bisbalpenedes.com\/web\/wp-content\/uploads\/2018\/06\/ORIOL-RODRIGUEZ-3-1024x681.jpg 1024w\" sizes=\"(max-width: 300px) 100vw, 300px\" \/><\/a><\/span><\/p>\n<p style=\"text-align: justify;\"><span style=\"color: #000000;\"><strong>TENNIS TAULA<\/strong><\/span><\/p>\n<p style=\"text-align: justify;\"><span style=\"color: #000000;\">El bisbalenc Josep Mart\u00ednez, membre del Club Tennis Taula Vilafranca, es va proclamar campi\u00f3 estatal en la categoria de veterans en la competici\u00f3 disputada a Altea (Alacant) durant el pont del primer de maig i tamb\u00e9 es va proclamar campi\u00f3 en el Torneig Internacional de Tennis Taula celebrat a Salou del 18 al 21 de maig.<\/span><\/p>\n<p style=\"text-align: justify;\"><span style=\"color: #000000;\"><a style=\"color: #000000;\" href=\"http:\/\/bisbalpenedes.com\/web\/wp-content\/uploads\/2018\/06\/tennis-taula-1.jpg\"><img loading=\"lazy\" class=\"aligncenter size-medium wp-image-6030\" src=\"http:\/\/bisbalpenedes.com\/web\/wp-content\/uploads\/2018\/06\/tennis-taula-1-300x224.jpg\" alt=\"tennis taula 1\" width=\"300\" height=\"224\" srcset=\"https:\/\/bisbalpenedes.com\/web\/wp-content\/uploads\/2018\/06\/tennis-taula-1-300x224.jpg 300w, https:\/\/bisbalpenedes.com\/web\/wp-content\/uploads\/2018\/06\/tennis-taula-1-600x449.jpg 600w, https:\/\/bisbalpenedes.com\/web\/wp-content\/uploads\/2018\/06\/tennis-taula-1.jpg 663w\" sizes=\"(max-width: 300px) 100vw, 300px\" \/><\/a><\/span><\/p>\n<p style=\"text-align: justify;\"><span style=\"color: #000000;\"><strong>TAEKWONDO<\/strong><\/span><\/p>\n<p style=\"text-align: justify;\"><span style=\"color: #000000;\">La taekwondista bisbalenca Gloria Ruiz ha aconseguit la medalla de bronze al Campionat d\u2019Espanya sub 21 aquest mes de maig.<\/span><\/p>\n<p style=\"text-align: justify;\"><span style=\"color: #000000;\"><a style=\"color: #000000;\" href=\"http:\/\/bisbalpenedes.com\/web\/wp-content\/uploads\/2018\/06\/GLORIA-RUIZ.jpg\"><img loading=\"lazy\" class=\"aligncenter size-medium wp-image-6031\" src=\"http:\/\/bisbalpenedes.com\/web\/wp-content\/uploads\/2018\/06\/GLORIA-RUIZ-300x222.jpg\" alt=\"GLORIA RUIZ\" width=\"300\" height=\"222\" srcset=\"https:\/\/bisbalpenedes.com\/web\/wp-content\/uploads\/2018\/06\/GLORIA-RUIZ-300x222.jpg 300w, https:\/\/bisbalpenedes.com\/web\/wp-content\/uploads\/2018\/06\/GLORIA-RUIZ-600x445.jpg 600w, https:\/\/bisbalpenedes.com\/web\/wp-content\/uploads\/2018\/06\/GLORIA-RUIZ-768x569.jpg 768w, https:\/\/bisbalpenedes.com\/web\/wp-content\/uploads\/2018\/06\/GLORIA-RUIZ-1024x759.jpg 1024w, https:\/\/bisbalpenedes.com\/web\/wp-content\/uploads\/2018\/06\/GLORIA-RUIZ.jpg 1435w\" sizes=\"(max-width: 300px) 100vw, 300px\" \/><\/a><\/span><\/p>\n<p style=\"text-align: justify;\"><span style=\"color: #000000;\">L\u2019equip de govern de l\u2019Ajuntament de la Bisbal vol traslladar les seves felicitacions als esportistes. La Regidora d\u2019Esports, Leo Uceda, pensa que \u201c\u00e9s un orgull per a nosaltres, com a poble, comptar amb ve\u00efns que demostren que, amb esfor\u00e7 i esperit de superaci\u00f3, es poden aconseguir els objectius\u201d.<\/span><\/p>\n<p style=\"text-align: justify;\"><span style=\"color: #000000;\">Recordem que l\u2019Ajuntament de la Bisbal s\u2019ofereix a patrocinar bisbalencs que realitzin activitats esportives o culturals en \u00e0mbits supramunicipals nacionals o internacionals. Per a m\u00e9s informaci\u00f3, cal que us adreceu a les oficines municipals.<\/span><\/p>\n<hr \/>\n<p style=\"text-align: justify;\"><span style=\"color: #000000;\"><strong>CASTELLANO<\/strong> | Desde el Ayuntamiento de la Bisbal del Pened\u00e8s os informamos de los logros alcanzados en las \u00faltimas semanas por deportistas bisbalencs.<\/span><\/p>\n<p style=\"text-align: justify;\"><span style=\"color: #000000;\"><strong>MOTO 4<\/strong><\/span><\/p>\n<p style=\"text-align: justify;\"><span style=\"color: #000000;\">El piloto bisbalenc Oriol Rodr\u00edguez, miembro del Toni Elias Moto 4, consigui\u00f3 la victoria absoluta y la de Moto 4 en el Campeonato de Espa\u00f1a Cetelem de Velocidad que se celebr\u00f3 en el Circuito de Barcelona-Catalunya (Montmel\u00f3). Rodr\u00edguez es uno de los deportistas patrocinados por el Ayuntamiento de la Bisbal y lleva el escudo del municipio en su moto.<\/span><\/p>\n<p style=\"text-align: justify;\"><span style=\"color: #000000;\"><a style=\"color: #000000;\" href=\"http:\/\/bisbalpenedes.com\/web\/wp-content\/uploads\/2018\/06\/ORIOL-RODRIGUEZ-3.jpg\"><img loading=\"lazy\" class=\"aligncenter size-medium wp-image-6029\" src=\"http:\/\/bisbalpenedes.com\/web\/wp-content\/uploads\/2018\/06\/ORIOL-RODRIGUEZ-3-300x200.jpg\" alt=\"ORIOL RODRIGUEZ 3\" width=\"300\" height=\"200\" srcset=\"https:\/\/bisbalpenedes.com\/web\/wp-content\/uploads\/2018\/06\/ORIOL-RODRIGUEZ-3-300x200.jpg 300w, https:\/\/bisbalpenedes.com\/web\/wp-content\/uploads\/2018\/06\/ORIOL-RODRIGUEZ-3-600x399.jpg 600w, https:\/\/bisbalpenedes.com\/web\/wp-content\/uploads\/2018\/06\/ORIOL-RODRIGUEZ-3-768x511.jpg 768w, https:\/\/bisbalpenedes.com\/web\/wp-content\/uploads\/2018\/06\/ORIOL-RODRIGUEZ-3-1024x681.jpg 1024w\" sizes=\"(max-width: 300px) 100vw, 300px\" \/><\/a><\/span><\/p>\n<p style=\"text-align: justify;\"><span style=\"color: #000000;\"><strong>TENNIS TAULA<\/strong><\/span><\/p>\n<p style=\"text-align: justify;\"><span style=\"color: #000000;\">El bisbalenc Josep Mart\u00ednez, miembro del Club Tennis Taula Vilafranca, se proclam\u00f3 campe\u00f3n estatal en la categor\u00eda de veteranos en la competici\u00f3n disputada en Altea (Alicante) durante el puente del primero de mayo y tambi\u00e9n se proclam\u00f3 campe\u00f3n en el Torneig Internacional de Tennis Taula celebrado en Salou del 18 al 21 de mayo.<\/span><\/p>\n<p style=\"text-align: justify;\"><span style=\"color: #000000;\"><a style=\"color: #000000;\" href=\"http:\/\/bisbalpenedes.com\/web\/wp-content\/uploads\/2018\/06\/tennis-taula-1.jpg\"><img loading=\"lazy\" class=\"aligncenter size-medium wp-image-6030\" src=\"http:\/\/bisbalpenedes.com\/web\/wp-content\/uploads\/2018\/06\/tennis-taula-1-300x224.jpg\" alt=\"tennis taula 1\" width=\"300\" height=\"224\" srcset=\"https:\/\/bisbalpenedes.com\/web\/wp-content\/uploads\/2018\/06\/tennis-taula-1-300x224.jpg 300w, https:\/\/bisbalpenedes.com\/web\/wp-content\/uploads\/2018\/06\/tennis-taula-1-600x449.jpg 600w, https:\/\/bisbalpenedes.com\/web\/wp-content\/uploads\/2018\/06\/tennis-taula-1.jpg 663w\" sizes=\"(max-width: 300px) 100vw, 300px\" \/><\/a><\/span><\/p>\n<p style=\"text-align: justify;\"><span style=\"color: #000000;\"><strong>TAEKWONDO<\/strong><\/span><\/p>\n<p style=\"text-align: justify;\"><span style=\"color: #000000;\">La taekwondista bisbalenca Gloria Ruiz ha conseguido la medalla de bronce en el Campeonato de Espa\u00f1a sub 21 este mes de mayo.<\/span><\/p>\n<p style=\"text-align: justify;\"><span style=\"color: #000000;\"><a style=\"color: #000000;\" href=\"http:\/\/bisbalpenedes.com\/web\/wp-content\/uploads\/2018\/06\/GLORIA-RUIZ.jpg\"><img loading=\"lazy\" class=\"aligncenter size-medium wp-image-6031\" src=\"http:\/\/bisbalpenedes.com\/web\/wp-content\/uploads\/2018\/06\/GLORIA-RUIZ-300x222.jpg\" alt=\"GLORIA RUIZ\" width=\"300\" height=\"222\" srcset=\"https:\/\/bisbalpenedes.com\/web\/wp-content\/uploads\/2018\/06\/GLORIA-RUIZ-300x222.jpg 300w, https:\/\/bisbalpenedes.com\/web\/wp-content\/uploads\/2018\/06\/GLORIA-RUIZ-600x445.jpg 600w, https:\/\/bisbalpenedes.com\/web\/wp-content\/uploads\/2018\/06\/GLORIA-RUIZ-768x569.jpg 768w, https:\/\/bisbalpenedes.com\/web\/wp-content\/uploads\/2018\/06\/GLORIA-RUIZ-1024x759.jpg 1024w, https:\/\/bisbalpenedes.com\/web\/wp-content\/uploads\/2018\/06\/GLORIA-RUIZ.jpg 1435w\" sizes=\"(max-width: 300px) 100vw, 300px\" \/><\/a><\/span><\/p>\n<p style=\"text-align: justify;\"><span style=\"color: #000000;\">El equipo de gobierno del Ayuntamiento de la Bisbal quiere trasladar sus felicitaciones a los deportistas. La Regidora de Deportes, Leo Uceda, piensa que &#8220;es un orgullo para nosotros, como pueblo, contar con vecinos que demuestran que, con esfuerzo y esp\u00edritu de superaci\u00f3n, se pueden conseguir los objetivos&#8221;.<\/span><\/p>\n<p style=\"text-align: justify;\"><span style=\"color: #000000;\">Recordamos que el Ayuntamiento de la Bisbal se ofrece a patrocinar bisbalencs que realicen actividades deportivas o culturales en \u00e1mbitos supramunicipales nacionales o internacionales. Para m\u00e1s informaci\u00f3n, dirig\u00edos a las oficinas municipales.<\/span><\/p>\n<p>&nbsp;<\/p>\n<p>&nbsp;<\/p>\n","protected":false},"excerpt":{"rendered":"<p>Des de l\u2019Ajuntament de la Bisbal del Pened\u00e8s us volem informar de les fites assolides en les darreres setmanes per esportistes bisbalencs. MOTO 4 El pilot bisbalenc Oriol Rodr\u00edguez, membre &hellip; <a href=\"https:\/\/bisbalpenedes.com\/web\/2018\/06\/13\/oriol-rodriguez-josep-martinez-i-gloria-ruiz-han-assolit-grans-fites-esportives-en-les-darreres-setmanes\/\" class=\"more-link\">Read More<\/a><\/p>\n","protected":false},"author":4,"featured_media":6030,"comment_status":"closed","ping_status":"closed","sticky":false,"template":"","format":"standard","meta":[],"categories":[19],"tags":[1437,1960,1958,1959,1312,740,1961,1428,1962],"_links":{"self":[{"href":"https:\/\/bisbalpenedes.com\/web\/wp-json\/wp\/v2\/posts\/6028"}],"collection":[{"href":"https:\/\/bisbalpenedes.com\/web\/wp-json\/wp\/v2\/posts"}],"about":[{"href":"https:\/\/bisbalpenedes.com\/web\/wp-json\/wp\/v2\/types\/post"}],"author":[{"embeddable":true,"href":"https:\/\/bisbalpenedes.com\/web\/wp-json\/wp\/v2\/users\/4"}],"replies":[{"embeddable":true,"href":"https:\/\/bisbalpenedes.com\/web\/wp-json\/wp\/v2\/comments?post=6028"}],"version-history":[{"count":4,"href":"https:\/\/bisbalpenedes.com\/web\/wp-json\/wp\/v2\/posts\/6028\/revisions"}],"predecessor-version":[{"id":6035,"href":"https:\/\/bisbalpenedes.com\/web\/wp-json\/wp\/v2\/posts\/6028\/revisions\/6035"}],"wp:featuredmedia":[{"embeddable":true,"href":"https:\/\/bisbalpenedes.com\/web\/wp-json\/wp\/v2\/media\/6030"}],"wp:attachment":[{"href":"https:\/\/bisbalpenedes.com\/web\/wp-json\/wp\/v2\/media?parent=6028"}],"wp:term":[{"taxonomy":"category","embeddable":true,"href":"https:\/\/bisbalpenedes.com\/web\/wp-json\/wp\/v2\/categories?post=6028"},{"taxonomy":"post_tag","embeddable":true,"href":"https:\/\/bisbalpenedes.com\/web\/wp-json\/wp\/v2\/tags?post=6028"}],"curies":[{"name":"wp","href":"https:\/\/api.w.org\/{rel}","templated":true}]}}