{"id":6006,"date":"2018-06-12T19:56:31","date_gmt":"2018-06-12T18:56:31","guid":{"rendered":"http:\/\/bisbalpenedes.com\/web\/?p=6006"},"modified":"2018-06-12T20:39:38","modified_gmt":"2018-06-12T19:39:38","slug":"aquest-cap-de-setmana-se-celebra-la-festa-del-barri-de-la-riba","status":"publish","type":"post","link":"https:\/\/bisbalpenedes.com\/web\/2018\/06\/12\/aquest-cap-de-setmana-se-celebra-la-festa-del-barri-de-la-riba\/","title":{"rendered":"Aquest cap de setmana se celebra la festa del Barri de la Riba"},"content":{"rendered":"<p><span style=\"color: #000000;\">Aquest cap de setmana se celebra la festa del Barri de la Riba. Divendres 15 de juny a les 20h tindr\u00e0 lloc un assaig dels Bous, a les 21:30h hi haur\u00e0 sardinada i, a continuaci\u00f3, Rumba Catalana amb Los Xatus.<\/span><\/p>\n<p><span style=\"color: #000000;\">Dissabte 16 a les 17.30h tindr\u00e0 lloc la sortida de les coques amb els Grallers de la Societat, a continuaci\u00f3 hi haur\u00e0 contacontes amb Eugenia Gonz\u00e1lez de la Rosa i, a les 23.30h, concert amb el grup Slalom.<\/span><\/p>\n<hr \/>\n<p><span style=\"color: #000000;\">CASTELLANO | Este fin de semana se celebra la fiesta del Barri de la Riba. El viernes 15 de junio a las 20h se har\u00e1 un ensayo de los Bous, a las 21.30h habr\u00e1 sardinada y, a continuaci\u00f3n, Rumba Catalana con Los Xatus.<\/span><\/p>\n<p><span style=\"color: #000000;\">El s\u00e1bado 16 a las 17.30h tendr\u00e1 lugar la salida de las cocas con los Grallers de la Societat, a continuaci\u00f3n habr\u00e1 cuentacuentos con Eugenia Gonz\u00e1lez de la Rosa y, a las 23.30h, concierto con el grupo Slalom.<a style=\"color: #000000;\" href=\"http:\/\/bisbalpenedes.com\/web\/wp-content\/uploads\/2018\/06\/barri-la-riba-2018-a.jpg\"><br \/>\n<\/a><\/span><\/p>\n<p><a href=\"http:\/\/bisbalpenedes.com\/web\/wp-content\/uploads\/2018\/06\/barri-la-riba-2018-a.jpg\"><img loading=\"lazy\" class=\"aligncenter size-medium wp-image-6007\" src=\"http:\/\/bisbalpenedes.com\/web\/wp-content\/uploads\/2018\/06\/barri-la-riba-2018-a-212x300.jpg\" alt=\"barri-la-riba-2018-a\" width=\"212\" height=\"300\" srcset=\"https:\/\/bisbalpenedes.com\/web\/wp-content\/uploads\/2018\/06\/barri-la-riba-2018-a-212x300.jpg 212w, https:\/\/bisbalpenedes.com\/web\/wp-content\/uploads\/2018\/06\/barri-la-riba-2018-a-600x848.jpg 600w, https:\/\/bisbalpenedes.com\/web\/wp-content\/uploads\/2018\/06\/barri-la-riba-2018-a-768x1086.jpg 768w, https:\/\/bisbalpenedes.com\/web\/wp-content\/uploads\/2018\/06\/barri-la-riba-2018-a-724x1024.jpg 724w, https:\/\/bisbalpenedes.com\/web\/wp-content\/uploads\/2018\/06\/barri-la-riba-2018-a.jpg 817w\" sizes=\"(max-width: 212px) 100vw, 212px\" \/><\/a><\/p>\n","protected":false},"excerpt":{"rendered":"<p>Aquest cap de setmana se celebra la festa del Barri de la Riba. Divendres 15 de juny a les 20h tindr\u00e0 lloc un assaig dels Bous, a les 21:30h hi &hellip; <a href=\"https:\/\/bisbalpenedes.com\/web\/2018\/06\/12\/aquest-cap-de-setmana-se-celebra-la-festa-del-barri-de-la-riba\/\" class=\"more-link\">Read More<\/a><\/p>\n","protected":false},"author":4,"featured_media":6007,"comment_status":"closed","ping_status":"closed","sticky":false,"template":"","format":"standard","meta":[],"categories":[1047],"tags":[196,378,1948,1946,1337,1904,1947],"_links":{"self":[{"href":"https:\/\/bisbalpenedes.com\/web\/wp-json\/wp\/v2\/posts\/6006"}],"collection":[{"href":"https:\/\/bisbalpenedes.com\/web\/wp-json\/wp\/v2\/posts"}],"about":[{"href":"https:\/\/bisbalpenedes.com\/web\/wp-json\/wp\/v2\/types\/post"}],"author":[{"embeddable":true,"href":"https:\/\/bisbalpenedes.com\/web\/wp-json\/wp\/v2\/users\/4"}],"replies":[{"embeddable":true,"href":"https:\/\/bisbalpenedes.com\/web\/wp-json\/wp\/v2\/comments?post=6006"}],"version-history":[{"count":2,"href":"https:\/\/bisbalpenedes.com\/web\/wp-json\/wp\/v2\/posts\/6006\/revisions"}],"predecessor-version":[{"id":6009,"href":"https:\/\/bisbalpenedes.com\/web\/wp-json\/wp\/v2\/posts\/6006\/revisions\/6009"}],"wp:featuredmedia":[{"embeddable":true,"href":"https:\/\/bisbalpenedes.com\/web\/wp-json\/wp\/v2\/media\/6007"}],"wp:attachment":[{"href":"https:\/\/bisbalpenedes.com\/web\/wp-json\/wp\/v2\/media?parent=6006"}],"wp:term":[{"taxonomy":"category","embeddable":true,"href":"https:\/\/bisbalpenedes.com\/web\/wp-json\/wp\/v2\/categories?post=6006"},{"taxonomy":"post_tag","embeddable":true,"href":"https:\/\/bisbalpenedes.com\/web\/wp-json\/wp\/v2\/tags?post=6006"}],"curies":[{"name":"wp","href":"https:\/\/api.w.org\/{rel}","templated":true}]}}