{"id":600,"date":"2013-08-30T01:43:13","date_gmt":"2013-08-29T19:43:13","guid":{"rendered":"http:\/\/bisbalpenedes.com\/web\/?p=600"},"modified":"2013-08-30T01:43:13","modified_gmt":"2013-08-29T19:43:13","slug":"classes-de-gimnastica","status":"publish","type":"post","link":"https:\/\/bisbalpenedes.com\/web\/2013\/08\/30\/classes-de-gimnastica\/","title":{"rendered":"Classes de gimn\u00e0stica"},"content":{"rendered":"<p>L\u2019Ajuntament per aquest curs Setembre 2013\u2013Juny 2014 us ofereix unes sessions de gimn\u00e0stica per a tothom que estigui interessat.<br \/>\nS\u00f3n classes fetes per una monitora de la Bisbal contractada per una empresa.<br \/>\nLes empreses i aut\u00f2noms que realitzen activitats contractades per l\u2019Ajuntament han de disposar dels documents que exigeix la normativa, com estar al corrent de pagament amb la Seguretat Social i Hisenda entre d\u2019altres.<br \/>\nLes persones privades que realitzen qualsevol tipus d\u2019activitats amb p\u00fablic, tamb\u00e9 han d\u2019estar donades d\u2019alta a la Seguretat Social.<\/p>\n<p>Les classes comen\u00e7aran ( si hi ha prou gent), el 16 de setembre<\/p>\n<p>Lloc: Poliesportiu Municipal, a la sala gran<br \/>\nHora: de 15:15 a 16:15<br \/>\nDies: de dilluns a divendres<br \/>\nPreu: 8 euros al mes (preu subvencionat per l\u2019Ajuntament)<br \/>\nLloc per inscriure\u2019s :  A l\u2019ajuntament<br \/>\nPer\u00edode d\u2019inscripcions: del 30 d&#8217;agost al 12 de setembre de 2013<\/p>\n<p>En el moment de fer la inscripci\u00f3, s\u2019haur\u00e0 de fer efectiu el pagament de 8 euros.<\/p>\n<p>Aquesta ordenan\u00e7a reguladora del preu p\u00fablic per la prestaci\u00f3 del servei de gimn\u00e0stica, es va aprovar per Ple el dia 15 de juliol de 2013. En aquest punt,  CIU va votar en contra i PSC es va abstenir.<br \/>\nUs  agrair\u00edem que ens feu arribar qualsevol altre suggeriment, i esperem  que tots pugueu gaudir d\u2019aquesta activitat.<br \/>\n<a href=\"http:\/\/bisbalpenedes.com\/web\/wp-content\/uploads\/2013\/08\/gimnasia.jpg\"><img loading=\"lazy\" src=\"http:\/\/bisbalpenedes.com\/web\/wp-content\/uploads\/2013\/08\/gimnasia-150x150.jpg\" alt=\"\" title=\"gimnasia\" width=\"150\" height=\"150\" class=\"aligncenter size-thumbnail wp-image-602\" srcset=\"https:\/\/bisbalpenedes.com\/web\/wp-content\/uploads\/2013\/08\/gimnasia-150x150.jpg 150w, https:\/\/bisbalpenedes.com\/web\/wp-content\/uploads\/2013\/08\/gimnasia-300x300.jpg 300w, https:\/\/bisbalpenedes.com\/web\/wp-content\/uploads\/2013\/08\/gimnasia-100x100.jpg 100w\" sizes=\"(max-width: 150px) 100vw, 150px\" \/><\/a><\/p>\n","protected":false},"excerpt":{"rendered":"<p>L\u2019Ajuntament per aquest curs Setembre 2013\u2013Juny 2014 us ofereix unes sessions de gimn\u00e0stica per a tothom que estigui interessat. S\u00f3n classes fetes per una monitora de la Bisbal contractada per &hellip; <a href=\"https:\/\/bisbalpenedes.com\/web\/2013\/08\/30\/classes-de-gimnastica\/\" class=\"more-link\">Read More<\/a><\/p>\n","protected":false},"author":1,"featured_media":601,"comment_status":"closed","ping_status":"open","sticky":false,"template":"","format":"standard","meta":[],"categories":[19],"tags":[83],"_links":{"self":[{"href":"https:\/\/bisbalpenedes.com\/web\/wp-json\/wp\/v2\/posts\/600"}],"collection":[{"href":"https:\/\/bisbalpenedes.com\/web\/wp-json\/wp\/v2\/posts"}],"about":[{"href":"https:\/\/bisbalpenedes.com\/web\/wp-json\/wp\/v2\/types\/post"}],"author":[{"embeddable":true,"href":"https:\/\/bisbalpenedes.com\/web\/wp-json\/wp\/v2\/users\/1"}],"replies":[{"embeddable":true,"href":"https:\/\/bisbalpenedes.com\/web\/wp-json\/wp\/v2\/comments?post=600"}],"version-history":[{"count":1,"href":"https:\/\/bisbalpenedes.com\/web\/wp-json\/wp\/v2\/posts\/600\/revisions"}],"predecessor-version":[{"id":603,"href":"https:\/\/bisbalpenedes.com\/web\/wp-json\/wp\/v2\/posts\/600\/revisions\/603"}],"wp:featuredmedia":[{"embeddable":true,"href":"https:\/\/bisbalpenedes.com\/web\/wp-json\/wp\/v2\/media\/601"}],"wp:attachment":[{"href":"https:\/\/bisbalpenedes.com\/web\/wp-json\/wp\/v2\/media?parent=600"}],"wp:term":[{"taxonomy":"category","embeddable":true,"href":"https:\/\/bisbalpenedes.com\/web\/wp-json\/wp\/v2\/categories?post=600"},{"taxonomy":"post_tag","embeddable":true,"href":"https:\/\/bisbalpenedes.com\/web\/wp-json\/wp\/v2\/tags?post=600"}],"curies":[{"name":"wp","href":"https:\/\/api.w.org\/{rel}","templated":true}]}}