{"id":5986,"date":"2018-06-08T16:19:09","date_gmt":"2018-06-08T15:19:09","guid":{"rendered":"http:\/\/bisbalpenedes.com\/web\/?p=5986"},"modified":"2018-06-08T16:32:55","modified_gmt":"2018-06-08T15:32:55","slug":"la-regidoria-docupacio-fa-un-balanc-positiu-de-la-1a-setmana-de-lempresa-i-locupacio","status":"publish","type":"post","link":"https:\/\/bisbalpenedes.com\/web\/2018\/06\/08\/la-regidoria-docupacio-fa-un-balanc-positiu-de-la-1a-setmana-de-lempresa-i-locupacio\/","title":{"rendered":"La Regidoria d\u2019Ocupaci\u00f3 fa un balan\u00e7 positiu de la 1\u00aa Setmana de l\u2019Empresa i l\u2019Ocupaci\u00f3"},"content":{"rendered":"<p style=\"text-align: justify;\"><span style=\"color: #000000;\">La Regidoria d\u2019Ocupaci\u00f3 fa una valoraci\u00f3 molt positiva de la 1\u00aa Setmana de l\u2019Empresa i l\u2019Ocupaci\u00f3, celebrada del 28 de maig a l\u20191 de juny a la Bisbal del Pened\u00e8s. La Regidora d\u2019Ocupaci\u00f3 i alcaldessa del municipi, Agn\u00e8s Ferr\u00e9, ha explicat que \u201cva ser una setmana molt diversificada i interessant que va aportar valor afegit a cadascun dels sectors\u201d. Ha afegit que \u201chi va haver molt bona resposta per part del p\u00fablic i que la qualitat dels oradors va ser excepcional\u201d. Ferr\u00e9 ha destacat les intervencions del divendres al Mas Llagostera que, segons l\u2019alcaldessa, van ser \u201cbreus per\u00f2 magn\u00edfiques\u201d i van permetre \u201cfer un tast de cada organisme, donant molta import\u00e0ncia a deixar espais entre les confer\u00e8ncies perqu\u00e8 les empreses es poguessin con\u00e8ixer entre elles i aix\u00ed es don\u00e9s una interactuaci\u00f3 entre les empreses i entre les empreses els organismes que ens van acompanyar (FEGP, SSTT d\u2019Empresa i Coneixement, Cambra de Comer\u00e7 i Fundaci\u00f3 Santa Teresa)\u201d.<\/span><\/p>\n<p style=\"text-align: justify;\"><span style=\"color: #000000;\">La Setmana de l\u2019Empresa i l\u2019Ocupaci\u00f3 s\u2019ha tirat endavant amb l\u2019objectiu d\u2019apropar l\u2019administraci\u00f3 p\u00fablica i els organismes empresarials i ocupacionals a tots els sectors empresarials de la vila i al col\u00b7lectiu d\u2019aturats, amb la finalitat de donar a con\u00e8ixer les eines amb qu\u00e8 compta l\u2019Ajuntament de la Bisbal en mat\u00e8ria de formaci\u00f3, ajuts, col\u00b7laboracions o serveis d\u2019ocupaci\u00f3. Segons els c\u00e0lculs realitzats per la Regidoria d\u2019Ocupaci\u00f3, l\u2019esdeveniment ha comptat amb un total de 185 participants que formen part dels p\u00fablics objectiu als quals s\u2019adre\u00e7ava la setmana: aut\u00f2noms, emprenedors, aturats, dones empres\u00e0ries, comer\u00e7os bisbalencs, joves amb necessitats d\u2019orientaci\u00f3 laboral i gent interessada en les empreses del pol\u00edgon industrial.<\/span><\/p>\n<p style=\"text-align: justify;\"><span style=\"color: #000000;\">Entre el dilluns i el divendres es van dur a terme diverses activitats relacionades amb el m\u00f3n de l\u2019empresa i l\u2019ocupaci\u00f3:<\/span><\/p>\n<p style=\"text-align: justify;\"><span style=\"color: #000000;\">-Dilluns a la tarda l\u2019entrenadora d\u2019habilitats emprenedores Maria Batet ens va parlar dels \u2018Valors d\u2019emprendre\u2019 i de l\u2019evoluci\u00f3 tecnol\u00f2gica de la vida quotidiana i, per extensi\u00f3, del m\u00f3n dels emprenedors.<\/span><\/p>\n<p style=\"text-align: justify;\"><a href=\"http:\/\/bisbalpenedes.com\/web\/wp-content\/uploads\/2018\/06\/IMG_6993.jpg\"><img loading=\"lazy\" class=\"aligncenter size-medium wp-image-5988\" src=\"http:\/\/bisbalpenedes.com\/web\/wp-content\/uploads\/2018\/06\/IMG_6993-300x200.jpg\" alt=\"MARIA BATET SETMANA EMPRESA\" width=\"300\" height=\"200\" srcset=\"https:\/\/bisbalpenedes.com\/web\/wp-content\/uploads\/2018\/06\/IMG_6993-300x200.jpg 300w, https:\/\/bisbalpenedes.com\/web\/wp-content\/uploads\/2018\/06\/IMG_6993-600x400.jpg 600w, https:\/\/bisbalpenedes.com\/web\/wp-content\/uploads\/2018\/06\/IMG_6993-768x512.jpg 768w, https:\/\/bisbalpenedes.com\/web\/wp-content\/uploads\/2018\/06\/IMG_6993-1024x683.jpg 1024w\" sizes=\"(max-width: 300px) 100vw, 300px\" \/><\/a><\/p>\n<p style=\"text-align: justify;\"><span style=\"color: #000000;\">-Dimarts al mat\u00ed vam comptar amb la Mar V\u00e1zquez i l\u2019Hel\u00e8ne Arcelin d\u2019UGT per parlar de les noves tecnologies i el paper que juguen en la recerca de feina.<\/span><\/p>\n<p style=\"text-align: justify;\"><a href=\"http:\/\/bisbalpenedes.com\/web\/wp-content\/uploads\/2018\/06\/IMG_7050.jpg\"><img loading=\"lazy\" class=\"aligncenter size-medium wp-image-5989\" src=\"http:\/\/bisbalpenedes.com\/web\/wp-content\/uploads\/2018\/06\/IMG_7050-300x200.jpg\" alt=\"MAR VAZQUEZ HELENE ARCELIN UGT\" width=\"300\" height=\"200\" srcset=\"https:\/\/bisbalpenedes.com\/web\/wp-content\/uploads\/2018\/06\/IMG_7050-300x200.jpg 300w, https:\/\/bisbalpenedes.com\/web\/wp-content\/uploads\/2018\/06\/IMG_7050-600x400.jpg 600w, https:\/\/bisbalpenedes.com\/web\/wp-content\/uploads\/2018\/06\/IMG_7050-768x512.jpg 768w, https:\/\/bisbalpenedes.com\/web\/wp-content\/uploads\/2018\/06\/IMG_7050-1024x683.jpg 1024w\" sizes=\"(max-width: 300px) 100vw, 300px\" \/><\/a><\/p>\n<p style=\"text-align: justify;\"><span style=\"color: #000000;\">-Dimarts a la tarda Elena Trilla,\u00a0 membre del col\u00b7lectiu Dones d\u2019Empresa, va conduir l\u2019acte en el qual dues dones d\u2019\u00e8xit van explicar la seva experi\u00e8ncia. Es tracta de la cap de gesti\u00f3 de projectes d\u2019Idiada, Maria Rosa Garc\u00eda, i la Marta Ca\u00f1\u00eds, gerent de la Resid\u00e8ncia El Colomer.<\/span><\/p>\n<p style=\"text-align: justify;\"><a href=\"http:\/\/bisbalpenedes.com\/web\/wp-content\/uploads\/2018\/06\/IMG_7075.jpg\"><img loading=\"lazy\" class=\"aligncenter size-medium wp-image-5990\" src=\"http:\/\/bisbalpenedes.com\/web\/wp-content\/uploads\/2018\/06\/IMG_7075-300x200.jpg\" alt=\"DONES D'EMPRESA\" width=\"300\" height=\"200\" srcset=\"https:\/\/bisbalpenedes.com\/web\/wp-content\/uploads\/2018\/06\/IMG_7075-300x200.jpg 300w, https:\/\/bisbalpenedes.com\/web\/wp-content\/uploads\/2018\/06\/IMG_7075-600x400.jpg 600w, https:\/\/bisbalpenedes.com\/web\/wp-content\/uploads\/2018\/06\/IMG_7075-768x512.jpg 768w, https:\/\/bisbalpenedes.com\/web\/wp-content\/uploads\/2018\/06\/IMG_7075-1024x683.jpg 1024w\" sizes=\"(max-width: 300px) 100vw, 300px\" \/><\/a><\/p>\n<p style=\"text-align: justify;\"><span style=\"color: #000000;\">-Dimecres vam comptar amb la Muntsa Vilalta, Directora General de Comer\u00e7 de Catalunya, que ens va parlar del comer\u00e7 al pa\u00eds i a la Bisbal, amb dades sobre horaris comercials i l\u2019evoluci\u00f3 de les botigues i els serveis que s\u2019hi ofereixen.<\/span><\/p>\n<p style=\"text-align: justify;\"><a href=\"http:\/\/bisbalpenedes.com\/web\/wp-content\/uploads\/2018\/06\/IMG_7128.jpg\"><img loading=\"lazy\" class=\"aligncenter size-medium wp-image-5991\" src=\"http:\/\/bisbalpenedes.com\/web\/wp-content\/uploads\/2018\/06\/IMG_7128-300x200.jpg\" alt=\"MUNTSA VILALTA\" width=\"300\" height=\"200\" srcset=\"https:\/\/bisbalpenedes.com\/web\/wp-content\/uploads\/2018\/06\/IMG_7128-300x200.jpg 300w, https:\/\/bisbalpenedes.com\/web\/wp-content\/uploads\/2018\/06\/IMG_7128-600x400.jpg 600w, https:\/\/bisbalpenedes.com\/web\/wp-content\/uploads\/2018\/06\/IMG_7128-768x512.jpg 768w, https:\/\/bisbalpenedes.com\/web\/wp-content\/uploads\/2018\/06\/IMG_7128-1024x683.jpg 1024w\" sizes=\"(max-width: 300px) 100vw, 300px\" \/><\/a><\/p>\n<p style=\"text-align: justify;\"><span style=\"color: #000000;\">-Dijous al mat\u00ed la Cambra de Comer\u00e7 va organitzar una Fira adre\u00e7ada als joves de Garantia Juvenil i als estudiants dels instituts de la comarca que oferia diverses activitats relacionades amb el m\u00f3n laboral i de la formaci\u00f3. Es van fer xerrades motivacionals, relacionades amb la comunicaci\u00f3 verbal i no verbal i xerrades sobre el funcionament de diverses empreses del territori que busquen treballadors joves.<\/span><\/p>\n<p style=\"text-align: justify;\"><a href=\"http:\/\/bisbalpenedes.com\/web\/wp-content\/uploads\/2018\/06\/IMG_7176.jpg\"><img loading=\"lazy\" class=\"aligncenter size-medium wp-image-5992\" src=\"http:\/\/bisbalpenedes.com\/web\/wp-content\/uploads\/2018\/06\/IMG_7176-300x200.jpg\" alt=\"MORROS CAMBRA MATI\" width=\"300\" height=\"200\" srcset=\"https:\/\/bisbalpenedes.com\/web\/wp-content\/uploads\/2018\/06\/IMG_7176-300x200.jpg 300w, https:\/\/bisbalpenedes.com\/web\/wp-content\/uploads\/2018\/06\/IMG_7176-600x400.jpg 600w, https:\/\/bisbalpenedes.com\/web\/wp-content\/uploads\/2018\/06\/IMG_7176-768x512.jpg 768w, https:\/\/bisbalpenedes.com\/web\/wp-content\/uploads\/2018\/06\/IMG_7176-1024x683.jpg 1024w\" sizes=\"(max-width: 300px) 100vw, 300px\" \/><\/a><\/p>\n<p style=\"text-align: justify;\"><span style=\"color: #000000;\">-Dijous a la tarda vam comptar amb Rafael Mas, director de Serveis Corporatius d\u2019Applus Idiada, que ens va explicar com \u00e9s Idiada per dins i ens va aportar material gr\u00e0fic divers sobre les instal\u00b7lacions d\u2019aquesta gran empresa del pol\u00edgon industrial de la Bisbal.<\/span><\/p>\n<p style=\"text-align: justify;\"><a href=\"http:\/\/bisbalpenedes.com\/web\/wp-content\/uploads\/2018\/06\/IMG_7268.jpg\"><img loading=\"lazy\" class=\"aligncenter size-medium wp-image-5993\" src=\"http:\/\/bisbalpenedes.com\/web\/wp-content\/uploads\/2018\/06\/IMG_7268-300x200.jpg\" alt=\"IDIADA EMPRESES\" width=\"300\" height=\"200\" srcset=\"https:\/\/bisbalpenedes.com\/web\/wp-content\/uploads\/2018\/06\/IMG_7268-300x200.jpg 300w, https:\/\/bisbalpenedes.com\/web\/wp-content\/uploads\/2018\/06\/IMG_7268-600x400.jpg 600w, https:\/\/bisbalpenedes.com\/web\/wp-content\/uploads\/2018\/06\/IMG_7268-768x512.jpg 768w, https:\/\/bisbalpenedes.com\/web\/wp-content\/uploads\/2018\/06\/IMG_7268-1024x683.jpg 1024w\" sizes=\"(max-width: 300px) 100vw, 300px\" \/><\/a><\/p>\n<p style=\"text-align: justify;\"><span style=\"color: #000000;\">-Divendres el Mas Llagostera va oferir diverses xerrades de presentaci\u00f3 adre\u00e7ades als empresaris dels pol\u00edgons en les quals vam comptar amb la directora dels Serveis Territorials de la Generalitat, Carme Mansilla, i els representants de la FEGP (Isidre Also), la Fundaci\u00f3 Santa Teresa (Carlos Eiriz), la Cambra de Comer\u00e7 (Daniel Mart\u00edn) i l\u2019Ajuntament de la Bisbal (Pere Saumoy, regidor d\u2019Hisenda i Agn\u00e8s Ferr\u00e9, regidora d\u2019Ocupaci\u00f3 i alcaldessa de la Bisbal). Vam comptar amb l\u2019assist\u00e8ncia de les empreses Idiada, Jijonenca SA, El Corte Ingl\u00e9s, Gabriel Ib\u00e1\u00f1ez SCP, Engind, Bugaderia Neutral, GDR Group, Excavacions i Transports Rovira SA, Cellers Domenys, BBVA i Caixabank.<\/span><\/p>\n<p style=\"text-align: justify;\"><a href=\"http:\/\/bisbalpenedes.com\/web\/wp-content\/uploads\/2018\/06\/IMG_7334.jpg\"><img loading=\"lazy\" class=\"aligncenter size-medium wp-image-5987\" src=\"http:\/\/bisbalpenedes.com\/web\/wp-content\/uploads\/2018\/06\/IMG_7334-300x200.jpg\" alt=\"MAS LLAGOSTERA EMPRESA OCUPACIO\" width=\"300\" height=\"200\" srcset=\"https:\/\/bisbalpenedes.com\/web\/wp-content\/uploads\/2018\/06\/IMG_7334-300x200.jpg 300w, https:\/\/bisbalpenedes.com\/web\/wp-content\/uploads\/2018\/06\/IMG_7334-600x400.jpg 600w, https:\/\/bisbalpenedes.com\/web\/wp-content\/uploads\/2018\/06\/IMG_7334-768x512.jpg 768w, https:\/\/bisbalpenedes.com\/web\/wp-content\/uploads\/2018\/06\/IMG_7334-1024x683.jpg 1024w\" sizes=\"(max-width: 300px) 100vw, 300px\" \/><\/a><\/p>\n<p style=\"text-align: justify;\"><span style=\"color: #000000;\">La Setmana de l\u2019Empresa i l\u2019Ocupaci\u00f3 ha estat possible gr\u00e0cies a la col\u00b7laboraci\u00f3 de la Direcci\u00f3 General de Comer\u00e7 de la Generalitat, UGT, Dones d\u2019Empresa, la Cambra de Comer\u00e7 de Tarragona, Idiada, la Resid\u00e8ncia El Colomer, Serveis Territorials d\u2019Empresa i Coneixement de la Generalitat\u00a0 a Tarragona, la FEGP (Federaci\u00f3 Empresarial del Gran Pened\u00e8s) i la Fundaci\u00f3 Santa Teresa.<\/span><\/p>\n<hr \/>\n<p style=\"text-align: justify;\"><span style=\"color: #000000;\"><strong>CASTELLANO<\/strong> | La Regidoria de Ocupaci\u00f3n hace una valoraci\u00f3n muy positiva de la 1\u00aa Semana de la Empresa y la Ocupaci\u00f3n, celebrada del 28 de mayo al 1 de junio en la Bisbal del Pened\u00e8s. La Regidoria de Ocupaci\u00f3n y alcaldesa del municipio, Agn\u00e8s Ferr\u00e9, ha explicado que &#8220;fue una semana muy diversificada e interesante que aport\u00f3 valor a\u00f1adido a cada uno de los sectores&#8221;. Ha a\u00f1adido que &#8220;hubo muy buena respuesta por parte del p\u00fablico y la calidad de los oradores fue excepcional&#8221;. Ferr\u00e9 ha destacado las intervenciones del viernes en Mas Llagostera que, seg\u00fan la alcaldesa, fueron &#8220;breves pero magn\u00edficas&#8221; y permitieron &#8220;conocer un poco de cada organismo, dando importancia a dejar espacios entre las conferencias para qu\u00e9 las empresas se pudiesen conocer entre ellas y as\u00ed se diese una interactuaci\u00f3n entre las empresas y entre las empresas y los organismos que nos acompa\u00f1aron (FEGP, SSTT d&#8217;Empresa i Coneixement, Cambra de Comer\u00e7 i Fundaci\u00f3 Santa Teresa)&#8221;.<\/span><\/p>\n<p style=\"text-align: justify;\"><span style=\"color: #000000;\">La Semana de la Empresa y la Ocupaci\u00f3n se ha llevado a cabo con el objetivo de acercar la administraci\u00f3n p\u00fablica y los organismos empresariales y ocupacionales a todos los sectores empresariales del municipio y al colectivo de parados, con la finalidad de dar a conocer las herramientas con las que cuenta el Ayuntamiento de la Bisbal en materia de formaci\u00f3n, ayudas, colaboraciones o servicios de ocupaci\u00f3n. Seg\u00fan los c\u00e1lculos realizados por la Regidoria de Ocupaci\u00f3n, el acontecimiento ha contado con un total de 185 participantes que forman parte de los p\u00fablicos objetivo a los cuales se dirig\u00eda la semana: aut\u00f3nomos, emprendedores, parados, mujeres empresarias, comercios bisbalencs, j\u00f3venes con necesidades de orientaci\u00f3n laboral y gente interesada en las empresas del pol\u00edgono industrial.<\/span><\/p>\n<p style=\"text-align: justify;\"><span style=\"color: #000000;\">Entre el lunes y el viernes se llevaron a cabo varias actividades relacionadas con el mundo de la empresa y la ocupaci\u00f3n:\u00a0<\/span><\/p>\n<p style=\"text-align: justify;\"><span style=\"color: #000000;\">-El Lunes por la tarde la entrenadora de habilidades emprendedoras Maria Batet nos habl\u00f3 de los &#8216;Valores de emprender&#8217; y de la evoluci\u00f3n tecnol\u00f3gica de la vida cotidiana y, por extensi\u00f3n, del mundo de los emprendedores.<\/span><\/p>\n<p style=\"text-align: justify;\"><a href=\"http:\/\/bisbalpenedes.com\/web\/wp-content\/uploads\/2018\/06\/IMG_6993.jpg\"><img loading=\"lazy\" class=\"aligncenter size-medium wp-image-5988\" src=\"http:\/\/bisbalpenedes.com\/web\/wp-content\/uploads\/2018\/06\/IMG_6993-300x200.jpg\" alt=\"MARIA BATET SETMANA EMPRESA\" width=\"300\" height=\"200\" srcset=\"https:\/\/bisbalpenedes.com\/web\/wp-content\/uploads\/2018\/06\/IMG_6993-300x200.jpg 300w, https:\/\/bisbalpenedes.com\/web\/wp-content\/uploads\/2018\/06\/IMG_6993-600x400.jpg 600w, https:\/\/bisbalpenedes.com\/web\/wp-content\/uploads\/2018\/06\/IMG_6993-768x512.jpg 768w, https:\/\/bisbalpenedes.com\/web\/wp-content\/uploads\/2018\/06\/IMG_6993-1024x683.jpg 1024w\" sizes=\"(max-width: 300px) 100vw, 300px\" \/><\/a><\/p>\n<p style=\"text-align: justify;\"><span style=\"color: #000000;\">-El martes por la ma\u00f1ana contamos con Mar V\u00e1zquez y Hel\u00e8ne Arcelin de la UGT para hablar de las nuevas tecnolog\u00edas y del papel que juegan en la b\u00fasqueda de trabajo.<\/span><\/p>\n<p style=\"text-align: justify;\"><a href=\"http:\/\/bisbalpenedes.com\/web\/wp-content\/uploads\/2018\/06\/IMG_7050.jpg\"><img loading=\"lazy\" class=\"aligncenter size-medium wp-image-5989\" src=\"http:\/\/bisbalpenedes.com\/web\/wp-content\/uploads\/2018\/06\/IMG_7050-300x200.jpg\" alt=\"MAR VAZQUEZ HELENE ARCELIN UGT\" width=\"300\" height=\"200\" srcset=\"https:\/\/bisbalpenedes.com\/web\/wp-content\/uploads\/2018\/06\/IMG_7050-300x200.jpg 300w, https:\/\/bisbalpenedes.com\/web\/wp-content\/uploads\/2018\/06\/IMG_7050-600x400.jpg 600w, https:\/\/bisbalpenedes.com\/web\/wp-content\/uploads\/2018\/06\/IMG_7050-768x512.jpg 768w, https:\/\/bisbalpenedes.com\/web\/wp-content\/uploads\/2018\/06\/IMG_7050-1024x683.jpg 1024w\" sizes=\"(max-width: 300px) 100vw, 300px\" \/><\/a><\/p>\n<p style=\"text-align: justify;\"><span style=\"color: #000000;\">-El martes por la tarde Elena Trilla, miembro del colectivo Dones d&#8217;Empresa, condujo un acto en el cual dos mujeres de \u00e9xito explicaron su experiencia. Se trata de la jefa de gesti\u00f3n de proyectos\u00a0 de Idiada, Maria rosa Garc\u00eda, y la Marta Ca\u00f1\u00eds, gerente de la Residencia el Colomer.<\/span><\/p>\n<p style=\"text-align: justify;\"><a href=\"http:\/\/bisbalpenedes.com\/web\/wp-content\/uploads\/2018\/06\/IMG_7075.jpg\"><img loading=\"lazy\" class=\"aligncenter size-medium wp-image-5990\" src=\"http:\/\/bisbalpenedes.com\/web\/wp-content\/uploads\/2018\/06\/IMG_7075-300x200.jpg\" alt=\"DONES D'EMPRESA\" width=\"300\" height=\"200\" srcset=\"https:\/\/bisbalpenedes.com\/web\/wp-content\/uploads\/2018\/06\/IMG_7075-300x200.jpg 300w, https:\/\/bisbalpenedes.com\/web\/wp-content\/uploads\/2018\/06\/IMG_7075-600x400.jpg 600w, https:\/\/bisbalpenedes.com\/web\/wp-content\/uploads\/2018\/06\/IMG_7075-768x512.jpg 768w, https:\/\/bisbalpenedes.com\/web\/wp-content\/uploads\/2018\/06\/IMG_7075-1024x683.jpg 1024w\" sizes=\"(max-width: 300px) 100vw, 300px\" \/><\/a><\/p>\n<p style=\"text-align: justify;\"><span style=\"color: #000000;\">-El mi\u00e9rcoles contamos con Muntsa Vilalta, directora General de Comer\u00e7 de Catalunya, qui\u00e9n nos habl\u00f3 del comercio en el pa\u00eds y en la Bisbal, con datos sobre horarios comerciales y la evoluci\u00f3n de las tiendas y de los servicios que se ofrecen.<\/span><\/p>\n<p style=\"text-align: justify;\"><a href=\"http:\/\/bisbalpenedes.com\/web\/wp-content\/uploads\/2018\/06\/IMG_7128.jpg\"><img loading=\"lazy\" class=\"aligncenter size-medium wp-image-5991\" src=\"http:\/\/bisbalpenedes.com\/web\/wp-content\/uploads\/2018\/06\/IMG_7128-300x200.jpg\" alt=\"MUNTSA VILALTA\" width=\"300\" height=\"200\" srcset=\"https:\/\/bisbalpenedes.com\/web\/wp-content\/uploads\/2018\/06\/IMG_7128-300x200.jpg 300w, https:\/\/bisbalpenedes.com\/web\/wp-content\/uploads\/2018\/06\/IMG_7128-600x400.jpg 600w, https:\/\/bisbalpenedes.com\/web\/wp-content\/uploads\/2018\/06\/IMG_7128-768x512.jpg 768w, https:\/\/bisbalpenedes.com\/web\/wp-content\/uploads\/2018\/06\/IMG_7128-1024x683.jpg 1024w\" sizes=\"(max-width: 300px) 100vw, 300px\" \/><\/a><\/p>\n<p style=\"text-align: justify;\"><span style=\"color: #000000;\">-El jueves por la ma\u00f1ana la Cambra de Comer\u00e7 organiz\u00f3 una feria dirigida a los j\u00f3venes de Garant\u00eda Juvenil y a los estudiantes de los institutos de la comarca que ofrec\u00eda varias actividades relacionadas con el mundo laboral y la formaci\u00f3n. Se ofrecieron charlas motivacionales, relacionadas con la comunicaci\u00f3n verbal y no verbal y charlas sobre el funcionamiento de varias empresas del territorio que buscan trabajadores j\u00f3venes.<\/span><\/p>\n<p style=\"text-align: justify;\"><a href=\"http:\/\/bisbalpenedes.com\/web\/wp-content\/uploads\/2018\/06\/IMG_7176.jpg\"><img loading=\"lazy\" class=\"aligncenter size-medium wp-image-5992\" src=\"http:\/\/bisbalpenedes.com\/web\/wp-content\/uploads\/2018\/06\/IMG_7176-300x200.jpg\" alt=\"MORROS CAMBRA MATI\" width=\"300\" height=\"200\" srcset=\"https:\/\/bisbalpenedes.com\/web\/wp-content\/uploads\/2018\/06\/IMG_7176-300x200.jpg 300w, https:\/\/bisbalpenedes.com\/web\/wp-content\/uploads\/2018\/06\/IMG_7176-600x400.jpg 600w, https:\/\/bisbalpenedes.com\/web\/wp-content\/uploads\/2018\/06\/IMG_7176-768x512.jpg 768w, https:\/\/bisbalpenedes.com\/web\/wp-content\/uploads\/2018\/06\/IMG_7176-1024x683.jpg 1024w\" sizes=\"(max-width: 300px) 100vw, 300px\" \/><\/a><\/p>\n<p style=\"text-align: justify;\"><span style=\"color: #000000;\">-El jueves por la tarde contamos con Rafael Mas, director de Servicios Corporativos de Applus Idiada, que nos explico c\u00f3mo es Idiada por dentro y nos aport\u00f3 material gr\u00e1fico diverso sobre las instalaciones de esta gran empresa del pol\u00edgono industrial de la Bisbal.<\/span><\/p>\n<p style=\"text-align: justify;\"><a href=\"http:\/\/bisbalpenedes.com\/web\/wp-content\/uploads\/2018\/06\/IMG_7268.jpg\"><img loading=\"lazy\" class=\"aligncenter size-medium wp-image-5993\" src=\"http:\/\/bisbalpenedes.com\/web\/wp-content\/uploads\/2018\/06\/IMG_7268-300x200.jpg\" alt=\"IDIADA EMPRESES\" width=\"300\" height=\"200\" srcset=\"https:\/\/bisbalpenedes.com\/web\/wp-content\/uploads\/2018\/06\/IMG_7268-300x200.jpg 300w, https:\/\/bisbalpenedes.com\/web\/wp-content\/uploads\/2018\/06\/IMG_7268-600x400.jpg 600w, https:\/\/bisbalpenedes.com\/web\/wp-content\/uploads\/2018\/06\/IMG_7268-768x512.jpg 768w, https:\/\/bisbalpenedes.com\/web\/wp-content\/uploads\/2018\/06\/IMG_7268-1024x683.jpg 1024w\" sizes=\"(max-width: 300px) 100vw, 300px\" \/><\/a><\/p>\n<p style=\"text-align: justify;\"><span style=\"color: #000000;\">-El viernes el Mas Llagostera ofreci\u00f3 varias charlas de presentaci\u00f3n dirigidas a los empresarios de los pol\u00edgonos y contamos con la directora de Servicios Territoriales de la Generalitat, Carme Mansilla, y los representantes de la FEGP (Isidre Also), la Fundaci\u00f3 Santa Teresa (Carlos Eiriz), la Cambra de Comer\u00e7 (Daniel Mart\u00edn) y el Ayuntamiento de la Bisbal (Pere Saumoy, regidor de Hacienda y Agn\u00e8s Ferr\u00e9, regidora de Ocupaci\u00f3n y aldaldesa de la Bisbal). Contamos con la asistencia de las empresas Idiada, Jijonenca SA, El Corte Ingl\u00e9s, Gabriel Ib\u00e1\u00f1ez SCP, Engind, Bugaderia Neutral, GDR Group, Excavacions i Transports Rovira S.A., Cellers Domenys, BBVA y Caixabank.<\/span><\/p>\n<p style=\"text-align: justify;\"><a href=\"http:\/\/bisbalpenedes.com\/web\/wp-content\/uploads\/2018\/06\/IMG_7334.jpg\"><img loading=\"lazy\" class=\"aligncenter size-medium wp-image-5987\" src=\"http:\/\/bisbalpenedes.com\/web\/wp-content\/uploads\/2018\/06\/IMG_7334-300x200.jpg\" alt=\"MAS LLAGOSTERA EMPRESA OCUPACIO\" width=\"300\" height=\"200\" srcset=\"https:\/\/bisbalpenedes.com\/web\/wp-content\/uploads\/2018\/06\/IMG_7334-300x200.jpg 300w, https:\/\/bisbalpenedes.com\/web\/wp-content\/uploads\/2018\/06\/IMG_7334-600x400.jpg 600w, https:\/\/bisbalpenedes.com\/web\/wp-content\/uploads\/2018\/06\/IMG_7334-768x512.jpg 768w, https:\/\/bisbalpenedes.com\/web\/wp-content\/uploads\/2018\/06\/IMG_7334-1024x683.jpg 1024w\" sizes=\"(max-width: 300px) 100vw, 300px\" \/><\/a><\/p>\n<p style=\"text-align: justify;\"><span style=\"color: #000000;\">La Semana de la Empresa y la Ocupaci\u00f3n ha sido posible gracias a la colaboraci\u00f3n de la Direcci\u00f3 General de Comer\u00e7 de la Generalitat, UGT, Dones d&#8217;Empresa, la Cambra de Comer\u00e7 de Tarragona, idiada, la Residencia El Colomer, Serveis Territorials d&#8217;Empresa i Coneixement de la Generalitat a Tarragona, la FEGP (Federaci\u00f3 Empresarial del Gran Pened\u00e8s) y la Fundaci\u00f3 Santa Teresa.<\/span><\/p>\n<p>&nbsp;<\/p>\n<p>&nbsp;<\/p>\n","protected":false},"excerpt":{"rendered":"<p>La Regidoria d\u2019Ocupaci\u00f3 fa una valoraci\u00f3 molt positiva de la 1\u00aa Setmana de l\u2019Empresa i l\u2019Ocupaci\u00f3, celebrada del 28 de maig a l\u20191 de juny a la Bisbal del Pened\u00e8s. &hellip; <a href=\"https:\/\/bisbalpenedes.com\/web\/2018\/06\/08\/la-regidoria-docupacio-fa-un-balanc-positiu-de-la-1a-setmana-de-lempresa-i-locupacio\/\" class=\"more-link\">Read More<\/a><\/p>\n","protected":false},"author":4,"featured_media":5987,"comment_status":"closed","ping_status":"closed","sticky":false,"template":"","format":"standard","meta":[],"categories":[9],"tags":[1151,1939,1940,1251,1941,1856,1858,1938,326,1327,1861,1067,1934,1936,1854,1853,1935,1933,1937,1159],"_links":{"self":[{"href":"https:\/\/bisbalpenedes.com\/web\/wp-json\/wp\/v2\/posts\/5986"}],"collection":[{"href":"https:\/\/bisbalpenedes.com\/web\/wp-json\/wp\/v2\/posts"}],"about":[{"href":"https:\/\/bisbalpenedes.com\/web\/wp-json\/wp\/v2\/types\/post"}],"author":[{"embeddable":true,"href":"https:\/\/bisbalpenedes.com\/web\/wp-json\/wp\/v2\/users\/4"}],"replies":[{"embeddable":true,"href":"https:\/\/bisbalpenedes.com\/web\/wp-json\/wp\/v2\/comments?post=5986"}],"version-history":[{"count":2,"href":"https:\/\/bisbalpenedes.com\/web\/wp-json\/wp\/v2\/posts\/5986\/revisions"}],"predecessor-version":[{"id":5995,"href":"https:\/\/bisbalpenedes.com\/web\/wp-json\/wp\/v2\/posts\/5986\/revisions\/5995"}],"wp:featuredmedia":[{"embeddable":true,"href":"https:\/\/bisbalpenedes.com\/web\/wp-json\/wp\/v2\/media\/5987"}],"wp:attachment":[{"href":"https:\/\/bisbalpenedes.com\/web\/wp-json\/wp\/v2\/media?parent=5986"}],"wp:term":[{"taxonomy":"category","embeddable":true,"href":"https:\/\/bisbalpenedes.com\/web\/wp-json\/wp\/v2\/categories?post=5986"},{"taxonomy":"post_tag","embeddable":true,"href":"https:\/\/bisbalpenedes.com\/web\/wp-json\/wp\/v2\/tags?post=5986"}],"curies":[{"name":"wp","href":"https:\/\/api.w.org\/{rel}","templated":true}]}}