{"id":5975,"date":"2018-06-08T09:08:29","date_gmt":"2018-06-08T08:08:29","guid":{"rendered":"http:\/\/bisbalpenedes.com\/web\/?p=5975"},"modified":"2018-06-11T10:01:54","modified_gmt":"2018-06-11T09:01:54","slug":"lescola-municipal-de-musica-fa-diverses-audicions-amb-motiu-de-la-finalitzacio-del-curs","status":"publish","type":"post","link":"https:\/\/bisbalpenedes.com\/web\/2018\/06\/08\/lescola-municipal-de-musica-fa-diverses-audicions-amb-motiu-de-la-finalitzacio-del-curs\/","title":{"rendered":"L&#8217;Escola Municipal de M\u00fasica fa diverses audicions amb motiu de la finalitzaci\u00f3 del curs"},"content":{"rendered":"<p><span style=\"color: #000000;\">L&#8217;Escola Municipal de M\u00fasica ha programat diverses audicions obertes al p\u00fablic i un concert\u00a0de fi de curs.<\/span><\/p>\n<p style=\"padding-left: 30px;\"><span style=\"color: #000000;\">Tots els directes tindran lloc al CMC:<\/span><br \/>\n<span style=\"color: #000000;\"> <strong><br \/>\n<\/strong>-Dilluns dia 11 de juny audici\u00f3 de Piano a les 19h.<\/span><\/p>\n<p style=\"padding-left: 30px;\"><span style=\"color: #000000;\">-Dimarts dia 12 de juny audici\u00f3 de Bateria a les 19h.<\/span><\/p>\n<p style=\"padding-left: 30px;\"><span style=\"color: #000000;\">-Dimecres dia 13 de juny audici\u00f3 de Guitarra a les 19h.<\/span><\/p>\n<p style=\"padding-left: 30px;\"><span style=\"color: #000000;\">-Dijous dia 21 de juny a les 19h &#8211; Concert de final de curs<\/span><\/p>\n<hr \/>\n<p><span style=\"color: #000000;\"><strong>CASTELLANO<\/strong> | La Escola Municipal de M\u00fasica ha programado varias audiciones abiertas al p\u00fablico y un concierto de fin de curso.<\/span><\/p>\n<p style=\"padding-left: 30px;\"><span style=\"color: #000000;\">Todos los directos tendr\u00e1n lugar en el CMC:<\/span><\/p>\n<p style=\"padding-left: 30px;\"><span style=\"color: #000000;\">-Lunes d\u00eda 11 de junio, audici\u00f3n de piano a las 19h<\/span><\/p>\n<p style=\"padding-left: 30px;\"><span style=\"color: #000000;\">-Martes 12 de junio, audici\u00f3n de bater\u00eda a las 19h<\/span><\/p>\n<p style=\"padding-left: 30px;\"><span style=\"color: #000000;\">-Mi\u00e9rcoles d\u00eda 13 de junio, audici\u00f3n de guitarra a las 19h<\/span><\/p>\n<p style=\"padding-left: 30px;\"><span style=\"color: #000000;\">-Jueves 21 de junio, concierto de fin de curso a las 19h<\/span><\/p>\n<p>&nbsp;<\/p>\n","protected":false},"excerpt":{"rendered":"<p>L&#8217;Escola Municipal de M\u00fasica ha programat diverses audicions obertes al p\u00fablic i un concert\u00a0de fi de curs. Tots els directes tindran lloc al CMC: -Dilluns dia 11 de juny audici\u00f3 &hellip; <a href=\"https:\/\/bisbalpenedes.com\/web\/2018\/06\/08\/lescola-municipal-de-musica-fa-diverses-audicions-amb-motiu-de-la-finalitzacio-del-curs\/\" class=\"more-link\">Read More<\/a><\/p>\n","protected":false},"author":4,"featured_media":5998,"comment_status":"closed","ping_status":"closed","sticky":false,"template":"","format":"standard","meta":[],"categories":[4],"tags":[1926,548,226,73,62,545,546,547],"_links":{"self":[{"href":"https:\/\/bisbalpenedes.com\/web\/wp-json\/wp\/v2\/posts\/5975"}],"collection":[{"href":"https:\/\/bisbalpenedes.com\/web\/wp-json\/wp\/v2\/posts"}],"about":[{"href":"https:\/\/bisbalpenedes.com\/web\/wp-json\/wp\/v2\/types\/post"}],"author":[{"embeddable":true,"href":"https:\/\/bisbalpenedes.com\/web\/wp-json\/wp\/v2\/users\/4"}],"replies":[{"embeddable":true,"href":"https:\/\/bisbalpenedes.com\/web\/wp-json\/wp\/v2\/comments?post=5975"}],"version-history":[{"count":3,"href":"https:\/\/bisbalpenedes.com\/web\/wp-json\/wp\/v2\/posts\/5975\/revisions"}],"predecessor-version":[{"id":5978,"href":"https:\/\/bisbalpenedes.com\/web\/wp-json\/wp\/v2\/posts\/5975\/revisions\/5978"}],"wp:featuredmedia":[{"embeddable":true,"href":"https:\/\/bisbalpenedes.com\/web\/wp-json\/wp\/v2\/media\/5998"}],"wp:attachment":[{"href":"https:\/\/bisbalpenedes.com\/web\/wp-json\/wp\/v2\/media?parent=5975"}],"wp:term":[{"taxonomy":"category","embeddable":true,"href":"https:\/\/bisbalpenedes.com\/web\/wp-json\/wp\/v2\/categories?post=5975"},{"taxonomy":"post_tag","embeddable":true,"href":"https:\/\/bisbalpenedes.com\/web\/wp-json\/wp\/v2\/tags?post=5975"}],"curies":[{"name":"wp","href":"https:\/\/api.w.org\/{rel}","templated":true}]}}