{"id":5969,"date":"2018-06-07T09:34:50","date_gmt":"2018-06-07T08:34:50","guid":{"rendered":"http:\/\/bisbalpenedes.com\/web\/?p=5969"},"modified":"2018-06-07T09:35:54","modified_gmt":"2018-06-07T08:35:54","slug":"vols-collaborar-en-lelaboracio-del-catalec-del-paisatge-del-penedes","status":"publish","type":"post","link":"https:\/\/bisbalpenedes.com\/web\/2018\/06\/07\/vols-collaborar-en-lelaboracio-del-catalec-del-paisatge-del-penedes\/","title":{"rendered":"Vols col\u00b7laborar en l&#8217;elaboraci\u00f3 del Cat\u00e0leg del Paisatge del Pened\u00e8s?"},"content":{"rendered":"<p style=\"text-align: justify;\"><span style=\"color: #000000;\">Des de l&#8217;Observatori del Paisatge de Catalunya s&#8217;est\u00e0 preparant el Cat\u00e0leg de Paisatge del Pened\u00e8s, una eina imprescindible per integrar el paisatge en el Pla Territorial del Pened\u00e8s que est\u00e0 elaborant la Direcci\u00f3 General d&#8217;Ordenaci\u00f3 de Territori i Urbanisme de la Generalitat de Catalunya. El Cat\u00e0leg ens ajudar\u00e0 a con\u00e8ixer i entendre millor com \u00e9s el nostre paisatge i a pensar, entre tots, com volem que sigui en el futur. \u00c9s per aix\u00f2 que es fa indispensable la participaci\u00f3 i col\u00b7laboraci\u00f3 de tots els penedesencs i penedesenques.<\/span><\/p>\n<p style=\"text-align: justify;\"><span style=\"color: #000000;\"><strong>COM HI PUC COL\u00b7LABORAR?<\/strong><\/span><\/p>\n<p style=\"text-align: justify;\"><span style=\"color: #000000;\">-&gt;Pots anar a una de les quatre sessions informatives en les quals s&#8217;explicar\u00e0 qu\u00e8 \u00e9s un cat\u00e0leg, es presentaran treballs preliminars i, sobretot, s&#8217;explicaran les diverses maneres que hi ha de col\u00b7laborar en la seva elaboraci\u00f3. Les dates previstes s\u00f3n les seg\u00fcents:<\/span><\/p>\n<ul style=\"text-align: justify;\">\n<li style=\"padding-left: 30px;\"><span style=\"color: #000000;\">12 de juny: Museu Mol\u00ed Paperer. C\/Pau Casals, 10 de Capellades<\/span><\/li>\n<li style=\"padding-left: 30px;\"><span style=\"color: #000000;\">13 de juny: Museu Pau Casals. Avda. Palfuriana, 67 de la platja de Sant Salvador del Vendrell<\/span><\/li>\n<li style=\"padding-left: 30px;\"><span style=\"color: #000000;\">14 de juny: Casal d&#8217;entitats. Carrer de Marc Mir, 15 de Sant Sadurn\u00ed d&#8217;Anoia<\/span><\/li>\n<li style=\"padding-left: 30px;\"><span style=\"color: #000000;\">15 de juny: Masia d&#8217;en Cabanyes. Cam\u00ed ral, s\/n de Vilanova i la Geltr\u00fa<\/span><\/li>\n<\/ul>\n<p style=\"padding-left: 30px; text-align: justify;\"><span style=\"color: #000000;\">Cada sessi\u00f3 comen\u00e7ar\u00e0 a les 19h i la durada prevista \u00e9s una hora.<\/span><\/p>\n<p style=\"padding-left: 30px; text-align: justify;\"><span style=\"color: #000000;\"><a style=\"color: #000000;\" href=\"http:\/\/bisbalpenedes.com\/web\/wp-content\/uploads\/2018\/06\/sessions_informatives_penedes-paisatge.jpg\"><img loading=\"lazy\" class=\"aligncenter size-medium wp-image-5970\" src=\"http:\/\/bisbalpenedes.com\/web\/wp-content\/uploads\/2018\/06\/sessions_informatives_penedes-paisatge-212x300.jpg\" alt=\"sessions_informatives_penedes-paisatge\" width=\"212\" height=\"300\" srcset=\"https:\/\/bisbalpenedes.com\/web\/wp-content\/uploads\/2018\/06\/sessions_informatives_penedes-paisatge-212x300.jpg 212w, https:\/\/bisbalpenedes.com\/web\/wp-content\/uploads\/2018\/06\/sessions_informatives_penedes-paisatge.jpg 600w\" sizes=\"(max-width: 212px) 100vw, 212px\" \/><\/a><\/span><\/p>\n<p style=\"text-align: justify;\"><span style=\"color: #000000;\">-&gt;Tamb\u00e9 pots fer una enquesta en aquest enlla\u00e7: <a style=\"color: #000000;\" href=\"https:\/\/catalegpenedes.typeform.com\/to\/sceKny\" target=\"_blank\">https:\/\/catalegpenedes.typeform.com\/to\/sceKny<\/a><\/span><\/p>\n<p style=\"text-align: justify;\"><span style=\"color: #000000;\">Per a m\u00e9s informaci\u00f3 pots entrar a <a style=\"color: #000000;\" href=\"http:\/\/www.paisatgepenedes.cat\" target=\"_blank\">www.paisatgepenedes.cat<\/a><\/span><\/p>\n<p style=\"text-align: justify;\"><iframe loading=\"lazy\" src=\"https:\/\/player.vimeo.com\/video\/272531024\" width=\"640\" height=\"360\" frameborder=\"0\" allowfullscreen=\"allowfullscreen\"><\/iframe><\/p>\n<p style=\"text-align: justify;\"><span style=\"color: #000000;\"><a style=\"color: #000000;\" href=\"https:\/\/vimeo.com\/272531024\">Cat\u00e0leg de paisatge del Pened\u00e8s<\/a> from <a style=\"color: #000000;\" href=\"https:\/\/vimeo.com\/catpaisatge\">Observatori del Paisatge<\/a> on <a style=\"color: #000000;\" href=\"https:\/\/vimeo.com\">Vimeo<\/a>.<\/span><\/p>\n<hr \/>\n<p style=\"text-align: justify;\"><span style=\"color: #000000;\"><strong>CASTELLANO<\/strong> | Desde el Observatori del Paisatge de Catalunya se est\u00e1 preparando el Cat\u00e0leg del Paisatge del Pened\u00e8s, una herramienta imprescindible para integrar el paisaje en el Pla Territorial del Pened\u00e8s que est\u00e1 elaborando la Direcci\u00f3 General d&#8217;Ordenaci\u00f3 de Territori i Urbanisme de la Generalitat de Catalunya. El cat\u00e1logo nos ayudar\u00e1 a conocer y entender mejor como es nuestro paisaje y a pensar, entre todos, como queremos que sea en un futuro. Por este motivo se hace indispensable la participaci\u00f3n y colaboraci\u00f3n de todos los penedesencs y penedesenques.<\/span><\/p>\n<p style=\"text-align: justify;\"><span style=\"color: #000000;\"><strong>\u00bfC\u00d3MO PUEDO COLABORAR?<\/strong><\/span><\/p>\n<p style=\"text-align: justify;\">\n<p style=\"text-align: justify;\"><span style=\"color: #000000;\">-&gt;Puedes ir a una de las cuatro sesiones informativas en las que se explicar\u00e1 qu\u00e9 es un cat\u00e1logo, se presentar\u00e1n trabajos preliminares y, sobretodo, se explicar\u00e1n las diferentes maneras de colaborar en la elaboraci\u00f3n del cat\u00e1logo. Las fechas previstas son las siguientes:<\/span><\/p>\n<ul style=\"text-align: justify;\">\n<li style=\"padding-left: 30px;\"><span style=\"color: #000000;\">12 de junio:\u00a0Museu Mol\u00ed Paperer. C\/Pau Casals, 10 de Capellades<\/span><\/li>\n<li style=\"padding-left: 30px;\"><span style=\"color: #000000;\">13 de junio:\u00a0Museu Pau Casals. Avda. Palfuriana, 67 de la playa de Sant Salvador del Vendrell<\/span><\/li>\n<li style=\"padding-left: 30px;\"><span style=\"color: #000000;\">14 de junio:\u00a0Casal d&#8217;entitats. Carrer de Marc Mir, 15 de Sant Sadurn\u00ed d&#8217;Anoia<\/span><\/li>\n<li style=\"padding-left: 30px;\"><span style=\"color: #000000;\">15 de junio:\u00a0Masia d&#8217;en Cabanyes. Cam\u00ed ral, s\/n de Vilanova i la Geltr\u00fa<\/span><\/li>\n<\/ul>\n<p style=\"padding-left: 30px; text-align: justify;\"><span style=\"color: #000000;\">Cada sesi\u00f3n empezar\u00e1 a las 19h y la duraci\u00f3n prevista es una hora.<\/span><\/p>\n<p style=\"padding-left: 30px; text-align: justify;\"><span style=\"color: #000000;\"><a style=\"color: #000000;\" href=\"http:\/\/bisbalpenedes.com\/web\/wp-content\/uploads\/2018\/06\/sessions_informatives_penedes-paisatge.jpg\"><img loading=\"lazy\" class=\"aligncenter size-medium wp-image-5970\" src=\"http:\/\/bisbalpenedes.com\/web\/wp-content\/uploads\/2018\/06\/sessions_informatives_penedes-paisatge-212x300.jpg\" alt=\"sessions_informatives_penedes-paisatge\" width=\"212\" height=\"300\" srcset=\"https:\/\/bisbalpenedes.com\/web\/wp-content\/uploads\/2018\/06\/sessions_informatives_penedes-paisatge-212x300.jpg 212w, https:\/\/bisbalpenedes.com\/web\/wp-content\/uploads\/2018\/06\/sessions_informatives_penedes-paisatge.jpg 600w\" sizes=\"(max-width: 212px) 100vw, 212px\" \/><\/a><\/span><\/p>\n<p style=\"text-align: justify;\"><span style=\"color: #000000;\">Tambi\u00e9n puedes hacer una encuesta en este enlace:\u00a0<a style=\"color: #000000;\" href=\"https:\/\/catalegpenedes.typeform.com\/to\/sceKny\" target=\"_blank\">https:\/\/catalegpenedes.typeform.com\/to\/sceKny<\/a><\/span><\/p>\n<p style=\"text-align: justify;\"><span style=\"color: #000000;\">Para m\u00e1s informaci\u00f3n puedes entrar en\u00a0<a style=\"color: #000000;\" href=\"http:\/\/www.paisatgepenedes.cat\" target=\"_blank\">www.paisatgepenedes.cat<\/a><\/span><\/p>\n<p style=\"text-align: justify;\"><iframe loading=\"lazy\" src=\"https:\/\/player.vimeo.com\/video\/272531024\" width=\"640\" height=\"360\" frameborder=\"0\" allowfullscreen=\"allowfullscreen\"><\/iframe><\/p>\n<p style=\"text-align: justify;\"><span style=\"color: #000000;\"><a style=\"color: #000000;\" href=\"https:\/\/vimeo.com\/272531024\">Cat\u00e0leg de paisatge del Pened\u00e8s<\/a>\u00a0from\u00a0<a style=\"color: #000000;\" href=\"https:\/\/vimeo.com\/catpaisatge\">Observatori del Paisatge<\/a>\u00a0on\u00a0<a style=\"color: #000000;\" href=\"https:\/\/vimeo.com\">Vimeo<\/a>.<\/span><\/p>\n<p style=\"padding-left: 30px; text-align: justify;\"><span style=\"color: #000000;\">\u00a0<\/span><\/p>\n","protected":false},"excerpt":{"rendered":"<p>Des de l&#8217;Observatori del Paisatge de Catalunya s&#8217;est\u00e0 preparant el Cat\u00e0leg de Paisatge del Pened\u00e8s, una eina imprescindible per integrar el paisatge en el Pla Territorial del Pened\u00e8s que est\u00e0 &hellip; <a href=\"https:\/\/bisbalpenedes.com\/web\/2018\/06\/07\/vols-collaborar-en-lelaboracio-del-catalec-del-paisatge-del-penedes\/\" class=\"more-link\">Read More<\/a><\/p>\n","protected":false},"author":4,"featured_media":5970,"comment_status":"closed","ping_status":"closed","sticky":false,"template":"","format":"standard","meta":[],"categories":[32],"tags":[1924,860,1714,220,146,568,1374,1925,325],"_links":{"self":[{"href":"https:\/\/bisbalpenedes.com\/web\/wp-json\/wp\/v2\/posts\/5969"}],"collection":[{"href":"https:\/\/bisbalpenedes.com\/web\/wp-json\/wp\/v2\/posts"}],"about":[{"href":"https:\/\/bisbalpenedes.com\/web\/wp-json\/wp\/v2\/types\/post"}],"author":[{"embeddable":true,"href":"https:\/\/bisbalpenedes.com\/web\/wp-json\/wp\/v2\/users\/4"}],"replies":[{"embeddable":true,"href":"https:\/\/bisbalpenedes.com\/web\/wp-json\/wp\/v2\/comments?post=5969"}],"version-history":[{"count":4,"href":"https:\/\/bisbalpenedes.com\/web\/wp-json\/wp\/v2\/posts\/5969\/revisions"}],"predecessor-version":[{"id":5974,"href":"https:\/\/bisbalpenedes.com\/web\/wp-json\/wp\/v2\/posts\/5969\/revisions\/5974"}],"wp:featuredmedia":[{"embeddable":true,"href":"https:\/\/bisbalpenedes.com\/web\/wp-json\/wp\/v2\/media\/5970"}],"wp:attachment":[{"href":"https:\/\/bisbalpenedes.com\/web\/wp-json\/wp\/v2\/media?parent=5969"}],"wp:term":[{"taxonomy":"category","embeddable":true,"href":"https:\/\/bisbalpenedes.com\/web\/wp-json\/wp\/v2\/categories?post=5969"},{"taxonomy":"post_tag","embeddable":true,"href":"https:\/\/bisbalpenedes.com\/web\/wp-json\/wp\/v2\/tags?post=5969"}],"curies":[{"name":"wp","href":"https:\/\/api.w.org\/{rel}","templated":true}]}}