{"id":5941,"date":"2018-06-05T21:35:20","date_gmt":"2018-06-05T20:35:20","guid":{"rendered":"http:\/\/bisbalpenedes.com\/web\/?p=5941"},"modified":"2018-06-06T18:47:57","modified_gmt":"2018-06-06T17:47:57","slug":"el-ple-de-lajuntament-de-la-bisbal-del-penedes-aprova-la-destinacio-de-part-del-superavit","status":"publish","type":"post","link":"https:\/\/bisbalpenedes.com\/web\/2018\/06\/05\/el-ple-de-lajuntament-de-la-bisbal-del-penedes-aprova-la-destinacio-de-part-del-superavit\/","title":{"rendered":"El Ple de l\u2019Ajuntament de la Bisbal del Pened\u00e8s aprova la destinaci\u00f3 de part del super\u00e0vit"},"content":{"rendered":"<p style=\"text-align: justify;\"><span style=\"color: #000000;\">El Ple extraordinari celebrat aquest dilluns 4 de juny a l\u2019Ajuntament de la Bisbal del Pened\u00e8s ha aprovat, inicialment, la modificaci\u00f3 de cr\u00e8dit amb els vots a favor del PdeCat (5), l\u2019abstenci\u00f3 del PSC (1) i els vots en contra d\u2019ERC (4).<\/span><\/p>\n<p style=\"text-align: justify;\"><span style=\"color: #000000;\">El ple extraordinari del passat 10 de maig de 2018 va aprovar la liquidaci\u00f3 de l\u2019exercici 2017. L\u2019Ajuntament de la Bisbal t\u00e9 ara un super\u00e0vit lliure de 645.408,24\u20ac per distribuir, gr\u00e0cies a la bona gesti\u00f3 i pel compliment de tots els requisits que fixa la Llei Org\u00e0nica 2\/2012 de 27 d\u2019abril d\u2019estabilitat pressupost\u00e0ria i sostenibilitat financera:<\/span><\/p>\n<p style=\"padding-left: 30px; text-align: justify;\"><span style=\"color: #000000;\">-Estabilitat pressupost\u00e0ria positiva<\/span><\/p>\n<p style=\"padding-left: 30px; text-align: justify;\"><span style=\"color: #000000;\">-Romanent de tresoreria positiu<\/span><\/p>\n<p style=\"padding-left: 30px; text-align: justify;\"><span style=\"color: #000000;\">-Rati d\u2019endeutament del 39,25% (el l\u00edmit m\u00e0xim \u00e9s del 110% i l\u2019Ajuntament l\u2019acompleix des del 2016)<\/span><\/p>\n<p style=\"padding-left: 30px; text-align: justify;\"><span style=\"color: #000000;\">-Per\u00edode Mig de Pagament de 28,28 dies (el m\u00e0xim s\u00f3n 30 dies i l\u2019Ajuntament l\u2019acompleix des del 2016).<\/span><\/p>\n<p style=\"text-align: justify;\"><span style=\"color: #000000;\">El super\u00e0vit lliure nom\u00e9s es pot destinar a reduir deute i als sup\u00f2sits que marca el Reial Decret Llei 1\/2018, de 23 de mar\u00e7. La proposta que s\u2019ha aprovat al Ple d\u2019aquest dilluns 5 de juny \u00e9s la de destinar 462.298,50\u20ac a les seg\u00fcents propostes:<\/span><\/p>\n<p style=\"text-align: justify;\"><span style=\"color: #000000;\">\u00a0\u00a0\u00a0\u00a0\u00a0\u00a0\u00a0\u00a0\u00a0\u00a0\u00a0\u00a0\u00a0\u00a0\u00a0 <strong>-Inversions de millora a la xarxa d\u2019aigua (173.062\u201978\u20ac)<\/strong>. Es canviar\u00e0 part de la xarxa d\u2019aigua del Papagai, es soterrar\u00e0 el tub provisional del carrer Teruel del Priorat de la Bisbal, s\u2019instal\u00b7laran comptadors de control als pous d\u2019aigua de tot el municipi, es finalitzar\u00e0 la part exterior del pou de l\u2019Esplai i es posar\u00e0 en funcionament aquest pou.<\/span><\/p>\n<p style=\"text-align: justify;\"><span style=\"color: #000000;\">\u00a0\u00a0\u00a0\u00a0\u00a0\u00a0\u00a0\u00a0\u00a0\u00a0\u00a0\u00a0\u00a0\u00a0\u00a0 <strong>-Franges Forestals (18.000\u20ac)<\/strong>. Se suma aquest import a la inversi\u00f3 de m\u00e9s de 15.000\u20ac anuals que ha fet l\u2019Ajuntament en aquesta legislatura.<\/span><\/p>\n<p style=\"text-align: justify;\"><span style=\"color: #000000;\">\u00a0\u00a0\u00a0\u00a0\u00a0\u00a0\u00a0\u00a0\u00a0\u00a0\u00a0\u00a0\u00a0\u00a0\u00a0 <strong>-Renovaci\u00f3 dels vestuaris del camp de futbol (24.759\u201955\u20ac).<\/strong> Quan es va fer nou el camp de futbol, no es van renovar els vestuaris. Al pressupost de 2018 hi ha una partida de 10.000\u20ac destinada a aquesta obra i ara s\u2019hi suma aquesta quantitat per poder assumir el preu del projecte definitiu.<\/span><\/p>\n<p style=\"text-align: justify;\"><span style=\"color: #000000;\">\u00a0\u00a0\u00a0\u00a0\u00a0\u00a0\u00a0\u00a0\u00a0\u00a0\u00a0\u00a0\u00a0\u00a0\u00a0 <strong>-Import necessari per finalitzar la primera fase de les obres del Poliesportiu Municipal (81.476\u201917\u20ac).<\/strong> La primera fase del projecte del Poliesportiu Municipal, que inclou els vestuaris de construcci\u00f3 nova, es finan\u00e7a amb fons propis previstos al pressupost 2018, la subvenci\u00f3 del PAM de la Diputaci\u00f3 i aquests 81.476\u201917\u20ac.<\/span><\/p>\n<p style=\"text-align: justify;\"><span style=\"color: #000000;\">\u00a0\u00a0\u00a0\u00a0\u00a0\u00a0\u00a0\u00a0\u00a0\u00a0\u00a0\u00a0\u00a0\u00a0\u00a0 <strong>-Compra i adequaci\u00f3 d\u2019un edifici per a la brigada municipal (165.000\u20ac).<\/strong> Actualment l\u2019Ajuntament t\u00e9 llogada una nau al terme municipal de Santa Oliva amb un contracte de lloguer que finalitza a finals d\u2019aquest any. Ara l\u2019Ajuntament vol adquirir un espai que permeti l\u2019\u00fas per a la brigada i tamb\u00e9 com a magatzem municipal.<\/span><\/p>\n<p style=\"text-align: justify;\"><span style=\"color: #000000;\">Properament, en un altre Ple, es destinar\u00e0 la resta de super\u00e0vit a altres inversions.<\/span><\/p>\n<p style=\"text-align: justify;\"><span style=\"color: #000000;\">El Ple extraordinari tamb\u00e9 va donar compte de l\u2019informe d\u2019intervenci\u00f3 de compliment del pla de reducci\u00f3 de deute.<\/span><\/p>\n<hr \/>\n<p style=\"text-align: justify;\"><span style=\"color: #000000;\">CASTELLANO | El Pleno extraordinario celebrado este lunes 4 de junio en el Ayuntamiento de la Bisbal del Pened\u00e8s ha aprobado, inicialmente, la modificaci\u00f3n de cr\u00e9dito con los votos a favor del PDeCat (5), la abstenci\u00f3n del PSC (1) y los votos en contra de ERC (4).<\/span><\/p>\n<p style=\"text-align: justify;\"><span style=\"color: #000000;\">El Pleno extraordinario del pasado 10 de mayo del 2018 aprob\u00f3 la liquidaci\u00f3n del ejercicio 2017. El Ayuntamiento de la Bisbal tiene ahora un super\u00e1vit libre de\u00a0645.408,24\u20ac para distribuir, gracias a la buena gesti\u00f3n y el cumplimiento de todos los requisitos que fija la Ley Org\u00e1nica 2\/2012 del 27 de abril de estabilidad presupuestaria y sostenibilidad financiera:<\/span><\/p>\n<p style=\"padding-left: 30px; text-align: justify;\"><span style=\"color: #000000;\">-Estabilidad presupuestaria positiva<\/span><\/p>\n<p style=\"padding-left: 30px; text-align: justify;\"><span style=\"color: #000000;\">-Remanente de tesorer\u00eda positivo<\/span><\/p>\n<p style=\"padding-left: 30px; text-align: justify;\"><span style=\"color: #000000;\">-Ratio de endeudamiento del 39,25% (el l\u00edmite m\u00e1ximo es del 110% y el Ayuntamiento lo cumple desde el 2016)<\/span><\/p>\n<p style=\"padding-left: 30px; text-align: justify;\"><span style=\"color: #000000;\">-Periodo Medio de Pago de 28,28 d\u00edas (el m\u00e1ximo son 30 d\u00edas y el Ayuntamiento lo cumple desde el 2016)<\/span><\/p>\n<p style=\"text-align: justify;\"><span style=\"color: #000000;\">El super\u00e1vit libre solo se puede destinar a reducir la deuda i a los supuestos que marca el Real Decreto Ley 1\/2018, de 23 de marzo. La propuesta que se ha aprobado en el Pleno este lunes 5 de junio es la de destinar 462.298,50\u20ac a las siguientes propuestas:<\/span><\/p>\n<p style=\"text-align: justify;\"><span style=\"color: #000000;\">-Inversiones de mejora en la red de agua (173.062&#8217;78\u20ac). Se cambiar\u00e1 parte de la red de agua del Papagai, se soterrar\u00e1 el tubo provisional de la calle Teruel del Priorato de la Bisbal, se instalar\u00e1n contadores de control en los pozos de agua de todo el municipio, se finalizar\u00e1 la parte exterior del pozo del Esplai y se pondr\u00e1 en funcionamiento este pozo.<\/span><\/p>\n<p style=\"padding-left: 30px; text-align: justify;\"><span style=\"color: #000000;\"><strong>-Franjas Forestales (18.000\u20ac)<\/strong>. Se sumar\u00e1 este importe a la inversi\u00f3n de m\u00e1s de 15.000\u20ac anuales que ha hecho el Ayuntamiento en esta legislatura.<\/span><\/p>\n<p style=\"padding-left: 30px; text-align: justify;\"><span style=\"color: #000000;\"><strong>-Renovaci\u00f3n de los vestuarios del campo de futbol (24.759&#8217;55\u20ac)<\/strong>. Cuando se hizo el nuevo campo de f\u00fatbol, no se renovaron los vestuarios. En el presupuesto del 2018 hab\u00eda una partida de 10.000\u20ac destinada a esta obra y ahora se suma esta cantidad para poder asumir el precio del proyecto definitivo.\u00a0<\/span><\/p>\n<p style=\"padding-left: 30px; text-align: justify;\"><span style=\"color: #000000;\"><strong>-Importe necesario para finalizar la primera fase de las obras del Polideportivo Municipal (81.476&#8217;17\u20ac).<\/strong> La primera fase del proyecto del Polideportivo Municipal, que incluye los vestuarios de nueva construcci\u00f3n, se financia con fondos poropios previstos en el presupuesto 2018, la subvenci\u00f3n del PAM de la Diputaci\u00f3n de Tarragona y estos 81.476&#8217;17\u20ac.<\/span><\/p>\n<p style=\"padding-left: 30px; text-align: justify;\"><span style=\"color: #000000;\"><strong>-Compra y adecuaci\u00f3n de un edificio para la brigada municipal (165.000\u20ac)<\/strong>. Actualmente el Ayuntamiento tiene alquilada una nave en el t\u00e9rmino municipal de Santa Oliva con un contrato de alquiler que finaliza a finales de este a\u00f1o. Ahora el Ayuntamiento quiere adquirir un espacio que permita el uso para la brigada y tambi\u00e9n como almac\u00e9n municipal.<\/span><\/p>\n<p style=\"text-align: justify;\"><span style=\"color: #000000;\">Pr\u00f3ximamente, en otro Pleno, se destinar\u00e1 el resto del super\u00e1vit a otras inversiones.<\/span><\/p>\n<p style=\"text-align: justify;\"><span style=\"color: #000000;\">El Pleno extraordinario tambi\u00e9n dio cuenta del informe de intervenci\u00f3n de cumplimiento del plan de reducci\u00f3n de deuda.<\/span><\/p>\n<p>&nbsp;<\/p>\n<p>&nbsp;<\/p>\n<p>&nbsp;<\/p>\n","protected":false},"excerpt":{"rendered":"<p>El Ple extraordinari celebrat aquest dilluns 4 de juny a l\u2019Ajuntament de la Bisbal del Pened\u00e8s ha aprovat, inicialment, la modificaci\u00f3 de cr\u00e8dit amb els vots a favor del PdeCat &hellip; <a href=\"https:\/\/bisbalpenedes.com\/web\/2018\/06\/05\/el-ple-de-lajuntament-de-la-bisbal-del-penedes-aprova-la-destinacio-de-part-del-superavit\/\" class=\"more-link\">Read More<\/a><\/p>\n","protected":false},"author":4,"featured_media":5943,"comment_status":"closed","ping_status":"closed","sticky":false,"template":"","format":"standard","meta":[],"categories":[8],"tags":[156,1914,139,1767,204,1768,1518],"_links":{"self":[{"href":"https:\/\/bisbalpenedes.com\/web\/wp-json\/wp\/v2\/posts\/5941"}],"collection":[{"href":"https:\/\/bisbalpenedes.com\/web\/wp-json\/wp\/v2\/posts"}],"about":[{"href":"https:\/\/bisbalpenedes.com\/web\/wp-json\/wp\/v2\/types\/post"}],"author":[{"embeddable":true,"href":"https:\/\/bisbalpenedes.com\/web\/wp-json\/wp\/v2\/users\/4"}],"replies":[{"embeddable":true,"href":"https:\/\/bisbalpenedes.com\/web\/wp-json\/wp\/v2\/comments?post=5941"}],"version-history":[{"count":3,"href":"https:\/\/bisbalpenedes.com\/web\/wp-json\/wp\/v2\/posts\/5941\/revisions"}],"predecessor-version":[{"id":5955,"href":"https:\/\/bisbalpenedes.com\/web\/wp-json\/wp\/v2\/posts\/5941\/revisions\/5955"}],"wp:featuredmedia":[{"embeddable":true,"href":"https:\/\/bisbalpenedes.com\/web\/wp-json\/wp\/v2\/media\/5943"}],"wp:attachment":[{"href":"https:\/\/bisbalpenedes.com\/web\/wp-json\/wp\/v2\/media?parent=5941"}],"wp:term":[{"taxonomy":"category","embeddable":true,"href":"https:\/\/bisbalpenedes.com\/web\/wp-json\/wp\/v2\/categories?post=5941"},{"taxonomy":"post_tag","embeddable":true,"href":"https:\/\/bisbalpenedes.com\/web\/wp-json\/wp\/v2\/tags?post=5941"}],"curies":[{"name":"wp","href":"https:\/\/api.w.org\/{rel}","templated":true}]}}