{"id":5939,"date":"2018-06-05T09:50:11","date_gmt":"2018-06-05T08:50:11","guid":{"rendered":"http:\/\/bisbalpenedes.com\/web\/?p=5939"},"modified":"2018-06-05T09:50:11","modified_gmt":"2018-06-05T08:50:11","slug":"lajuntament-informa-que-hi-ha-dues-licitacions-obertes","status":"publish","type":"post","link":"https:\/\/bisbalpenedes.com\/web\/2018\/06\/05\/lajuntament-informa-que-hi-ha-dues-licitacions-obertes\/","title":{"rendered":"L&#8217;Ajuntament informa que hi ha dues licitacions obertes"},"content":{"rendered":"<div class=\"\" data-block=\"true\" data-editor=\"2fbve\" data-offset-key=\"4qtm1-0-0\">\n<div class=\"_1mf _1mj\" data-offset-key=\"4qtm1-0-0\"><span style=\"color: #000000;\" data-offset-key=\"4qtm1-0-0\"><span data-text=\"true\">L&#8217;Ajuntament de la Bisbal del Pened\u00e8s informa que estan obertes les licitacions de:<\/span><\/span><\/div>\n<\/div>\n<div class=\"\" data-block=\"true\" data-editor=\"2fbve\" data-offset-key=\"6lptf-0-0\">\n<div class=\"_1mf _1mj\" data-offset-key=\"6lptf-0-0\"><span style=\"color: #000000;\" data-offset-key=\"6lptf-0-0\">\u00a0<\/span><\/div>\n<\/div>\n<div class=\"\" data-block=\"true\" data-editor=\"2fbve\" data-offset-key=\"a84jr-0-0\">\n<div class=\"_1mf _1mj\" data-offset-key=\"a84jr-0-0\"><span style=\"color: #000000;\"><span class=\"_3gl1 _5zz4\" data-offset-key=\"a84jr-0-0\"><span class=\"_ncl\">\u27a1<\/span><\/span><span data-offset-key=\"a84jr-1-0\"><span data-text=\"true\">Subministrament de contenidors de la fracci\u00f3 org\u00e0nica de residus municipals (FORM) de 240 litres, cubells de FORM de 10 litres, bosses compostables de 10 litres, instal\u00b7laci\u00f3 fixa contenidors de 240 litres i campanya de comunicaci\u00f3<\/span><\/span><\/span><\/div>\n<\/div>\n<div class=\"\" data-block=\"true\" data-editor=\"2fbve\" data-offset-key=\"5b7lp-0-0\">\n<div class=\"_1mf _1mj\" data-offset-key=\"5b7lp-0-0\"><span style=\"color: #000000;\" data-offset-key=\"5b7lp-0-0\">\u00a0<\/span><\/div>\n<\/div>\n<div class=\"\" data-block=\"true\" data-editor=\"2fbve\" data-offset-key=\"3mq7d-0-0\">\n<div class=\"_1mf _1mj\" data-offset-key=\"3mq7d-0-0\"><span style=\"color: #000000;\"><span class=\"_3gl1 _5zz4\" data-offset-key=\"3mq7d-0-0\"><span class=\"_ncl\">\u27a1<\/span><\/span><span data-offset-key=\"3mq7d-1-0\"><span data-text=\"true\">Desbrossament i manteniment de voreres de les Urbanitzacions Can Gordei, Priorat, l&#8217;Esplai, La Masieta i Santa Cristina.<\/span><\/span><\/span><\/div>\n<\/div>\n<div class=\"\" data-block=\"true\" data-editor=\"2fbve\" data-offset-key=\"ch8dm-0-0\">\n<div class=\"_1mf _1mj\" data-offset-key=\"ch8dm-0-0\"><span style=\"color: #000000;\" data-offset-key=\"ch8dm-0-0\">\u00a0<\/span><\/div>\n<\/div>\n<div class=\"\" data-block=\"true\" data-editor=\"2fbve\" data-offset-key=\"7gi36-0-0\">\n<div class=\"_1mf _1mj\" data-offset-key=\"7gi36-0-0\"><span style=\"color: #000000;\" data-offset-key=\"7gi36-0-0\"><span data-text=\"true\">Enlla\u00e7 als anuncis: <a style=\"color: #000000;\" href=\"https:\/\/contractaciopublica.gencat.cat\/ecofin_pscp\/AppJava\/notice.pscp?reqCode=searchCn&amp;idCap=31849028\" target=\"_blank\">https:\/\/contractaciopublica.gencat.cat\/ecofin_pscp\/AppJava\/notice.pscp?reqCode=searchCn&amp;idCap=31849028 <\/a><\/span><\/span><\/div>\n<\/div>\n<div class=\"\" data-block=\"true\" data-editor=\"2fbve\" data-offset-key=\"5mcjn-0-0\">\n<div class=\"_1mf _1mj\" data-offset-key=\"5mcjn-0-0\"><span style=\"color: #000000;\" data-offset-key=\"5mcjn-0-0\">\u00a0<\/span><\/div>\n<\/div>\n<div class=\"\" data-block=\"true\" data-editor=\"2fbve\" data-offset-key=\"9de3v-0-0\">\n<div class=\"_1mf _1mj\" data-offset-key=\"9de3v-0-0\">\n<hr \/>\n<p><span style=\"color: #000000;\" data-offset-key=\"9de3v-0-0\"><span data-text=\"true\"><br \/>\n<\/span><\/span><\/div>\n<\/div>\n<div class=\"\" data-block=\"true\" data-editor=\"2fbve\" data-offset-key=\"f5dah-0-0\">\n<div class=\"_1mf _1mj\" data-offset-key=\"f5dah-0-0\"><span style=\"color: #000000;\">CASTELLANO | El Ayuntamiento de la Bisbal del Pened\u00e8s informa de que est\u00e1n abiertas las licitaciones de:<\/span><\/div>\n<\/div>\n<div class=\"\" data-block=\"true\" data-editor=\"2fbve\" data-offset-key=\"424j7-0-0\">\n<div class=\"_1mf _1mj\" data-offset-key=\"424j7-0-0\"><span style=\"color: #000000;\" data-offset-key=\"424j7-0-0\">\u00a0<\/span><\/div>\n<\/div>\n<div class=\"\" data-block=\"true\" data-editor=\"2fbve\" data-offset-key=\"11ah-0-0\">\n<div class=\"_1mf _1mj\" data-offset-key=\"11ah-0-0\"><span style=\"color: #000000;\"><span class=\"_3gl1 _5zz4\" data-offset-key=\"11ah-0-0\"><span class=\"_ncl\">\u27a1<\/span><\/span><span data-offset-key=\"11ah-1-0\"><span data-text=\"true\">Suministro de contenedores de fracci\u00f3n org\u00e1nica de residuos municipales (FORM) de 240 litros, cubos de FORM de 10 litros, bolsas compostables de 10 litros, instalaci\u00f3n fija de contenedores de 240 litros y campa\u00f1a de comunicaci\u00f3n.<\/span><\/span><\/span><\/div>\n<\/div>\n<div class=\"\" data-block=\"true\" data-editor=\"2fbve\" data-offset-key=\"agvfc-0-0\">\n<div class=\"_1mf _1mj\" data-offset-key=\"agvfc-0-0\"><span style=\"color: #000000;\" data-offset-key=\"agvfc-0-0\">\u00a0<\/span><\/div>\n<\/div>\n<div class=\"\" data-block=\"true\" data-editor=\"2fbve\" data-offset-key=\"6vog9-0-0\">\n<div class=\"_1mf _1mj\" data-offset-key=\"6vog9-0-0\"><span style=\"color: #000000;\"><span class=\"_3gl1 _5zz4\" data-offset-key=\"6vog9-0-0\"><span class=\"_ncl\">\u27a1<\/span><\/span><span data-offset-key=\"6vog9-1-0\"><span data-text=\"true\">Desbrozamiento y mantenimiento de las Urbanizaciones Can Gordei, Priorat, l&#8217;Esplai, La Masieta i Santa Cristina.<\/span><\/span><\/span><\/div>\n<\/div>\n<div class=\"\" data-block=\"true\" data-editor=\"2fbve\" data-offset-key=\"fanvv-0-0\">\n<div class=\"_1mf _1mj\" data-offset-key=\"fanvv-0-0\"><span style=\"color: #000000;\" data-offset-key=\"fanvv-0-0\">\u00a0<\/span><\/div>\n<\/div>\n<div class=\"\" data-block=\"true\" data-editor=\"2fbve\" data-offset-key=\"bbh9e-0-0\">\n<div class=\"_1mf _1mj\" data-offset-key=\"bbh9e-0-0\"><span style=\"color: #000000;\" data-offset-key=\"bbh9e-0-0\"><span data-text=\"true\">Enlace a los anuncios: <a style=\"color: #000000;\" href=\"https:\/\/contractaciopublica.gencat.cat\/ecofin_pscp\/AppJava\/notice.pscp?reqCode=searchCn&amp;idCap=31849028\" target=\"_blank\">https:\/\/contractaciopublica.gencat.cat\/ecofin_pscp\/AppJava\/notice.pscp?reqCode=searchCn&amp;idCap=31849028<\/a><\/span><\/span><\/div>\n<\/div>\n","protected":false},"excerpt":{"rendered":"<p>L&#8217;Ajuntament de la Bisbal del Pened\u00e8s informa que estan obertes les licitacions de: \u00a0 \u27a1Subministrament de contenidors de la fracci\u00f3 org\u00e0nica de residus municipals (FORM) de 240 litres, cubells de &hellip; <a href=\"https:\/\/bisbalpenedes.com\/web\/2018\/06\/05\/lajuntament-informa-que-hi-ha-dues-licitacions-obertes\/\" class=\"more-link\">Read More<\/a><\/p>\n","protected":false},"author":4,"featured_media":4507,"comment_status":"closed","ping_status":"closed","sticky":false,"template":"","format":"standard","meta":[],"categories":[4,32],"tags":[1912,198,1913,625,739,1908,587,1911,424,627,623],"_links":{"self":[{"href":"https:\/\/bisbalpenedes.com\/web\/wp-json\/wp\/v2\/posts\/5939"}],"collection":[{"href":"https:\/\/bisbalpenedes.com\/web\/wp-json\/wp\/v2\/posts"}],"about":[{"href":"https:\/\/bisbalpenedes.com\/web\/wp-json\/wp\/v2\/types\/post"}],"author":[{"embeddable":true,"href":"https:\/\/bisbalpenedes.com\/web\/wp-json\/wp\/v2\/users\/4"}],"replies":[{"embeddable":true,"href":"https:\/\/bisbalpenedes.com\/web\/wp-json\/wp\/v2\/comments?post=5939"}],"version-history":[{"count":1,"href":"https:\/\/bisbalpenedes.com\/web\/wp-json\/wp\/v2\/posts\/5939\/revisions"}],"predecessor-version":[{"id":5940,"href":"https:\/\/bisbalpenedes.com\/web\/wp-json\/wp\/v2\/posts\/5939\/revisions\/5940"}],"wp:featuredmedia":[{"embeddable":true,"href":"https:\/\/bisbalpenedes.com\/web\/wp-json\/wp\/v2\/media\/4507"}],"wp:attachment":[{"href":"https:\/\/bisbalpenedes.com\/web\/wp-json\/wp\/v2\/media?parent=5939"}],"wp:term":[{"taxonomy":"category","embeddable":true,"href":"https:\/\/bisbalpenedes.com\/web\/wp-json\/wp\/v2\/categories?post=5939"},{"taxonomy":"post_tag","embeddable":true,"href":"https:\/\/bisbalpenedes.com\/web\/wp-json\/wp\/v2\/tags?post=5939"}],"curies":[{"name":"wp","href":"https:\/\/api.w.org\/{rel}","templated":true}]}}