{"id":5928,"date":"2018-05-31T16:51:13","date_gmt":"2018-05-31T15:51:13","guid":{"rendered":"http:\/\/bisbalpenedes.com\/web\/?p=5928"},"modified":"2018-09-01T10:40:09","modified_gmt":"2018-09-01T09:40:09","slug":"la-regidoria-de-medi-ambient-de-la-bisbal-vol-millorar-la-recollida-de-materia-organica-al-municipi","status":"publish","type":"post","link":"https:\/\/bisbalpenedes.com\/web\/2018\/05\/31\/la-regidoria-de-medi-ambient-de-la-bisbal-vol-millorar-la-recollida-de-materia-organica-al-municipi\/","title":{"rendered":"La Regidoria de Medi Ambient de la Bisbal vol millorar la recollida de mat\u00e8ria org\u00e0nica al municipi"},"content":{"rendered":"<p><span style=\"color: #000000;\">La Junta de Govern Local ha aprovat un procediment per contractar 50 contenidors de fracci\u00f3 org\u00e0nica (FORM-Fracci\u00f3 Org\u00e0nica dels Residus Municipals) de 240l, fixadors per als contenidors, 1.900 cubells de <em>form<\/em> de 10l, 4.000 paquets de 30 bosses compostables de 10l i una campanya de comunicaci\u00f3.<\/span><\/p>\n<p style=\"text-align: justify;\"><span style=\"color: #000000;\">L\u2019objectiu de la Regidoria de Medi Ambient de l\u2019Ajuntament de la Bisbal del Pened\u00e8s \u00e9s millorar la recollida de mat\u00e8ria org\u00e0nica fora del nucli i, per aix\u00f2, dur\u00e0 a terme una campanya informativa i de conscienciaci\u00f3 al Priorat, la Miralba, Can Gordei, l\u2019Esplai, la Masieta, l\u2019Ortig\u00f3s i el Papagai, que s\u00f3n les zones on es destinar\u00e0 tamb\u00e9 tot el material adquirit per millorar el reciclatge a les urbanitzacions.<\/span><\/p>\n<p style=\"text-align: justify;\"><span style=\"color: #000000;\">En aquesta campanya no s\u2019inclouen el nucli i Santa Cristina. El nucli perqu\u00e8 ja recull la mat\u00e8ria org\u00e0nica de forma separada i Santa Cristina perqu\u00e8 qui gestiona el servei de recollida d\u2019escombraries en aquesta urbanitzaci\u00f3 \u00e9s l\u2019Ajuntament de Rodony\u00e0.<\/span><\/p>\n<p style=\"text-align: justify;\"><span style=\"color: #000000;\">L\u2019import d\u2019aquesta licitaci\u00f3 ser\u00e0 de 43.166,75\u20ac (IVA incl\u00f2s).<\/span><\/p>\n<hr \/>\n<p style=\"text-align: justify;\"><span style=\"color: #000000;\"><strong>CASTELLANO<\/strong> | La Junta de Gobierno Local ha aprobado un procedimiento para contratar 50 contenedores de fracci\u00f3n org\u00e1nica (FORM-Fracci\u00f3n Org\u00e1nica de los Residuos Municipales) de 240l, fijadores para los contenedores, 1.900 cubos de <em>form<\/em> de 10l, 4.000 paquetes de 30 bolsas compostables de 10l y una campa\u00f1a de comunicaci\u00f3n.<\/span><\/p>\n<p style=\"text-align: justify;\"><span style=\"color: #000000;\">El objetivo de la Regidoria de Medio Ambiente del Ayuntamiento de la Bisbal del Pened\u00e8s es mejorar la recogida de materia org\u00e1nica fuera del n\u00facleo y, por eso, se llevar\u00e1 a cabo una campa\u00f1a informativa de concienciaci\u00f3n en el Priorat, la Miralba, Can Gordei, l&#8217;Esplai, la Masieta, l&#8217;Ortig\u00f3s y el Papagai, que son las zonas donde se destinar\u00e1 tambi\u00e9n todo el material adquirido para mejorar el reciclaje en las urbanizaciones.<\/span><\/p>\n<p style=\"text-align: justify;\"><span style=\"color: #000000;\">En esta campa\u00f1a no se incluyen el n\u00facleo y Santa Cristina. El n\u00facleo porque recoge la materia org\u00e1nica de forma separada y Santa Cristina porqu\u00e9 quien gestiona el servicio de recogida de basuras en esta urbanizaci\u00f3n es el Ayuntamiento de Rodony\u00e0.<\/span><\/p>\n<p style=\"text-align: justify;\"><span style=\"color: #000000;\">El importe de esta licitaci\u00f3n ser\u00e1 de 43.166,75\u20ac (IVA inlcuido).<\/span><\/p>\n","protected":false},"excerpt":{"rendered":"<p>La Junta de Govern Local ha aprovat un procediment per contractar 50 contenidors de fracci\u00f3 org\u00e0nica (FORM-Fracci\u00f3 Org\u00e0nica dels Residus Municipals) de 240l, fixadors per als contenidors, 1.900 cubells de &hellip; <a href=\"https:\/\/bisbalpenedes.com\/web\/2018\/05\/31\/la-regidoria-de-medi-ambient-de-la-bisbal-vol-millorar-la-recollida-de-materia-organica-al-municipi\/\" class=\"more-link\">Read More<\/a><\/p>\n","protected":false},"author":4,"featured_media":5930,"comment_status":"closed","ping_status":"closed","sticky":false,"template":"","format":"standard","meta":[],"categories":[32],"tags":[77,438,1910,1908,1907,1909,452],"_links":{"self":[{"href":"https:\/\/bisbalpenedes.com\/web\/wp-json\/wp\/v2\/posts\/5928"}],"collection":[{"href":"https:\/\/bisbalpenedes.com\/web\/wp-json\/wp\/v2\/posts"}],"about":[{"href":"https:\/\/bisbalpenedes.com\/web\/wp-json\/wp\/v2\/types\/post"}],"author":[{"embeddable":true,"href":"https:\/\/bisbalpenedes.com\/web\/wp-json\/wp\/v2\/users\/4"}],"replies":[{"embeddable":true,"href":"https:\/\/bisbalpenedes.com\/web\/wp-json\/wp\/v2\/comments?post=5928"}],"version-history":[{"count":4,"href":"https:\/\/bisbalpenedes.com\/web\/wp-json\/wp\/v2\/posts\/5928\/revisions"}],"predecessor-version":[{"id":6911,"href":"https:\/\/bisbalpenedes.com\/web\/wp-json\/wp\/v2\/posts\/5928\/revisions\/6911"}],"wp:featuredmedia":[{"embeddable":true,"href":"https:\/\/bisbalpenedes.com\/web\/wp-json\/wp\/v2\/media\/5930"}],"wp:attachment":[{"href":"https:\/\/bisbalpenedes.com\/web\/wp-json\/wp\/v2\/media?parent=5928"}],"wp:term":[{"taxonomy":"category","embeddable":true,"href":"https:\/\/bisbalpenedes.com\/web\/wp-json\/wp\/v2\/categories?post=5928"},{"taxonomy":"post_tag","embeddable":true,"href":"https:\/\/bisbalpenedes.com\/web\/wp-json\/wp\/v2\/tags?post=5928"}],"curies":[{"name":"wp","href":"https:\/\/api.w.org\/{rel}","templated":true}]}}